{"id":18480,"date":"2024-06-03T13:55:43","date_gmt":"2024-06-03T13:55:43","guid":{"rendered":"https:\/\/face.unt.edu.ar\/web\/?p=18480"},"modified":"2024-06-03T13:57:05","modified_gmt":"2024-06-03T13:57:05","slug":"se-realizara-la-asamblea-general-ordinaria-de-la-asociacion-cooperadora-de-la-facultad","status":"publish","type":"post","link":"https:\/\/face.unt.edu.ar\/web\/blog\/se-realizara-la-asamblea-general-ordinaria-de-la-asociacion-cooperadora-de-la-facultad\/","title":{"rendered":"Se realizar\u00e1 la Asamblea General Ordinaria de la Asociaci\u00f3n Cooperadora de la Facultad"},"content":{"rendered":"<div dir=\"auto\">\n<p>El pr\u00f3ximo <strong>mi\u00e9rcoles 05 de junio<\/strong> del corriente a\u00f1o, a las <strong>18:00 horas<\/strong>, se llevar\u00e1 a cabo la <strong>Asamblea General Ordinaria de la Asociaci\u00f3n Cooperadora de la Facultad de Ciencias Econ\u00f3micas de la UNT<\/strong>, en la <strong>Sala del Honorable Consejo Directivo<\/strong>, para tratar el siguiente Orden del d\u00eda:<\/p>\n<p>1- Designaci\u00f3n de dos asociados para suscribir el Acta.<\/p>\n<p>2- Consideraci\u00f3n y justificaci\u00f3n de los motivos de la demora del llamado a Asamblea<\/p>\n<p>3- Consideraci\u00f3n de la Memoria, Inventario, Estados Contables, Dictamen del Auditor e Informe de la comisi\u00f3n Revisora de Cuentas por el ejercicio finalizado el 31\/3\/2023.<\/p>\n<p>De acuerdo al Art. 31 del Estatuto, la Asamblea sesionar\u00e1 v\u00e1lidamente media hora despu\u00e9s de fijada en la convocatoria, con el n\u00famero de asociados presentes.<\/p>\n<p>&nbsp;<\/p>\n<\/div>\n<div dir=\"auto\"><\/div>\n<div dir=\"auto\"><\/div>\n","protected":false},"excerpt":{"rendered":"<p>El pr\u00f3ximo mi\u00e9rcoles 05 de junio del corriente a\u00f1o, a las 18:00 horas, se llevar\u00e1 a cabo la Asamblea General Ordinaria de la Asociaci\u00f3n Cooperadora de la Facultad de Ciencias Econ\u00f3micas de la UNT, en la Sala del Honorable Consejo Directivo, para tratar el siguiente Orden del d\u00eda: 1- Designaci\u00f3n de dos asociados para suscribir [&hellip;]<\/p>\n","protected":false},"author":2,"featured_media":9902,"comment_status":"closed","ping_status":"closed","sticky":false,"template":"","format":"standard","meta":{"_et_pb_use_builder":"","_et_pb_old_content":"","_et_gb_content_width":"","footnotes":""},"categories":[4],"tags":[],"_links":{"self":[{"href":"https:\/\/face.unt.edu.ar\/web\/wp-json\/wp\/v2\/posts\/18480"}],"collection":[{"href":"https:\/\/face.unt.edu.ar\/web\/wp-json\/wp\/v2\/posts"}],"about":[{"href":"https:\/\/face.unt.edu.ar\/web\/wp-json\/wp\/v2\/types\/post"}],"author":[{"embeddable":true,"href":"https:\/\/face.unt.edu.ar\/web\/wp-json\/wp\/v2\/users\/2"}],"replies":[{"embeddable":true,"href":"https:\/\/face.unt.edu.ar\/web\/wp-json\/wp\/v2\/comments?post=18480"}],"version-history":[{"count":2,"href":"https:\/\/face.unt.edu.ar\/web\/wp-json\/wp\/v2\/posts\/18480\/revisions"}],"predecessor-version":[{"id":18482,"href":"https:\/\/face.unt.edu.ar\/web\/wp-json\/wp\/v2\/posts\/18480\/revisions\/18482"}],"wp:featuredmedia":[{"embeddable":true,"href":"https:\/\/face.unt.edu.ar\/web\/wp-json\/wp\/v2\/media\/9902"}],"wp:attachment":[{"href":"https:\/\/face.unt.edu.ar\/web\/wp-json\/wp\/v2\/media?parent=18480"}],"wp:term":[{"taxonomy":"category","embeddable":true,"href":"https:\/\/face.unt.edu.ar\/web\/wp-json\/wp\/v2\/categories?post=18480"},{"taxonomy":"post_tag","embeddable":true,"href":"https:\/\/face.unt.edu.ar\/web\/wp-json\/wp\/v2\/tags?post=18480"}],"curies":[{"name":"wp","href":"https:\/\/api.w.org\/{rel}","templated":true}]}}