{"id":18702,"date":"2024-06-24T16:05:56","date_gmt":"2024-06-24T16:05:56","guid":{"rendered":"https:\/\/face.unt.edu.ar\/web\/?p=18702"},"modified":"2024-06-24T20:42:56","modified_gmt":"2024-06-24T20:42:56","slug":"el-dr-jose-bercof-hablo-sobre-la-economia-actual-y-sobre-el-iveco-en-nuestro-programa-con-valor-agregado","status":"publish","type":"post","link":"https:\/\/face.unt.edu.ar\/web\/blog\/el-dr-jose-bercof-hablo-sobre-la-economia-actual-y-sobre-el-iveco-en-nuestro-programa-con-valor-agregado\/","title":{"rendered":"El Dr. Jos\u00e9 Bercof habl\u00f3 sobre la econom\u00eda actual y sobre el INVECO en nuestro programa Con Valor Agregado"},"content":{"rendered":"<p>El <strong>Dr. Jos\u00e9 Bercof<\/strong> estuvo en el programa de radio de nuestra <strong>Facultad de Ciencias Econ\u00f3micas de la UNT<\/strong>, <strong>Con Valor Agregado<\/strong>, en una entrevista en la que abord\u00f3 temas de la econom\u00eda argentina y el presente del <strong>INVECO<\/strong> (<strong>Instituto de Investigaciones Econ\u00f3micas<\/strong>).<\/p>\n<p>En la primera parte de la entrevista, el Dr. Bercof fue consultado sobre las medidas econ\u00f3micas actuales, la inflaci\u00f3n, el ajuste fiscal, los\u00a0impuestos,\u00a0la quita de subsidios a los servicios, la moratoria previsional, las condiciones para inversiones y el Pacto de Mayo.<\/p>\n<p>\u201cLa situaci\u00f3n que vive el pa\u00eds era un desenlace ya previsto o conocido (por la profesi\u00f3n) que \u00edbamos a tener que pasar tarde o temprano. Pensamos que lo que pas\u00f3 el a\u00f1o pasado en la Argentina con altos niveles de inflaci\u00f3n y niveles de gasto estrafalarios, hac\u00edan que fuera imprescindible un ajuste. Y ese ajuste, si bien es necesario y nos va a llevar, si finalmente se logra consolidar, a mejores estados econ\u00f3micos, claramente en el corto plazo llevan a esta situaci\u00f3n de penuria general, de baja de poder de compra de los salarios, de aumento del desempleo, o de hecho, las nuevas estimaciones de los organismos internacionales hablan de una ca\u00edda del 3,5 % de la econom\u00eda este a\u00f1o, para reci\u00e9n el a\u00f1o que viene remontar alrededor del 5%&#8230; Lo que s\u00ed, como una palabra de aliento, finalmente se est\u00e1 poniendo \u00e9nfasis en los problemas reales que tiene el pa\u00eds y ese problema real es el d\u00e9ficit, un d\u00e9ficit fiscal que nos acompa\u00f1a desde hace 70 a\u00f1os\u201d, expres\u00f3 el Dr. Bercof.<\/p>\n<p>Por otro lado, en la segunda parte del programa, habl\u00f3 sobre la historia y los lineamientos que gu\u00edan hoy al INVECO, se refiri\u00f3 a la tradici\u00f3n en formaci\u00f3n y en investigaci\u00f3n, a la pol\u00edtica de los padres fundadores de impartir que los estudiantes y\/o graduados viajen al exterior y habl\u00f3 de la Licenciatura en Econom\u00eda.<\/p>\n<p>\u201cNosotros somos muy implacables en cuanto a la rigurosidad de los m\u00e9todos de estudio, pero al mismo tiempo exigimos lo que ense\u00f1amos. De hecho, este mismo profesor que yo les mencionaba, el Dr. Cordom\u00ed, sol\u00eda decir que est\u00e1bamos para evaluar no tiernas emboscadas, y nosotros ponemos mucho cari\u00f1o a nuestra tarea y tenemos una respuesta muy buena por parte de nuestros alumnos, pero si uno est\u00e1 motivado, el trabajo viene solo, s\u00ed uno necesita muchas horas de dedicaci\u00f3n como en cualquier cosa en la cual uno quiere ser bueno en la vida, tiene que ponerle dedicaci\u00f3n, empe\u00f1o, esmero. Horas de trabajo y el resultado se ve. Se ve con los graduados, se ve con nuestra dedicaci\u00f3n y se ve no en un caso aislado. El promedio de nuestros alumnos ha sido muy bueno y sigue siendo bueno porque entienden cu\u00e1l es la mec\u00e1nica. La mec\u00e1nica es estudiar, dedicarse y si a uno le gusta lo que hace, el resultado viene solo\u201d, finaliz\u00f3 el Dr. Bercof.<\/p>\n<p>*El Dr. Jos\u00e9 Bercof es docente de nuestra Facultad y director del Instituto de Investigaciones Econ\u00f3micas de la FACE.<\/p>\n<p>*Con Valor Agregado se emite por Radio Universidad FM 94.7, los mi\u00e9rcoles de 19 a 20 horas.<\/p>\n<p><iframe loading=\"lazy\" title=\"Dr. Jos\u00e9 Bercof: An\u00e1lisis de la econom\u00eda actual\" width=\"1080\" height=\"608\" src=\"https:\/\/www.youtube.com\/embed\/UjS126igh1U?feature=oembed\"  allow=\"accelerometer; autoplay; clipboard-write; encrypted-media; gyroscope; picture-in-picture; web-share\" referrerpolicy=\"strict-origin-when-cross-origin\" allowfullscreen><\/iframe><\/p>\n<p><iframe loading=\"lazy\" title=\"Dr. Jos\u00e9 Bercof: tradici\u00f3n acad\u00e9mica y de investigaci\u00f3n en el INVECO\" width=\"1080\" height=\"608\" src=\"https:\/\/www.youtube.com\/embed\/m2sE_yZ5dC4?feature=oembed\"  allow=\"accelerometer; autoplay; clipboard-write; encrypted-media; gyroscope; picture-in-picture; web-share\" referrerpolicy=\"strict-origin-when-cross-origin\" allowfullscreen><\/iframe><\/p>\n<p>&nbsp;<\/p>\n","protected":false},"excerpt":{"rendered":"<p>El Dr. Jos\u00e9 Bercof estuvo en el programa de radio de nuestra Facultad de Ciencias Econ\u00f3micas de la UNT, Con Valor Agregado, en una entrevista en la que abord\u00f3 temas de la econom\u00eda argentina y el presente del INVECO (Instituto de Investigaciones Econ\u00f3micas). En la primera parte de la entrevista, el Dr. Bercof fue consultado [&hellip;]<\/p>\n","protected":false},"author":2,"featured_media":18706,"comment_status":"closed","ping_status":"closed","sticky":false,"template":"","format":"standard","meta":{"_et_pb_use_builder":"","_et_pb_old_content":"","_et_gb_content_width":"","footnotes":""},"categories":[4],"tags":[],"_links":{"self":[{"href":"https:\/\/face.unt.edu.ar\/web\/wp-json\/wp\/v2\/posts\/18702"}],"collection":[{"href":"https:\/\/face.unt.edu.ar\/web\/wp-json\/wp\/v2\/posts"}],"about":[{"href":"https:\/\/face.unt.edu.ar\/web\/wp-json\/wp\/v2\/types\/post"}],"author":[{"embeddable":true,"href":"https:\/\/face.unt.edu.ar\/web\/wp-json\/wp\/v2\/users\/2"}],"replies":[{"embeddable":true,"href":"https:\/\/face.unt.edu.ar\/web\/wp-json\/wp\/v2\/comments?post=18702"}],"version-history":[{"count":3,"href":"https:\/\/face.unt.edu.ar\/web\/wp-json\/wp\/v2\/posts\/18702\/revisions"}],"predecessor-version":[{"id":18711,"href":"https:\/\/face.unt.edu.ar\/web\/wp-json\/wp\/v2\/posts\/18702\/revisions\/18711"}],"wp:featuredmedia":[{"embeddable":true,"href":"https:\/\/face.unt.edu.ar\/web\/wp-json\/wp\/v2\/media\/18706"}],"wp:attachment":[{"href":"https:\/\/face.unt.edu.ar\/web\/wp-json\/wp\/v2\/media?parent=18702"}],"wp:term":[{"taxonomy":"category","embeddable":true,"href":"https:\/\/face.unt.edu.ar\/web\/wp-json\/wp\/v2\/categories?post=18702"},{"taxonomy":"post_tag","embeddable":true,"href":"https:\/\/face.unt.edu.ar\/web\/wp-json\/wp\/v2\/tags?post=18702"}],"curies":[{"name":"wp","href":"https:\/\/api.w.org\/{rel}","templated":true}]}}