{"id":19190,"date":"2024-08-23T12:31:00","date_gmt":"2024-08-23T12:31:00","guid":{"rendered":"https:\/\/face.unt.edu.ar\/web\/?p=19190"},"modified":"2024-08-23T12:31:00","modified_gmt":"2024-08-23T12:31:00","slug":"docentes-de-nuestra-facultad-participaron-del-encuentro-de-la-redface-en-la-rioja","status":"publish","type":"post","link":"https:\/\/face.unt.edu.ar\/web\/blog\/docentes-de-nuestra-facultad-participaron-del-encuentro-de-la-redface-en-la-rioja\/","title":{"rendered":"Docentes de nuestra Facultad participaron del Encuentro de la REDFACE en La Rioja"},"content":{"rendered":"<p>Los d\u00edas <strong>15 y 16 de agosto<\/strong> se realiz\u00f3 el <strong>XI Encuentro de Innovaci\u00f3n en la Ense\u00f1anza de las Ciencias Econ\u00f3micas<\/strong> y el <strong>VIII Encuentro de Innovaci\u00f3n en la Ense\u00f1anza con la Red de Facultades de Ciencias Econ\u00f3micas del Norte Argentino (REDFACE)<\/strong>. En esta ocasi\u00f3n, la sede fue el Departamento de Ciencias Sociales, Jur\u00eddicas y Econ\u00f3micas de la <strong>Universidad Nacional de La Rioja.<\/strong><\/p>\n<p>De los encuentros participaron docentes y autoridades de nuestra <strong>Facultad de Ciencias Econ\u00f3micas de la Universidad Nacional de Tucum\u00e1n<\/strong>, quienes presentaron propuestas innovadoras relacionadas a las metodolog\u00edas de ense\u00f1anza y compartieron sus experiencias con docentes de las otras facultades que integran la red: <strong>Catamarca, Jujuy, La Rioja, Salta y Santiago del Estero<\/strong>. Cabe destacar que la mayor\u00eda de los trabajos presentados por los docentes de nuestra Facultad pertenecen a los <strong>Proyectos de Investigaci\u00f3n en Ciencias Econ\u00f3micas (PICE)<\/strong>, realizados en el marco de las pol\u00edticas abordadas por la gesti\u00f3n para potenciar la investigaci\u00f3n y la socializaci\u00f3n del conocimiento de nuestros proyectos Pice.<\/p>\n<p><a href=\"https:\/\/face.unt.edu.ar\/web\/wp-content\/uploads\/2024\/08\/WhatsApp-Image-2024-08-22-at-13.16.09.jpeg\"><img decoding=\"async\" loading=\"lazy\" class=\"wp-image-19192 aligncenter\" src=\"https:\/\/face.unt.edu.ar\/web\/wp-content\/uploads\/2024\/08\/WhatsApp-Image-2024-08-22-at-13.16.09-300x225.jpeg\" alt=\"\" width=\"491\" height=\"368\" srcset=\"https:\/\/face.unt.edu.ar\/web\/wp-content\/uploads\/2024\/08\/WhatsApp-Image-2024-08-22-at-13.16.09-300x225.jpeg 300w, https:\/\/face.unt.edu.ar\/web\/wp-content\/uploads\/2024\/08\/WhatsApp-Image-2024-08-22-at-13.16.09-1024x768.jpeg 1024w, https:\/\/face.unt.edu.ar\/web\/wp-content\/uploads\/2024\/08\/WhatsApp-Image-2024-08-22-at-13.16.09-768x576.jpeg 768w, https:\/\/face.unt.edu.ar\/web\/wp-content\/uploads\/2024\/08\/WhatsApp-Image-2024-08-22-at-13.16.09-80x60.jpeg 80w, https:\/\/face.unt.edu.ar\/web\/wp-content\/uploads\/2024\/08\/WhatsApp-Image-2024-08-22-at-13.16.09-160x120.jpeg 160w, https:\/\/face.unt.edu.ar\/web\/wp-content\/uploads\/2024\/08\/WhatsApp-Image-2024-08-22-at-13.16.09-265x198.jpeg 265w, https:\/\/face.unt.edu.ar\/web\/wp-content\/uploads\/2024\/08\/WhatsApp-Image-2024-08-22-at-13.16.09-530x396.jpeg 530w, https:\/\/face.unt.edu.ar\/web\/wp-content\/uploads\/2024\/08\/WhatsApp-Image-2024-08-22-at-13.16.09-696x522.jpeg 696w, https:\/\/face.unt.edu.ar\/web\/wp-content\/uploads\/2024\/08\/WhatsApp-Image-2024-08-22-at-13.16.09-1068x801.jpeg 1068w, https:\/\/face.unt.edu.ar\/web\/wp-content\/uploads\/2024\/08\/WhatsApp-Image-2024-08-22-at-13.16.09-560x420.jpeg 560w, https:\/\/face.unt.edu.ar\/web\/wp-content\/uploads\/2024\/08\/WhatsApp-Image-2024-08-22-at-13.16.09-1120x840.jpeg 1120w, https:\/\/face.unt.edu.ar\/web\/wp-content\/uploads\/2024\/08\/WhatsApp-Image-2024-08-22-at-13.16.09.jpeg 1280w\" sizes=\"(max-width: 491px) 100vw, 491px\" \/><\/a><\/p>\n<p>Adem\u00e1s, en esta oportunidad se llev\u00f3 a cabo el<strong> Encuentro de Decanos de la REDFACE<\/strong> que tuvo como tema central el <strong>Doctorado en Ciencias Econ\u00f3micas<\/strong>, carrera de posgrado regional que est\u00e1 desarrollando la REDFACE. En esta reuni\u00f3n participaron el <strong>Esp. Gustavo Sota<\/strong>, decano a cargo de nuestra unidad acad\u00e9mica; la <strong>Esp. Gabriela S\u00e1nchez<\/strong>, secretaria de Ciencia, T\u00e9cnica y Posgrado y la <strong>Dra. Myriam De Marco<\/strong>, codirectora del doctorado. Tambi\u00e9n abordaron temas relacionados a movilidad e intercambio docente y estudiantil entre las facultades miembros, y los avances en la <strong>creaci\u00f3n de la revista de la REDFACE<\/strong> donde se acord\u00f3, entre otros aspectos, que cada unidad acad\u00e9mica enviar\u00e1 determinados n\u00fameros de art\u00edculos para su posterior publicaci\u00f3n.<\/p>\n<p><a href=\"https:\/\/face.unt.edu.ar\/web\/wp-content\/uploads\/2024\/08\/WhatsApp-Image-2024-08-19-at-11.26.29.jpeg\"><img decoding=\"async\" loading=\"lazy\" class=\"wp-image-19196 aligncenter\" src=\"https:\/\/face.unt.edu.ar\/web\/wp-content\/uploads\/2024\/08\/WhatsApp-Image-2024-08-19-at-11.26.29-300x169.jpeg\" alt=\"\" width=\"467\" height=\"263\" srcset=\"https:\/\/face.unt.edu.ar\/web\/wp-content\/uploads\/2024\/08\/WhatsApp-Image-2024-08-19-at-11.26.29-300x169.jpeg 300w, https:\/\/face.unt.edu.ar\/web\/wp-content\/uploads\/2024\/08\/WhatsApp-Image-2024-08-19-at-11.26.29-1024x576.jpeg 1024w, https:\/\/face.unt.edu.ar\/web\/wp-content\/uploads\/2024\/08\/WhatsApp-Image-2024-08-19-at-11.26.29-768x432.jpeg 768w, https:\/\/face.unt.edu.ar\/web\/wp-content\/uploads\/2024\/08\/WhatsApp-Image-2024-08-19-at-11.26.29-1536x864.jpeg 1536w, https:\/\/face.unt.edu.ar\/web\/wp-content\/uploads\/2024\/08\/WhatsApp-Image-2024-08-19-at-11.26.29-696x392.jpeg 696w, https:\/\/face.unt.edu.ar\/web\/wp-content\/uploads\/2024\/08\/WhatsApp-Image-2024-08-19-at-11.26.29-1392x783.jpeg 1392w, https:\/\/face.unt.edu.ar\/web\/wp-content\/uploads\/2024\/08\/WhatsApp-Image-2024-08-19-at-11.26.29-1068x601.jpeg 1068w, https:\/\/face.unt.edu.ar\/web\/wp-content\/uploads\/2024\/08\/WhatsApp-Image-2024-08-19-at-11.26.29-747x420.jpeg 747w, https:\/\/face.unt.edu.ar\/web\/wp-content\/uploads\/2024\/08\/WhatsApp-Image-2024-08-19-at-11.26.29-1493x840.jpeg 1493w, https:\/\/face.unt.edu.ar\/web\/wp-content\/uploads\/2024\/08\/WhatsApp-Image-2024-08-19-at-11.26.29.jpeg 1600w\" sizes=\"(max-width: 467px) 100vw, 467px\" \/><\/a><\/p>\n<p>Por otro lado, tuvo lugar una <strong>Mesa de Trabajo de Docentes de Costos del NOA<\/strong> de la que form\u00f3 parte el Esp. Gustavo Sota junto a docentes de La Rioja, Chamical, Catamarca y Santiago del Estero. Esta actividad tuvo por objetivo intercambiar experiencias referidas a los programas de las asignaturas, el dictado de las clases, las metodolog\u00edas de evaluaci\u00f3n y los contenidos que se imparten.<\/p>\n<p>Todas estas actividades se constituyen como jornadas enriquecedoras de di\u00e1logo e intercambio que permiten fortalecer los v\u00ednculos entre las facultades de la REDFACE, promoviendo el crecimiento colectivo y la colaboraci\u00f3n interdisciplinaria, fundamentales para el avance acad\u00e9mico, la innovaci\u00f3n y el desarrollo social.<\/p>\n<p><a href=\"https:\/\/face.unt.edu.ar\/web\/wp-content\/uploads\/2024\/08\/WhatsApp-Image-2024-08-19-at-16.06.16.jpeg\"><img decoding=\"async\" loading=\"lazy\" class=\"alignnone  wp-image-19195\" src=\"https:\/\/face.unt.edu.ar\/web\/wp-content\/uploads\/2024\/08\/WhatsApp-Image-2024-08-19-at-16.06.16-300x225.jpeg\" alt=\"\" width=\"415\" height=\"311\" srcset=\"https:\/\/face.unt.edu.ar\/web\/wp-content\/uploads\/2024\/08\/WhatsApp-Image-2024-08-19-at-16.06.16-300x225.jpeg 300w, https:\/\/face.unt.edu.ar\/web\/wp-content\/uploads\/2024\/08\/WhatsApp-Image-2024-08-19-at-16.06.16-1024x768.jpeg 1024w, https:\/\/face.unt.edu.ar\/web\/wp-content\/uploads\/2024\/08\/WhatsApp-Image-2024-08-19-at-16.06.16-768x576.jpeg 768w, https:\/\/face.unt.edu.ar\/web\/wp-content\/uploads\/2024\/08\/WhatsApp-Image-2024-08-19-at-16.06.16-80x60.jpeg 80w, https:\/\/face.unt.edu.ar\/web\/wp-content\/uploads\/2024\/08\/WhatsApp-Image-2024-08-19-at-16.06.16-160x120.jpeg 160w, https:\/\/face.unt.edu.ar\/web\/wp-content\/uploads\/2024\/08\/WhatsApp-Image-2024-08-19-at-16.06.16-265x198.jpeg 265w, https:\/\/face.unt.edu.ar\/web\/wp-content\/uploads\/2024\/08\/WhatsApp-Image-2024-08-19-at-16.06.16-530x396.jpeg 530w, https:\/\/face.unt.edu.ar\/web\/wp-content\/uploads\/2024\/08\/WhatsApp-Image-2024-08-19-at-16.06.16-696x522.jpeg 696w, https:\/\/face.unt.edu.ar\/web\/wp-content\/uploads\/2024\/08\/WhatsApp-Image-2024-08-19-at-16.06.16-1068x801.jpeg 1068w, https:\/\/face.unt.edu.ar\/web\/wp-content\/uploads\/2024\/08\/WhatsApp-Image-2024-08-19-at-16.06.16-560x420.jpeg 560w, https:\/\/face.unt.edu.ar\/web\/wp-content\/uploads\/2024\/08\/WhatsApp-Image-2024-08-19-at-16.06.16-1120x840.jpeg 1120w, https:\/\/face.unt.edu.ar\/web\/wp-content\/uploads\/2024\/08\/WhatsApp-Image-2024-08-19-at-16.06.16.jpeg 1280w\" sizes=\"(max-width: 415px) 100vw, 415px\" \/><\/a><\/p>\n<p><a href=\"https:\/\/face.unt.edu.ar\/web\/wp-content\/uploads\/2024\/08\/WhatsApp-Image-2024-08-22-at-13.16.10-1.jpeg\"><img decoding=\"async\" loading=\"lazy\" class=\"alignnone  wp-image-19193\" src=\"https:\/\/face.unt.edu.ar\/web\/wp-content\/uploads\/2024\/08\/WhatsApp-Image-2024-08-22-at-13.16.10-1-300x139.jpeg\" alt=\"\" width=\"434\" height=\"201\" srcset=\"https:\/\/face.unt.edu.ar\/web\/wp-content\/uploads\/2024\/08\/WhatsApp-Image-2024-08-22-at-13.16.10-1-300x139.jpeg 300w, https:\/\/face.unt.edu.ar\/web\/wp-content\/uploads\/2024\/08\/WhatsApp-Image-2024-08-22-at-13.16.10-1-1024x473.jpeg 1024w, https:\/\/face.unt.edu.ar\/web\/wp-content\/uploads\/2024\/08\/WhatsApp-Image-2024-08-22-at-13.16.10-1-768x355.jpeg 768w, https:\/\/face.unt.edu.ar\/web\/wp-content\/uploads\/2024\/08\/WhatsApp-Image-2024-08-22-at-13.16.10-1-696x321.jpeg 696w, https:\/\/face.unt.edu.ar\/web\/wp-content\/uploads\/2024\/08\/WhatsApp-Image-2024-08-22-at-13.16.10-1-1068x493.jpeg 1068w, https:\/\/face.unt.edu.ar\/web\/wp-content\/uploads\/2024\/08\/WhatsApp-Image-2024-08-22-at-13.16.10-1-910x420.jpeg 910w, https:\/\/face.unt.edu.ar\/web\/wp-content\/uploads\/2024\/08\/WhatsApp-Image-2024-08-22-at-13.16.10-1.jpeg 1280w\" sizes=\"(max-width: 434px) 100vw, 434px\" \/><\/a> <a href=\"https:\/\/face.unt.edu.ar\/web\/wp-content\/uploads\/2024\/08\/WhatsApp-Image-2024-08-19-at-16.11.48.jpeg\"><img decoding=\"async\" loading=\"lazy\" class=\"alignnone  wp-image-19194\" src=\"https:\/\/face.unt.edu.ar\/web\/wp-content\/uploads\/2024\/08\/WhatsApp-Image-2024-08-19-at-16.11.48-300x225.jpeg\" alt=\"\" width=\"372\" height=\"279\" srcset=\"https:\/\/face.unt.edu.ar\/web\/wp-content\/uploads\/2024\/08\/WhatsApp-Image-2024-08-19-at-16.11.48-300x225.jpeg 300w, https:\/\/face.unt.edu.ar\/web\/wp-content\/uploads\/2024\/08\/WhatsApp-Image-2024-08-19-at-16.11.48-1024x768.jpeg 1024w, https:\/\/face.unt.edu.ar\/web\/wp-content\/uploads\/2024\/08\/WhatsApp-Image-2024-08-19-at-16.11.48-768x576.jpeg 768w, https:\/\/face.unt.edu.ar\/web\/wp-content\/uploads\/2024\/08\/WhatsApp-Image-2024-08-19-at-16.11.48-80x60.jpeg 80w, https:\/\/face.unt.edu.ar\/web\/wp-content\/uploads\/2024\/08\/WhatsApp-Image-2024-08-19-at-16.11.48-160x120.jpeg 160w, https:\/\/face.unt.edu.ar\/web\/wp-content\/uploads\/2024\/08\/WhatsApp-Image-2024-08-19-at-16.11.48-265x198.jpeg 265w, https:\/\/face.unt.edu.ar\/web\/wp-content\/uploads\/2024\/08\/WhatsApp-Image-2024-08-19-at-16.11.48-530x396.jpeg 530w, https:\/\/face.unt.edu.ar\/web\/wp-content\/uploads\/2024\/08\/WhatsApp-Image-2024-08-19-at-16.11.48-696x522.jpeg 696w, https:\/\/face.unt.edu.ar\/web\/wp-content\/uploads\/2024\/08\/WhatsApp-Image-2024-08-19-at-16.11.48-1068x801.jpeg 1068w, https:\/\/face.unt.edu.ar\/web\/wp-content\/uploads\/2024\/08\/WhatsApp-Image-2024-08-19-at-16.11.48-560x420.jpeg 560w, https:\/\/face.unt.edu.ar\/web\/wp-content\/uploads\/2024\/08\/WhatsApp-Image-2024-08-19-at-16.11.48-1120x840.jpeg 1120w, https:\/\/face.unt.edu.ar\/web\/wp-content\/uploads\/2024\/08\/WhatsApp-Image-2024-08-19-at-16.11.48.jpeg 1280w\" sizes=\"(max-width: 372px) 100vw, 372px\" \/><\/a> <a href=\"https:\/\/face.unt.edu.ar\/web\/wp-content\/uploads\/2024\/08\/WhatsApp-Image-2024-08-19-at-16.11.49.jpeg\"><img decoding=\"async\" loading=\"lazy\" class=\"alignnone  wp-image-19197\" src=\"https:\/\/face.unt.edu.ar\/web\/wp-content\/uploads\/2024\/08\/WhatsApp-Image-2024-08-19-at-16.11.49-300x169.jpeg\" alt=\"\" width=\"460\" height=\"259\" srcset=\"https:\/\/face.unt.edu.ar\/web\/wp-content\/uploads\/2024\/08\/WhatsApp-Image-2024-08-19-at-16.11.49-300x169.jpeg 300w, https:\/\/face.unt.edu.ar\/web\/wp-content\/uploads\/2024\/08\/WhatsApp-Image-2024-08-19-at-16.11.49-1024x576.jpeg 1024w, https:\/\/face.unt.edu.ar\/web\/wp-content\/uploads\/2024\/08\/WhatsApp-Image-2024-08-19-at-16.11.49-768x432.jpeg 768w, https:\/\/face.unt.edu.ar\/web\/wp-content\/uploads\/2024\/08\/WhatsApp-Image-2024-08-19-at-16.11.49-696x391.jpeg 696w, https:\/\/face.unt.edu.ar\/web\/wp-content\/uploads\/2024\/08\/WhatsApp-Image-2024-08-19-at-16.11.49-1068x600.jpeg 1068w, https:\/\/face.unt.edu.ar\/web\/wp-content\/uploads\/2024\/08\/WhatsApp-Image-2024-08-19-at-16.11.49-747x420.jpeg 747w, https:\/\/face.unt.edu.ar\/web\/wp-content\/uploads\/2024\/08\/WhatsApp-Image-2024-08-19-at-16.11.49.jpeg 1366w\" sizes=\"(max-width: 460px) 100vw, 460px\" \/><\/a><\/p>\n","protected":false},"excerpt":{"rendered":"<p>Los d\u00edas 15 y 16 de agosto se realiz\u00f3 el XI Encuentro de Innovaci\u00f3n en la Ense\u00f1anza de las Ciencias Econ\u00f3micas y el VIII Encuentro de Innovaci\u00f3n en la Ense\u00f1anza con la Red de Facultades de Ciencias Econ\u00f3micas del Norte Argentino (REDFACE). En esta ocasi\u00f3n, la sede fue el Departamento de Ciencias Sociales, Jur\u00eddicas y [&hellip;]<\/p>\n","protected":false},"author":123457,"featured_media":19191,"comment_status":"closed","ping_status":"closed","sticky":false,"template":"","format":"standard","meta":{"_et_pb_use_builder":"","_et_pb_old_content":"","_et_gb_content_width":"","footnotes":""},"categories":[4],"tags":[529,376,430,36,683,374,368,444,418,24],"_links":{"self":[{"href":"https:\/\/face.unt.edu.ar\/web\/wp-json\/wp\/v2\/posts\/19190"}],"collection":[{"href":"https:\/\/face.unt.edu.ar\/web\/wp-json\/wp\/v2\/posts"}],"about":[{"href":"https:\/\/face.unt.edu.ar\/web\/wp-json\/wp\/v2\/types\/post"}],"author":[{"embeddable":true,"href":"https:\/\/face.unt.edu.ar\/web\/wp-json\/wp\/v2\/users\/123457"}],"replies":[{"embeddable":true,"href":"https:\/\/face.unt.edu.ar\/web\/wp-json\/wp\/v2\/comments?post=19190"}],"version-history":[{"count":1,"href":"https:\/\/face.unt.edu.ar\/web\/wp-json\/wp\/v2\/posts\/19190\/revisions"}],"predecessor-version":[{"id":19198,"href":"https:\/\/face.unt.edu.ar\/web\/wp-json\/wp\/v2\/posts\/19190\/revisions\/19198"}],"wp:featuredmedia":[{"embeddable":true,"href":"https:\/\/face.unt.edu.ar\/web\/wp-json\/wp\/v2\/media\/19191"}],"wp:attachment":[{"href":"https:\/\/face.unt.edu.ar\/web\/wp-json\/wp\/v2\/media?parent=19190"}],"wp:term":[{"taxonomy":"category","embeddable":true,"href":"https:\/\/face.unt.edu.ar\/web\/wp-json\/wp\/v2\/categories?post=19190"},{"taxonomy":"post_tag","embeddable":true,"href":"https:\/\/face.unt.edu.ar\/web\/wp-json\/wp\/v2\/tags?post=19190"}],"curies":[{"name":"wp","href":"https:\/\/api.w.org\/{rel}","templated":true}]}}