{"id":19259,"date":"2024-09-04T12:17:03","date_gmt":"2024-09-04T12:17:03","guid":{"rendered":"https:\/\/face.unt.edu.ar\/web\/?p=19259"},"modified":"2024-09-04T12:17:03","modified_gmt":"2024-09-04T12:17:03","slug":"asumio-el-nuevo-representante-de-egresados-en-el-hcd","status":"publish","type":"post","link":"https:\/\/face.unt.edu.ar\/web\/blog\/asumio-el-nuevo-representante-de-egresados-en-el-hcd\/","title":{"rendered":"Asumi\u00f3 el nuevo representante de Egresados en el HCD"},"content":{"rendered":"<p>En la \u00faltima sesi\u00f3n del <strong>Honorable Consejo Directivo <\/strong>de nuestra <strong>Facultad de Ciencias Econ\u00f3micas de la UNT<\/strong> asumi\u00f3 como consejero el <strong>Cr. Diego Villarreal<\/strong>, nuevo representante el <strong>estamento Egresados<\/strong>, quien se suma al cuerpo en reemplazo del <strong>Mg. N\u00e9stor Di Lullo<\/strong>.<\/p>\n<p>La ceremonia estuvo presidida por el decano de esta Casa de Estudios, <strong>Mg. Jorge Rospide<\/strong> y cont\u00f3 con la presencia de autoridades, consejeros directivos, Docentes, Nodocentes, estudiantes y familiares.<\/p>\n<p>&nbsp;<\/p>\n","protected":false},"excerpt":{"rendered":"<p>En la \u00faltima sesi\u00f3n del Honorable Consejo Directivo de nuestra Facultad de Ciencias Econ\u00f3micas de la UNT asumi\u00f3 como consejero el Cr. Diego Villarreal, nuevo representante el estamento Egresados, quien se suma al cuerpo en reemplazo del Mg. N\u00e9stor Di Lullo. La ceremonia estuvo presidida por el decano de esta Casa de Estudios, Mg. Jorge [&hellip;]<\/p>\n","protected":false},"author":2,"featured_media":19260,"comment_status":"closed","ping_status":"closed","sticky":false,"template":"","format":"standard","meta":{"_et_pb_use_builder":"","_et_pb_old_content":"","_et_gb_content_width":"","footnotes":""},"categories":[4],"tags":[],"_links":{"self":[{"href":"https:\/\/face.unt.edu.ar\/web\/wp-json\/wp\/v2\/posts\/19259"}],"collection":[{"href":"https:\/\/face.unt.edu.ar\/web\/wp-json\/wp\/v2\/posts"}],"about":[{"href":"https:\/\/face.unt.edu.ar\/web\/wp-json\/wp\/v2\/types\/post"}],"author":[{"embeddable":true,"href":"https:\/\/face.unt.edu.ar\/web\/wp-json\/wp\/v2\/users\/2"}],"replies":[{"embeddable":true,"href":"https:\/\/face.unt.edu.ar\/web\/wp-json\/wp\/v2\/comments?post=19259"}],"version-history":[{"count":1,"href":"https:\/\/face.unt.edu.ar\/web\/wp-json\/wp\/v2\/posts\/19259\/revisions"}],"predecessor-version":[{"id":19261,"href":"https:\/\/face.unt.edu.ar\/web\/wp-json\/wp\/v2\/posts\/19259\/revisions\/19261"}],"wp:featuredmedia":[{"embeddable":true,"href":"https:\/\/face.unt.edu.ar\/web\/wp-json\/wp\/v2\/media\/19260"}],"wp:attachment":[{"href":"https:\/\/face.unt.edu.ar\/web\/wp-json\/wp\/v2\/media?parent=19259"}],"wp:term":[{"taxonomy":"category","embeddable":true,"href":"https:\/\/face.unt.edu.ar\/web\/wp-json\/wp\/v2\/categories?post=19259"},{"taxonomy":"post_tag","embeddable":true,"href":"https:\/\/face.unt.edu.ar\/web\/wp-json\/wp\/v2\/tags?post=19259"}],"curies":[{"name":"wp","href":"https:\/\/api.w.org\/{rel}","templated":true}]}}