{"id":19265,"date":"2024-09-05T09:00:36","date_gmt":"2024-09-05T09:00:36","guid":{"rendered":"https:\/\/face.unt.edu.ar\/web\/?p=19265"},"modified":"2024-09-05T12:06:08","modified_gmt":"2024-09-05T12:06:08","slug":"nuestra-facultad-y-el-grupo-marcos-paz-se-unen-para-el-analisis-de-datos-estadisticos","status":"publish","type":"post","link":"https:\/\/face.unt.edu.ar\/web\/blog\/nuestra-facultad-y-el-grupo-marcos-paz-se-unen-para-el-analisis-de-datos-estadisticos\/","title":{"rendered":"Nuestra Facultad y el Grupo Marcos Paz se unen para el an\u00e1lisis de datos estad\u00edsticos"},"content":{"rendered":"<p>En una reuni\u00f3n realizada en nuestra <strong>Facultad de Ciencias Econ\u00f3micas de la UNT<\/strong>, representantes de esta Casa de Estudios y de la empresa <strong>Grupo Marcos Paz<\/strong> acordaron trabajar de manera conjunta a fin de impulsar el desarrollo de proyectos vinculados a la aplicaci\u00f3n de la estad\u00edstica en el \u00e1mbito empresarial.<\/p>\n<p>Del encuentro participaron por la Facultad el <strong>Mg. Jorge Rospide<\/strong>, decano; el <strong>Cr. Ariel Apichela<\/strong>, secretario de Extensi\u00f3n y Desarrollo Institucional; el <strong>Mg. Alejandro Alcaide<\/strong>, director del Instituto de Estudios Socioecon\u00f3micos; el <strong>Cr. Rolando Augier<\/strong> y el <strong>Mg. Mauricio Talassino<\/strong>, docentes de esta unidad acad\u00e9mica. Por la empresa estuvieron el <strong>Cr. Javier Lacherre<\/strong>, gerente de Innovaci\u00f3n y Tecnolog\u00eda y el <strong>Cr. Sebasti\u00e1n Medina<\/strong>, responsable de Gesti\u00f3n de Datos.<\/p>\n<p>La vinculaci\u00f3n entre ambas instituciones permitir\u00e1 a los estudiantes y docentes acceder a nuevas oportunidades para aplicar los conocimientos sobre estad\u00edstica que se imparten en la Facultad, en un caso real. Y a su vez, le posibilitar\u00e1 a la empresa tener contacto con j\u00f3venes, futuros profesionales, que impulsen el uso herramientas de vanguardia en la gesti\u00f3n de datos.<\/p>\n<p>Cabe destacar que estas acciones permiten fortalecer los lazos y la colaboraci\u00f3n entre el sector privado y la universidad p\u00fablica, buscando cerrar la brecha entre educaci\u00f3n y las demandas del mercado laboral.<\/p>\n<p><a href=\"https:\/\/face.unt.edu.ar\/web\/wp-content\/uploads\/2024\/09\/458210109_1058878709575876_3887275802413837154_n.jpg\"><img decoding=\"async\" loading=\"lazy\" class=\"alignnone size-medium wp-image-19268\" src=\"https:\/\/face.unt.edu.ar\/web\/wp-content\/uploads\/2024\/09\/458210109_1058878709575876_3887275802413837154_n-300x157.jpg\" alt=\"\" width=\"300\" height=\"157\" srcset=\"https:\/\/face.unt.edu.ar\/web\/wp-content\/uploads\/2024\/09\/458210109_1058878709575876_3887275802413837154_n-300x157.jpg 300w, https:\/\/face.unt.edu.ar\/web\/wp-content\/uploads\/2024\/09\/458210109_1058878709575876_3887275802413837154_n-1024x537.jpg 1024w, https:\/\/face.unt.edu.ar\/web\/wp-content\/uploads\/2024\/09\/458210109_1058878709575876_3887275802413837154_n-768x402.jpg 768w, https:\/\/face.unt.edu.ar\/web\/wp-content\/uploads\/2024\/09\/458210109_1058878709575876_3887275802413837154_n-1536x805.jpg 1536w, https:\/\/face.unt.edu.ar\/web\/wp-content\/uploads\/2024\/09\/458210109_1058878709575876_3887275802413837154_n-696x365.jpg 696w, https:\/\/face.unt.edu.ar\/web\/wp-content\/uploads\/2024\/09\/458210109_1058878709575876_3887275802413837154_n-1392x729.jpg 1392w, https:\/\/face.unt.edu.ar\/web\/wp-content\/uploads\/2024\/09\/458210109_1058878709575876_3887275802413837154_n-1068x560.jpg 1068w, https:\/\/face.unt.edu.ar\/web\/wp-content\/uploads\/2024\/09\/458210109_1058878709575876_3887275802413837154_n-802x420.jpg 802w, https:\/\/face.unt.edu.ar\/web\/wp-content\/uploads\/2024\/09\/458210109_1058878709575876_3887275802413837154_n-1603x840.jpg 1603w, https:\/\/face.unt.edu.ar\/web\/wp-content\/uploads\/2024\/09\/458210109_1058878709575876_3887275802413837154_n-1920x1006.jpg 1920w, https:\/\/face.unt.edu.ar\/web\/wp-content\/uploads\/2024\/09\/458210109_1058878709575876_3887275802413837154_n.jpg 2048w\" sizes=\"(max-width: 300px) 100vw, 300px\" \/><\/a> \u00a0<a href=\"https:\/\/face.unt.edu.ar\/web\/wp-content\/uploads\/2024\/09\/458319833_1058878366242577_6624687547782382852_n.jpg\"><img decoding=\"async\" loading=\"lazy\" class=\"alignnone size-medium wp-image-19270\" src=\"https:\/\/face.unt.edu.ar\/web\/wp-content\/uploads\/2024\/09\/458319833_1058878366242577_6624687547782382852_n-300x157.jpg\" alt=\"\" width=\"300\" height=\"157\" srcset=\"https:\/\/face.unt.edu.ar\/web\/wp-content\/uploads\/2024\/09\/458319833_1058878366242577_6624687547782382852_n-300x157.jpg 300w, https:\/\/face.unt.edu.ar\/web\/wp-content\/uploads\/2024\/09\/458319833_1058878366242577_6624687547782382852_n-1024x537.jpg 1024w, https:\/\/face.unt.edu.ar\/web\/wp-content\/uploads\/2024\/09\/458319833_1058878366242577_6624687547782382852_n-768x402.jpg 768w, https:\/\/face.unt.edu.ar\/web\/wp-content\/uploads\/2024\/09\/458319833_1058878366242577_6624687547782382852_n-1536x805.jpg 1536w, https:\/\/face.unt.edu.ar\/web\/wp-content\/uploads\/2024\/09\/458319833_1058878366242577_6624687547782382852_n-696x365.jpg 696w, https:\/\/face.unt.edu.ar\/web\/wp-content\/uploads\/2024\/09\/458319833_1058878366242577_6624687547782382852_n-1392x729.jpg 1392w, https:\/\/face.unt.edu.ar\/web\/wp-content\/uploads\/2024\/09\/458319833_1058878366242577_6624687547782382852_n-1068x560.jpg 1068w, https:\/\/face.unt.edu.ar\/web\/wp-content\/uploads\/2024\/09\/458319833_1058878366242577_6624687547782382852_n-802x420.jpg 802w, https:\/\/face.unt.edu.ar\/web\/wp-content\/uploads\/2024\/09\/458319833_1058878366242577_6624687547782382852_n-1603x840.jpg 1603w, https:\/\/face.unt.edu.ar\/web\/wp-content\/uploads\/2024\/09\/458319833_1058878366242577_6624687547782382852_n-1920x1006.jpg 1920w, https:\/\/face.unt.edu.ar\/web\/wp-content\/uploads\/2024\/09\/458319833_1058878366242577_6624687547782382852_n.jpg 2048w\" sizes=\"(max-width: 300px) 100vw, 300px\" \/><\/a> <a href=\"https:\/\/face.unt.edu.ar\/web\/wp-content\/uploads\/2024\/09\/20240903_104252-scaled.jpg\"><img decoding=\"async\" loading=\"lazy\" class=\"alignnone size-medium wp-image-19266\" src=\"https:\/\/face.unt.edu.ar\/web\/wp-content\/uploads\/2024\/09\/20240903_104252-300x225.jpg\" alt=\"\" width=\"300\" height=\"225\" srcset=\"https:\/\/face.unt.edu.ar\/web\/wp-content\/uploads\/2024\/09\/20240903_104252-300x225.jpg 300w, https:\/\/face.unt.edu.ar\/web\/wp-content\/uploads\/2024\/09\/20240903_104252-1024x768.jpg 1024w, https:\/\/face.unt.edu.ar\/web\/wp-content\/uploads\/2024\/09\/20240903_104252-768x576.jpg 768w, https:\/\/face.unt.edu.ar\/web\/wp-content\/uploads\/2024\/09\/20240903_104252-1536x1152.jpg 1536w, https:\/\/face.unt.edu.ar\/web\/wp-content\/uploads\/2024\/09\/20240903_104252-2048x1536.jpg 2048w, https:\/\/face.unt.edu.ar\/web\/wp-content\/uploads\/2024\/09\/20240903_104252-80x60.jpg 80w, https:\/\/face.unt.edu.ar\/web\/wp-content\/uploads\/2024\/09\/20240903_104252-160x120.jpg 160w, https:\/\/face.unt.edu.ar\/web\/wp-content\/uploads\/2024\/09\/20240903_104252-265x198.jpg 265w, https:\/\/face.unt.edu.ar\/web\/wp-content\/uploads\/2024\/09\/20240903_104252-530x396.jpg 530w, https:\/\/face.unt.edu.ar\/web\/wp-content\/uploads\/2024\/09\/20240903_104252-696x522.jpg 696w, https:\/\/face.unt.edu.ar\/web\/wp-content\/uploads\/2024\/09\/20240903_104252-1392x1044.jpg 1392w, https:\/\/face.unt.edu.ar\/web\/wp-content\/uploads\/2024\/09\/20240903_104252-1068x801.jpg 1068w, https:\/\/face.unt.edu.ar\/web\/wp-content\/uploads\/2024\/09\/20240903_104252-560x420.jpg 560w, https:\/\/face.unt.edu.ar\/web\/wp-content\/uploads\/2024\/09\/20240903_104252-1120x840.jpg 1120w, https:\/\/face.unt.edu.ar\/web\/wp-content\/uploads\/2024\/09\/20240903_104252-1920x1440.jpg 1920w\" sizes=\"(max-width: 300px) 100vw, 300px\" \/><\/a><\/p>\n","protected":false},"excerpt":{"rendered":"<p>En una reuni\u00f3n realizada en nuestra Facultad de Ciencias Econ\u00f3micas de la UNT, representantes de esta Casa de Estudios y de la empresa Grupo Marcos Paz acordaron trabajar de manera conjunta a fin de impulsar el desarrollo de proyectos vinculados a la aplicaci\u00f3n de la estad\u00edstica en el \u00e1mbito empresarial. Del encuentro participaron por la [&hellip;]<\/p>\n","protected":false},"author":2,"featured_media":19269,"comment_status":"closed","ping_status":"closed","sticky":false,"template":"","format":"standard","meta":{"_et_pb_use_builder":"","_et_pb_old_content":"","_et_gb_content_width":"","footnotes":""},"categories":[4],"tags":[],"_links":{"self":[{"href":"https:\/\/face.unt.edu.ar\/web\/wp-json\/wp\/v2\/posts\/19265"}],"collection":[{"href":"https:\/\/face.unt.edu.ar\/web\/wp-json\/wp\/v2\/posts"}],"about":[{"href":"https:\/\/face.unt.edu.ar\/web\/wp-json\/wp\/v2\/types\/post"}],"author":[{"embeddable":true,"href":"https:\/\/face.unt.edu.ar\/web\/wp-json\/wp\/v2\/users\/2"}],"replies":[{"embeddable":true,"href":"https:\/\/face.unt.edu.ar\/web\/wp-json\/wp\/v2\/comments?post=19265"}],"version-history":[{"count":3,"href":"https:\/\/face.unt.edu.ar\/web\/wp-json\/wp\/v2\/posts\/19265\/revisions"}],"predecessor-version":[{"id":19272,"href":"https:\/\/face.unt.edu.ar\/web\/wp-json\/wp\/v2\/posts\/19265\/revisions\/19272"}],"wp:featuredmedia":[{"embeddable":true,"href":"https:\/\/face.unt.edu.ar\/web\/wp-json\/wp\/v2\/media\/19269"}],"wp:attachment":[{"href":"https:\/\/face.unt.edu.ar\/web\/wp-json\/wp\/v2\/media?parent=19265"}],"wp:term":[{"taxonomy":"category","embeddable":true,"href":"https:\/\/face.unt.edu.ar\/web\/wp-json\/wp\/v2\/categories?post=19265"},{"taxonomy":"post_tag","embeddable":true,"href":"https:\/\/face.unt.edu.ar\/web\/wp-json\/wp\/v2\/tags?post=19265"}],"curies":[{"name":"wp","href":"https:\/\/api.w.org\/{rel}","templated":true}]}}