{"id":19275,"date":"2024-09-05T12:00:56","date_gmt":"2024-09-05T12:00:56","guid":{"rendered":"https:\/\/face.unt.edu.ar\/web\/?p=19275"},"modified":"2024-09-05T13:26:54","modified_gmt":"2024-09-05T13:26:54","slug":"estudiantes-del-nivel-secundario-vinieron-a-conocer-nuestra-facultad-2","status":"publish","type":"post","link":"https:\/\/face.unt.edu.ar\/web\/blog\/estudiantes-del-nivel-secundario-vinieron-a-conocer-nuestra-facultad-2\/","title":{"rendered":"Estudiantes del nivel secundario vinieron a conocer nuestra Facultad"},"content":{"rendered":"<p>Estudiantes del \u00faltimo a\u00f1o de secundario del <strong>Colegio Nueva Concepci\u00f3n<\/strong> visitaron nuestra <strong>Facultad de Ciencias Econ\u00f3micas de la UNT<\/strong> para conocer la <strong>oferta acad\u00e9mica<\/strong> de grado y las instalaciones.<\/p>\n<p>Los j\u00f3venes fueron recibidos por el secretario de Gesti\u00f3n y Bienestar Universitario de esta Casa de Estudios,\u00a0<strong>Esp. Enrique Garc\u00eda Kalat<\/strong>; la secretaria\u00a0de\u00a0Ciencia, T\u00e9cnica y Posgrado, <strong>Esp. Gabriela S\u00e1nchez;<\/strong> y\u00a0<strong>estudiantes<\/strong> de las 3 carreras de grado de nuestra Facultad.<\/p>\n<p>En esta oportunidad, se ofreci\u00f3 una charla sobre la vida universitaria y se brindaron detalles de cada una de las carreras: <strong>Contador P\u00fablico, Licenciatura en Administraci\u00f3n y Licenciatura en Econom\u00eda<\/strong>. Adem\u00e1s, se hizo un recorrido por el edificio.<\/p>\n<p>Cabe destacar que nuestra Facultad est\u00e1 abierta para recibir a las delegaciones de estudiantes del nivel medio que tengan inquietud por conocerla, por este motivo contin\u00faa promoviendo acciones de articulaci\u00f3n acad\u00e9mica.<\/p>\n<p><a href=\"https:\/\/face.unt.edu.ar\/web\/wp-content\/uploads\/2024\/09\/4.jpg\"><img decoding=\"async\" loading=\"lazy\" class=\"alignnone size-medium wp-image-19277\" src=\"https:\/\/face.unt.edu.ar\/web\/wp-content\/uploads\/2024\/09\/4-300x169.jpg\" alt=\"\" width=\"300\" height=\"169\" srcset=\"https:\/\/face.unt.edu.ar\/web\/wp-content\/uploads\/2024\/09\/4-300x169.jpg 300w, https:\/\/face.unt.edu.ar\/web\/wp-content\/uploads\/2024\/09\/4-1024x575.jpg 1024w, https:\/\/face.unt.edu.ar\/web\/wp-content\/uploads\/2024\/09\/4-768x432.jpg 768w, https:\/\/face.unt.edu.ar\/web\/wp-content\/uploads\/2024\/09\/4-1536x863.jpg 1536w, https:\/\/face.unt.edu.ar\/web\/wp-content\/uploads\/2024\/09\/4-696x391.jpg 696w, https:\/\/face.unt.edu.ar\/web\/wp-content\/uploads\/2024\/09\/4-1392x782.jpg 1392w, https:\/\/face.unt.edu.ar\/web\/wp-content\/uploads\/2024\/09\/4-1068x600.jpg 1068w, https:\/\/face.unt.edu.ar\/web\/wp-content\/uploads\/2024\/09\/4-747x420.jpg 747w, https:\/\/face.unt.edu.ar\/web\/wp-content\/uploads\/2024\/09\/4-1495x840.jpg 1495w, https:\/\/face.unt.edu.ar\/web\/wp-content\/uploads\/2024\/09\/4-1920x1079.jpg 1920w, https:\/\/face.unt.edu.ar\/web\/wp-content\/uploads\/2024\/09\/4.jpg 2000w\" sizes=\"(max-width: 300px) 100vw, 300px\" \/><\/a> <a href=\"https:\/\/face.unt.edu.ar\/web\/wp-content\/uploads\/2024\/09\/3.jpg\"><img decoding=\"async\" loading=\"lazy\" class=\"alignnone size-medium wp-image-19278\" src=\"https:\/\/face.unt.edu.ar\/web\/wp-content\/uploads\/2024\/09\/3-300x169.jpg\" alt=\"\" width=\"300\" height=\"169\" srcset=\"https:\/\/face.unt.edu.ar\/web\/wp-content\/uploads\/2024\/09\/3-300x169.jpg 300w, https:\/\/face.unt.edu.ar\/web\/wp-content\/uploads\/2024\/09\/3-1024x575.jpg 1024w, https:\/\/face.unt.edu.ar\/web\/wp-content\/uploads\/2024\/09\/3-768x432.jpg 768w, https:\/\/face.unt.edu.ar\/web\/wp-content\/uploads\/2024\/09\/3-1536x863.jpg 1536w, https:\/\/face.unt.edu.ar\/web\/wp-content\/uploads\/2024\/09\/3-696x391.jpg 696w, https:\/\/face.unt.edu.ar\/web\/wp-content\/uploads\/2024\/09\/3-1392x782.jpg 1392w, https:\/\/face.unt.edu.ar\/web\/wp-content\/uploads\/2024\/09\/3-1068x600.jpg 1068w, https:\/\/face.unt.edu.ar\/web\/wp-content\/uploads\/2024\/09\/3-747x420.jpg 747w, https:\/\/face.unt.edu.ar\/web\/wp-content\/uploads\/2024\/09\/3-1495x840.jpg 1495w, https:\/\/face.unt.edu.ar\/web\/wp-content\/uploads\/2024\/09\/3-1920x1079.jpg 1920w, https:\/\/face.unt.edu.ar\/web\/wp-content\/uploads\/2024\/09\/3.jpg 2000w\" sizes=\"(max-width: 300px) 100vw, 300px\" \/><\/a> <a href=\"https:\/\/face.unt.edu.ar\/web\/wp-content\/uploads\/2024\/09\/2.jpg\"><img decoding=\"async\" loading=\"lazy\" class=\" wp-image-19279 aligncenter\" src=\"https:\/\/face.unt.edu.ar\/web\/wp-content\/uploads\/2024\/09\/2-300x169.jpg\" alt=\"\" width=\"399\" height=\"225\" srcset=\"https:\/\/face.unt.edu.ar\/web\/wp-content\/uploads\/2024\/09\/2-300x169.jpg 300w, https:\/\/face.unt.edu.ar\/web\/wp-content\/uploads\/2024\/09\/2-1024x575.jpg 1024w, https:\/\/face.unt.edu.ar\/web\/wp-content\/uploads\/2024\/09\/2-768x432.jpg 768w, https:\/\/face.unt.edu.ar\/web\/wp-content\/uploads\/2024\/09\/2-1536x863.jpg 1536w, https:\/\/face.unt.edu.ar\/web\/wp-content\/uploads\/2024\/09\/2-696x391.jpg 696w, https:\/\/face.unt.edu.ar\/web\/wp-content\/uploads\/2024\/09\/2-1392x782.jpg 1392w, https:\/\/face.unt.edu.ar\/web\/wp-content\/uploads\/2024\/09\/2-1068x600.jpg 1068w, https:\/\/face.unt.edu.ar\/web\/wp-content\/uploads\/2024\/09\/2-747x420.jpg 747w, https:\/\/face.unt.edu.ar\/web\/wp-content\/uploads\/2024\/09\/2-1495x840.jpg 1495w, https:\/\/face.unt.edu.ar\/web\/wp-content\/uploads\/2024\/09\/2-1920x1079.jpg 1920w, https:\/\/face.unt.edu.ar\/web\/wp-content\/uploads\/2024\/09\/2.jpg 2000w\" sizes=\"(max-width: 399px) 100vw, 399px\" \/><\/a><\/p>\n","protected":false},"excerpt":{"rendered":"<p>Estudiantes del \u00faltimo a\u00f1o de secundario del Colegio Nueva Concepci\u00f3n visitaron nuestra Facultad de Ciencias Econ\u00f3micas de la UNT para conocer la oferta acad\u00e9mica de grado y las instalaciones. Los j\u00f3venes fueron recibidos por el secretario de Gesti\u00f3n y Bienestar Universitario de esta Casa de Estudios,\u00a0Esp. Enrique Garc\u00eda Kalat; la secretaria\u00a0de\u00a0Ciencia, T\u00e9cnica y Posgrado, Esp. [&hellip;]<\/p>\n","protected":false},"author":123457,"featured_media":19276,"comment_status":"closed","ping_status":"closed","sticky":false,"template":"","format":"standard","meta":{"_et_pb_use_builder":"","_et_pb_old_content":"","_et_gb_content_width":"","footnotes":""},"categories":[4],"tags":[],"_links":{"self":[{"href":"https:\/\/face.unt.edu.ar\/web\/wp-json\/wp\/v2\/posts\/19275"}],"collection":[{"href":"https:\/\/face.unt.edu.ar\/web\/wp-json\/wp\/v2\/posts"}],"about":[{"href":"https:\/\/face.unt.edu.ar\/web\/wp-json\/wp\/v2\/types\/post"}],"author":[{"embeddable":true,"href":"https:\/\/face.unt.edu.ar\/web\/wp-json\/wp\/v2\/users\/123457"}],"replies":[{"embeddable":true,"href":"https:\/\/face.unt.edu.ar\/web\/wp-json\/wp\/v2\/comments?post=19275"}],"version-history":[{"count":1,"href":"https:\/\/face.unt.edu.ar\/web\/wp-json\/wp\/v2\/posts\/19275\/revisions"}],"predecessor-version":[{"id":19280,"href":"https:\/\/face.unt.edu.ar\/web\/wp-json\/wp\/v2\/posts\/19275\/revisions\/19280"}],"wp:featuredmedia":[{"embeddable":true,"href":"https:\/\/face.unt.edu.ar\/web\/wp-json\/wp\/v2\/media\/19276"}],"wp:attachment":[{"href":"https:\/\/face.unt.edu.ar\/web\/wp-json\/wp\/v2\/media?parent=19275"}],"wp:term":[{"taxonomy":"category","embeddable":true,"href":"https:\/\/face.unt.edu.ar\/web\/wp-json\/wp\/v2\/categories?post=19275"},{"taxonomy":"post_tag","embeddable":true,"href":"https:\/\/face.unt.edu.ar\/web\/wp-json\/wp\/v2\/tags?post=19275"}],"curies":[{"name":"wp","href":"https:\/\/api.w.org\/{rel}","templated":true}]}}