{"id":19331,"date":"2024-09-16T12:24:03","date_gmt":"2024-09-16T12:24:03","guid":{"rendered":"https:\/\/face.unt.edu.ar\/web\/?p=19331"},"modified":"2024-09-16T12:24:03","modified_gmt":"2024-09-16T12:24:03","slug":"abre-la-convocatoria-del-programa-de-movilidad-docente-de-la-redface","status":"publish","type":"post","link":"https:\/\/face.unt.edu.ar\/web\/blog\/abre-la-convocatoria-del-programa-de-movilidad-docente-de-la-redface\/","title":{"rendered":"Abre la convocatoria del Programa de Movilidad Docente de la REDFACE"},"content":{"rendered":"<p style=\"font-weight: 400\">La\u00a0<strong>Facultad de Ciencias Econ\u00f3micas de la UNT<\/strong>\u00a0invita a sus docentes a participar de la convocatoria del\u00a0<strong>Programa de Movilidad Docente 2024<\/strong>\u00a0de la\u00a0<strong>Red de Facultades de Ciencias Econ\u00f3micas del Norte Argentino<\/strong>\u00a0(<strong>REDFACE<\/strong>).<\/p>\n<p style=\"font-weight: 400\">Este programa tiene como objetivo promover el intercambio acad\u00e9mico entre profesores de nuestra instituci\u00f3n y las dem\u00e1s facultades miembros de la Red, fomentando la colaboraci\u00f3n, el enriquecimiento pedag\u00f3gico y la investigaci\u00f3n conjunta.<\/p>\n<p style=\"font-weight: 400\">Requisitos para participar: Ser docente de grado de la Facultad de Ciencias Econ\u00f3micas de la Universidad Nacional de Tucum\u00e1n.<\/p>\n<p style=\"font-weight: 400\">Modalidad de la movilidad: Presencial en la universidad de destino y virtual.<\/p>\n<p style=\"font-weight: 400\">Cobertura del programa:<\/p>\n<p style=\"font-weight: 400\">&#8211;\u00a0\u00a0\u00a0\u00a0\u00a0\u00a0Traslado ida y vuelta a la universidad de destino.<\/p>\n<p style=\"font-weight: 400\">&#8211;\u00a0\u00a0\u00a0\u00a0\u00a0\u00a0Dos noches de hospedaje y vi\u00e1ticos.<\/p>\n<p style=\"font-weight: 400\">Fecha l\u00edmite de postulaci\u00f3n: 26 de septiembre de 2024.<\/p>\n<p style=\"font-weight: 400\">Formulario de inscripci\u00f3n para postularse a la convocatoria:\u00a0<a href=\"https:\/\/forms.gle\/hDm9WjqBzTuZRYCu8\" data-saferedirecturl=\"https:\/\/www.google.com\/url?q=https:\/\/forms.gle\/hDm9WjqBzTuZRYCu8&amp;source=gmail&amp;ust=1726574877689000&amp;usg=AOvVaw2Y9pmkpkp0p6rj7UWnIdiF\">https:\/\/forms.gle\/hDm9WjqBzTuZRYCu8<\/a><\/p>\n<p style=\"font-weight: 400\">La postulaci\u00f3n no implica la seguridad de la realizaci\u00f3n de la movilidad.<\/p>\n","protected":false},"excerpt":{"rendered":"<p>La\u00a0Facultad de Ciencias Econ\u00f3micas de la UNT\u00a0invita a sus docentes a participar de la convocatoria del\u00a0Programa de Movilidad Docente 2024\u00a0de la\u00a0Red de Facultades de Ciencias Econ\u00f3micas del Norte Argentino\u00a0(REDFACE). Este programa tiene como objetivo promover el intercambio acad\u00e9mico entre profesores de nuestra instituci\u00f3n y las dem\u00e1s facultades miembros de la Red, fomentando la colaboraci\u00f3n, el [&hellip;]<\/p>\n","protected":false},"author":2,"featured_media":19332,"comment_status":"closed","ping_status":"closed","sticky":false,"template":"","format":"standard","meta":{"_et_pb_use_builder":"","_et_pb_old_content":"","_et_gb_content_width":"","footnotes":""},"categories":[4],"tags":[],"_links":{"self":[{"href":"https:\/\/face.unt.edu.ar\/web\/wp-json\/wp\/v2\/posts\/19331"}],"collection":[{"href":"https:\/\/face.unt.edu.ar\/web\/wp-json\/wp\/v2\/posts"}],"about":[{"href":"https:\/\/face.unt.edu.ar\/web\/wp-json\/wp\/v2\/types\/post"}],"author":[{"embeddable":true,"href":"https:\/\/face.unt.edu.ar\/web\/wp-json\/wp\/v2\/users\/2"}],"replies":[{"embeddable":true,"href":"https:\/\/face.unt.edu.ar\/web\/wp-json\/wp\/v2\/comments?post=19331"}],"version-history":[{"count":1,"href":"https:\/\/face.unt.edu.ar\/web\/wp-json\/wp\/v2\/posts\/19331\/revisions"}],"predecessor-version":[{"id":19333,"href":"https:\/\/face.unt.edu.ar\/web\/wp-json\/wp\/v2\/posts\/19331\/revisions\/19333"}],"wp:featuredmedia":[{"embeddable":true,"href":"https:\/\/face.unt.edu.ar\/web\/wp-json\/wp\/v2\/media\/19332"}],"wp:attachment":[{"href":"https:\/\/face.unt.edu.ar\/web\/wp-json\/wp\/v2\/media?parent=19331"}],"wp:term":[{"taxonomy":"category","embeddable":true,"href":"https:\/\/face.unt.edu.ar\/web\/wp-json\/wp\/v2\/categories?post=19331"},{"taxonomy":"post_tag","embeddable":true,"href":"https:\/\/face.unt.edu.ar\/web\/wp-json\/wp\/v2\/tags?post=19331"}],"curies":[{"name":"wp","href":"https:\/\/api.w.org\/{rel}","templated":true}]}}