{"id":19550,"date":"2024-10-18T15:51:45","date_gmt":"2024-10-18T15:51:45","guid":{"rendered":"https:\/\/face.unt.edu.ar\/web\/?p=19550"},"modified":"2024-10-18T15:51:45","modified_gmt":"2024-10-18T15:51:45","slug":"charla-abierta-vida-y-trabajo-en-tiempos-de-inteligencia-artificial","status":"publish","type":"post","link":"https:\/\/face.unt.edu.ar\/web\/blog\/charla-abierta-vida-y-trabajo-en-tiempos-de-inteligencia-artificial\/","title":{"rendered":"Charla abierta \u00abVida y trabajo en tiempos de Inteligencia Artificial\u00bb"},"content":{"rendered":"<p>La charla abierta \u00abVida y trabajo en tiempos de Inteligencia Artificial\u00bb tendr\u00e1 lugar en nuestra Facultad de Ciencias Econ\u00f3micas de la UNT este jueves 24 de octubre, a las 18:30 horas.<br \/>\nEstar\u00e1 a cargo del disertante Dar\u00edo Judzik, Doctor en Econom\u00eda Aplicada.<\/p>\n<p>\u00bfSab\u00edas que la IA podr\u00eda cambiar la forma en que trabajamos y vivimos? En esta charla abordaremos preguntas como:<br \/>\n\u00bfQu\u00e9 efecto tendr\u00e1 la tecnolog\u00eda en los trabajos de calidad?<br \/>\n\u00bfHabr\u00e1 trabajos inmunes a la automatizaci\u00f3n?<br \/>\n\u00bfC\u00f3mo distribuiremos los ingresos cuando el trabajo escasee?<br \/>\n\u00bfQu\u00e9 haremos con las horas de ocio acumuladas?<\/p>\n<p>Se trata de una actiidad gratuita, requiere inscripci\u00f3n previa en el siguiente link: <strong><a href=\"https:\/\/acortar.link\/mkebfH\" target=\"_blank\" rel=\"noopener\">https:\/\/acortar.link\/mkebfH<\/a><\/strong><\/p>\n<p><a href=\"https:\/\/face.unt.edu.ar\/web\/wp-content\/uploads\/2024\/10\/WhatsApp-Image-2024-10-18-at-11.48.39-1.jpeg\"><img decoding=\"async\" loading=\"lazy\" class=\" wp-image-19552 aligncenter\" src=\"https:\/\/face.unt.edu.ar\/web\/wp-content\/uploads\/2024\/10\/WhatsApp-Image-2024-10-18-at-11.48.39-1-300x300.jpeg\" alt=\"\" width=\"551\" height=\"551\" srcset=\"https:\/\/face.unt.edu.ar\/web\/wp-content\/uploads\/2024\/10\/WhatsApp-Image-2024-10-18-at-11.48.39-1-300x300.jpeg 300w, https:\/\/face.unt.edu.ar\/web\/wp-content\/uploads\/2024\/10\/WhatsApp-Image-2024-10-18-at-11.48.39-1-1024x1024.jpeg 1024w, https:\/\/face.unt.edu.ar\/web\/wp-content\/uploads\/2024\/10\/WhatsApp-Image-2024-10-18-at-11.48.39-1-150x150.jpeg 150w, https:\/\/face.unt.edu.ar\/web\/wp-content\/uploads\/2024\/10\/WhatsApp-Image-2024-10-18-at-11.48.39-1-768x768.jpeg 768w, https:\/\/face.unt.edu.ar\/web\/wp-content\/uploads\/2024\/10\/WhatsApp-Image-2024-10-18-at-11.48.39-1-696x696.jpeg 696w, https:\/\/face.unt.edu.ar\/web\/wp-content\/uploads\/2024\/10\/WhatsApp-Image-2024-10-18-at-11.48.39-1-1068x1068.jpeg 1068w, https:\/\/face.unt.edu.ar\/web\/wp-content\/uploads\/2024\/10\/WhatsApp-Image-2024-10-18-at-11.48.39-1-420x420.jpeg 420w, https:\/\/face.unt.edu.ar\/web\/wp-content\/uploads\/2024\/10\/WhatsApp-Image-2024-10-18-at-11.48.39-1-840x840.jpeg 840w, https:\/\/face.unt.edu.ar\/web\/wp-content\/uploads\/2024\/10\/WhatsApp-Image-2024-10-18-at-11.48.39-1.jpeg 1080w\" sizes=\"(max-width: 551px) 100vw, 551px\" \/><\/a><\/p>\n","protected":false},"excerpt":{"rendered":"<p>La charla abierta \u00abVida y trabajo en tiempos de Inteligencia Artificial\u00bb tendr\u00e1 lugar en nuestra Facultad de Ciencias Econ\u00f3micas de la UNT este jueves 24 de octubre, a las 18:30 horas. Estar\u00e1 a cargo del disertante Dar\u00edo Judzik, Doctor en Econom\u00eda Aplicada. \u00bfSab\u00edas que la IA podr\u00eda cambiar la forma en que trabajamos y vivimos? [&hellip;]<\/p>\n","protected":false},"author":2,"featured_media":19551,"comment_status":"closed","ping_status":"closed","sticky":false,"template":"","format":"standard","meta":{"_et_pb_use_builder":"","_et_pb_old_content":"","_et_gb_content_width":"","footnotes":""},"categories":[4],"tags":[],"_links":{"self":[{"href":"https:\/\/face.unt.edu.ar\/web\/wp-json\/wp\/v2\/posts\/19550"}],"collection":[{"href":"https:\/\/face.unt.edu.ar\/web\/wp-json\/wp\/v2\/posts"}],"about":[{"href":"https:\/\/face.unt.edu.ar\/web\/wp-json\/wp\/v2\/types\/post"}],"author":[{"embeddable":true,"href":"https:\/\/face.unt.edu.ar\/web\/wp-json\/wp\/v2\/users\/2"}],"replies":[{"embeddable":true,"href":"https:\/\/face.unt.edu.ar\/web\/wp-json\/wp\/v2\/comments?post=19550"}],"version-history":[{"count":1,"href":"https:\/\/face.unt.edu.ar\/web\/wp-json\/wp\/v2\/posts\/19550\/revisions"}],"predecessor-version":[{"id":19553,"href":"https:\/\/face.unt.edu.ar\/web\/wp-json\/wp\/v2\/posts\/19550\/revisions\/19553"}],"wp:featuredmedia":[{"embeddable":true,"href":"https:\/\/face.unt.edu.ar\/web\/wp-json\/wp\/v2\/media\/19551"}],"wp:attachment":[{"href":"https:\/\/face.unt.edu.ar\/web\/wp-json\/wp\/v2\/media?parent=19550"}],"wp:term":[{"taxonomy":"category","embeddable":true,"href":"https:\/\/face.unt.edu.ar\/web\/wp-json\/wp\/v2\/categories?post=19550"},{"taxonomy":"post_tag","embeddable":true,"href":"https:\/\/face.unt.edu.ar\/web\/wp-json\/wp\/v2\/tags?post=19550"}],"curies":[{"name":"wp","href":"https:\/\/api.w.org\/{rel}","templated":true}]}}