{"id":19577,"date":"2024-10-24T12:58:08","date_gmt":"2024-10-24T12:58:08","guid":{"rendered":"https:\/\/face.unt.edu.ar\/web\/?p=19577"},"modified":"2024-10-28T13:40:49","modified_gmt":"2024-10-28T13:40:49","slug":"el-cr-luis-naufe-presentara-su-libro-sobre-derecho-societario","status":"publish","type":"post","link":"https:\/\/face.unt.edu.ar\/web\/blog\/el-cr-luis-naufe-presentara-su-libro-sobre-derecho-societario\/","title":{"rendered":"El Cr. Luis Naufe presentar\u00e1 su libro sobre Derecho Societario"},"content":{"rendered":"<p>El <strong>Cr. Luis Humberto Naufe<\/strong>, docente de nuestra <strong>Facultad de Ciencias Econ\u00f3micas <\/strong>de la <strong>Universidad Nacional de Tucum\u00e1n<\/strong>, presentar\u00e1 el libro de su autor\u00eda <strong>\u201cDerecho Societario para Contadores\u201d<\/strong>.<\/p>\n<p>La presentaci\u00f3n tendr\u00e1 lugar el <strong>viernes 01 de noviembre<\/strong> de 2024, a las <strong>18:30 horas<\/strong>, en el <strong>Aula Magna<\/strong> de nuestra Casa de Estudios, Av. Independencia 1.900.<\/p>\n<p>Invitamos a nuestra comunidad universitaria a participar.<\/p>\n<p>&nbsp;<\/p>\n<p><a href=\"https:\/\/face.unt.edu.ar\/web\/wp-content\/uploads\/2024\/10\/portada-libro-nueva.jpg\"><img decoding=\"async\" loading=\"lazy\" class=\" wp-image-19596 aligncenter\" src=\"https:\/\/face.unt.edu.ar\/web\/wp-content\/uploads\/2024\/10\/portada-libro-nueva-300x146.jpg\" alt=\"\" width=\"468\" height=\"228\" srcset=\"https:\/\/face.unt.edu.ar\/web\/wp-content\/uploads\/2024\/10\/portada-libro-nueva-300x146.jpg 300w, https:\/\/face.unt.edu.ar\/web\/wp-content\/uploads\/2024\/10\/portada-libro-nueva-1024x498.jpg 1024w, https:\/\/face.unt.edu.ar\/web\/wp-content\/uploads\/2024\/10\/portada-libro-nueva-768x373.jpg 768w, https:\/\/face.unt.edu.ar\/web\/wp-content\/uploads\/2024\/10\/portada-libro-nueva-533x261.jpg 533w, https:\/\/face.unt.edu.ar\/web\/wp-content\/uploads\/2024\/10\/portada-libro-nueva-696x338.jpg 696w, https:\/\/face.unt.edu.ar\/web\/wp-content\/uploads\/2024\/10\/portada-libro-nueva-864x420.jpg 864w, https:\/\/face.unt.edu.ar\/web\/wp-content\/uploads\/2024\/10\/portada-libro-nueva.jpg 1047w\" sizes=\"(max-width: 468px) 100vw, 468px\" \/><\/a><\/p>\n","protected":false},"excerpt":{"rendered":"<p>El Cr. Luis Humberto Naufe, docente de nuestra Facultad de Ciencias Econ\u00f3micas de la Universidad Nacional de Tucum\u00e1n, presentar\u00e1 el libro de su autor\u00eda \u201cDerecho Societario para Contadores\u201d. La presentaci\u00f3n tendr\u00e1 lugar el viernes 01 de noviembre de 2024, a las 18:30 horas, en el Aula Magna de nuestra Casa de Estudios, Av. Independencia 1.900. [&hellip;]<\/p>\n","protected":false},"author":2,"featured_media":19578,"comment_status":"closed","ping_status":"closed","sticky":false,"template":"","format":"standard","meta":{"_et_pb_use_builder":"","_et_pb_old_content":"","_et_gb_content_width":"","footnotes":""},"categories":[4],"tags":[],"_links":{"self":[{"href":"https:\/\/face.unt.edu.ar\/web\/wp-json\/wp\/v2\/posts\/19577"}],"collection":[{"href":"https:\/\/face.unt.edu.ar\/web\/wp-json\/wp\/v2\/posts"}],"about":[{"href":"https:\/\/face.unt.edu.ar\/web\/wp-json\/wp\/v2\/types\/post"}],"author":[{"embeddable":true,"href":"https:\/\/face.unt.edu.ar\/web\/wp-json\/wp\/v2\/users\/2"}],"replies":[{"embeddable":true,"href":"https:\/\/face.unt.edu.ar\/web\/wp-json\/wp\/v2\/comments?post=19577"}],"version-history":[{"count":3,"href":"https:\/\/face.unt.edu.ar\/web\/wp-json\/wp\/v2\/posts\/19577\/revisions"}],"predecessor-version":[{"id":19597,"href":"https:\/\/face.unt.edu.ar\/web\/wp-json\/wp\/v2\/posts\/19577\/revisions\/19597"}],"wp:featuredmedia":[{"embeddable":true,"href":"https:\/\/face.unt.edu.ar\/web\/wp-json\/wp\/v2\/media\/19578"}],"wp:attachment":[{"href":"https:\/\/face.unt.edu.ar\/web\/wp-json\/wp\/v2\/media?parent=19577"}],"wp:term":[{"taxonomy":"category","embeddable":true,"href":"https:\/\/face.unt.edu.ar\/web\/wp-json\/wp\/v2\/categories?post=19577"},{"taxonomy":"post_tag","embeddable":true,"href":"https:\/\/face.unt.edu.ar\/web\/wp-json\/wp\/v2\/tags?post=19577"}],"curies":[{"name":"wp","href":"https:\/\/api.w.org\/{rel}","templated":true}]}}