{"id":19617,"date":"2024-10-31T15:17:52","date_gmt":"2024-10-31T15:17:52","guid":{"rendered":"https:\/\/face.unt.edu.ar\/web\/?p=19617"},"modified":"2024-11-01T14:54:43","modified_gmt":"2024-11-01T14:54:43","slug":"19617","status":"publish","type":"post","link":"https:\/\/face.unt.edu.ar\/web\/blog\/19617\/","title":{"rendered":"Se dictar\u00e1 el curso \u00abReforma Paquete Fiscal: Blanqueo, Moratoria, Bienes Personales, Monotributo\u00bb."},"content":{"rendered":"<p>Nuestra\u00a0<strong>Facultad de Ciencias Econ\u00f3micas de la UNT<\/strong> brindar\u00e1 el curso <strong>\u00abReforma Paquete Fiscal: Blanqueo, Moratoria, Bienes Personales, Monotributo\u00bb.<\/strong> El mismo dar\u00e1\u00a0<strong>inicio el 05 de noviembre <\/strong>de 2024. Estar\u00e1 a cargo del Esp. Mariano Dag\u00fam.<\/p>\n<p>Se dictar\u00e1\u00a0 el <strong>5 y 12 de noviembre, <\/strong><strong>\u00a0de 18:30 a 20:30 horas<\/strong>, con\u00a0<strong>modalidad virtual<\/strong>.<\/p>\n<p>Se trata de una actividad <strong>no arancelada<\/strong>.<\/p>\n<p>Inscripciones en el siguiente link<br \/>\n<strong><a href=\"https:\/\/docs.google.com\/forms\/d\/e\/1FAIpQLSeckwxiDJgmVK1aU8XT23mnaW-Fc3deMNlv4dvAbESXb_GtKw\/viewform\" target=\"_blank\" rel=\"noopener\">https:\/\/docs.google.com\/forms\/d\/e\/1FAIpQLSeckwxiDJgmVK1aU8XT23mnaW-Fc3deMNlv4dvAbESXb_GtKw\/viewform<\/a><\/strong><\/p>\n","protected":false},"excerpt":{"rendered":"<p>Nuestra\u00a0Facultad de Ciencias Econ\u00f3micas de la UNT brindar\u00e1 el curso \u00abReforma Paquete Fiscal: Blanqueo, Moratoria, Bienes Personales, Monotributo\u00bb. El mismo dar\u00e1\u00a0inicio el 05 de noviembre de 2024. Estar\u00e1 a cargo del Esp. Mariano Dag\u00fam. Se dictar\u00e1\u00a0 el 5 y 12 de noviembre, \u00a0de 18:30 a 20:30 horas, con\u00a0modalidad virtual. Se trata de una actividad no [&hellip;]<\/p>\n","protected":false},"author":123457,"featured_media":19618,"comment_status":"closed","ping_status":"closed","sticky":false,"template":"","format":"standard","meta":{"_et_pb_use_builder":"","_et_pb_old_content":"","_et_gb_content_width":"","footnotes":""},"categories":[4],"tags":[],"_links":{"self":[{"href":"https:\/\/face.unt.edu.ar\/web\/wp-json\/wp\/v2\/posts\/19617"}],"collection":[{"href":"https:\/\/face.unt.edu.ar\/web\/wp-json\/wp\/v2\/posts"}],"about":[{"href":"https:\/\/face.unt.edu.ar\/web\/wp-json\/wp\/v2\/types\/post"}],"author":[{"embeddable":true,"href":"https:\/\/face.unt.edu.ar\/web\/wp-json\/wp\/v2\/users\/123457"}],"replies":[{"embeddable":true,"href":"https:\/\/face.unt.edu.ar\/web\/wp-json\/wp\/v2\/comments?post=19617"}],"version-history":[{"count":4,"href":"https:\/\/face.unt.edu.ar\/web\/wp-json\/wp\/v2\/posts\/19617\/revisions"}],"predecessor-version":[{"id":19625,"href":"https:\/\/face.unt.edu.ar\/web\/wp-json\/wp\/v2\/posts\/19617\/revisions\/19625"}],"wp:featuredmedia":[{"embeddable":true,"href":"https:\/\/face.unt.edu.ar\/web\/wp-json\/wp\/v2\/media\/19618"}],"wp:attachment":[{"href":"https:\/\/face.unt.edu.ar\/web\/wp-json\/wp\/v2\/media?parent=19617"}],"wp:term":[{"taxonomy":"category","embeddable":true,"href":"https:\/\/face.unt.edu.ar\/web\/wp-json\/wp\/v2\/categories?post=19617"},{"taxonomy":"post_tag","embeddable":true,"href":"https:\/\/face.unt.edu.ar\/web\/wp-json\/wp\/v2\/tags?post=19617"}],"curies":[{"name":"wp","href":"https:\/\/api.w.org\/{rel}","templated":true}]}}