{"id":19695,"date":"2024-11-08T14:21:12","date_gmt":"2024-11-08T14:21:12","guid":{"rendered":"https:\/\/face.unt.edu.ar\/web\/?p=19695"},"modified":"2024-11-08T14:21:12","modified_gmt":"2024-11-08T14:21:12","slug":"curso-analitica-de-negocios-con-power-bi","status":"publish","type":"post","link":"https:\/\/face.unt.edu.ar\/web\/blog\/curso-analitica-de-negocios-con-power-bi\/","title":{"rendered":"Curso \u00abAnal\u00edtica de Negocios con Power BI\u00bb"},"content":{"rendered":"<p>Nuestra Facultad de Ciencias Econ\u00f3micas de la UNT ofrecer\u00e1 el Curso \u00abAnal\u00edtica de Negocios con Power BI\u00bb, que estar\u00e1 a cardo de los docentes Esp. Marcelo Medina Galv\u00e1n, Mg. Javier Garc\u00eda y Lic. Agostina Corbal\u00e1n.<\/p>\n<p>El curso iniciar\u00e1 el 20 de noviembre de 2024 y se dictar\u00e1 los mi\u00e9rcoles y viernes, en el horario de 18:30 a 21:30 horas, con modalidad virtual.<\/p>\n<p>Los cupos son limitados.<\/p>\n<p>La inversi\u00f3n a realizar es:<\/p>\n<ul class=\"n8H08c UVNKR \">\n<li class=\"zfr3Q TYR86d eD0Rn \" dir=\"ltr\">\n<p class=\"zfr3Q CDt4Ke \" dir=\"ltr\" role=\"presentation\"><span class=\"C9DxTc \">P\u00fablico en General:\u00a0<\/span><span class=\"C9DxTc \">$\u00a0<\/span><span class=\"C9DxTc \">50.000<\/span><span class=\"C9DxTc \">.-<\/span><\/p>\n<\/li>\n<li class=\"zfr3Q TYR86d eD0Rn \" dir=\"ltr\">\n<p class=\"zfr3Q CDt4Ke \" dir=\"ltr\" role=\"presentation\"><span class=\"C9DxTc \">Descuentos\u00a0<\/span><span class=\"C9DxTc \">Alumnos de grado FACE<\/span><\/p>\n<\/li>\n<\/ul>\n<p><strong><a href=\"https:\/\/sites.google.com\/face.unt.edu.ar\/capacitacion-face\/inicio\/cursos-2024\/anal%C3%ADtica-de-negocios-con-power-bi?fbclid=IwY2xjawGa-2pleHRuA2FlbQIxMAABHbhZnmTKcLTZh9I8xmuEA_lluIIbWP38j_ISTCNUDRRwrQ11XYio4av2vA_aem_ReqWVc-NIIQixvoyiBbocw\" target=\"_blank\" rel=\"noopener\">Inscripci\u00f3n online haciendo click aqu\u00ed.<\/a><\/strong><\/p>\n","protected":false},"excerpt":{"rendered":"<p>Nuestra Facultad de Ciencias Econ\u00f3micas de la UNT ofrecer\u00e1 el Curso \u00abAnal\u00edtica de Negocios con Power BI\u00bb, que estar\u00e1 a cardo de los docentes Esp. Marcelo Medina Galv\u00e1n, Mg. Javier Garc\u00eda y Lic. Agostina Corbal\u00e1n. El curso iniciar\u00e1 el 20 de noviembre de 2024 y se dictar\u00e1 los mi\u00e9rcoles y viernes, en el horario de [&hellip;]<\/p>\n","protected":false},"author":2,"featured_media":19696,"comment_status":"closed","ping_status":"closed","sticky":false,"template":"","format":"standard","meta":{"_et_pb_use_builder":"","_et_pb_old_content":"","_et_gb_content_width":"","footnotes":""},"categories":[4],"tags":[],"_links":{"self":[{"href":"https:\/\/face.unt.edu.ar\/web\/wp-json\/wp\/v2\/posts\/19695"}],"collection":[{"href":"https:\/\/face.unt.edu.ar\/web\/wp-json\/wp\/v2\/posts"}],"about":[{"href":"https:\/\/face.unt.edu.ar\/web\/wp-json\/wp\/v2\/types\/post"}],"author":[{"embeddable":true,"href":"https:\/\/face.unt.edu.ar\/web\/wp-json\/wp\/v2\/users\/2"}],"replies":[{"embeddable":true,"href":"https:\/\/face.unt.edu.ar\/web\/wp-json\/wp\/v2\/comments?post=19695"}],"version-history":[{"count":1,"href":"https:\/\/face.unt.edu.ar\/web\/wp-json\/wp\/v2\/posts\/19695\/revisions"}],"predecessor-version":[{"id":19697,"href":"https:\/\/face.unt.edu.ar\/web\/wp-json\/wp\/v2\/posts\/19695\/revisions\/19697"}],"wp:featuredmedia":[{"embeddable":true,"href":"https:\/\/face.unt.edu.ar\/web\/wp-json\/wp\/v2\/media\/19696"}],"wp:attachment":[{"href":"https:\/\/face.unt.edu.ar\/web\/wp-json\/wp\/v2\/media?parent=19695"}],"wp:term":[{"taxonomy":"category","embeddable":true,"href":"https:\/\/face.unt.edu.ar\/web\/wp-json\/wp\/v2\/categories?post=19695"},{"taxonomy":"post_tag","embeddable":true,"href":"https:\/\/face.unt.edu.ar\/web\/wp-json\/wp\/v2\/tags?post=19695"}],"curies":[{"name":"wp","href":"https:\/\/api.w.org\/{rel}","templated":true}]}}