{"id":19712,"date":"2024-11-12T14:46:57","date_gmt":"2024-11-12T14:46:57","guid":{"rendered":"https:\/\/face.unt.edu.ar\/web\/?p=19712"},"modified":"2024-11-12T14:55:09","modified_gmt":"2024-11-12T14:55:09","slug":"se-realizara-una-nueva-edicion-de-la-matila-2","status":"publish","type":"post","link":"https:\/\/face.unt.edu.ar\/web\/blog\/se-realizara-una-nueva-edicion-de-la-matila-2\/","title":{"rendered":"Se realizar\u00e1 una nueva edici\u00f3n de la MATILA"},"content":{"rendered":"<p>Finalizando este segundo cuatrimestre se realizar\u00e1 la <strong>XVI MATILA<\/strong> &#8211; <strong>Muestra Acad\u00e9mica de Trabajos de Investigaci\u00f3n de la Licenciatura en Administraci\u00f3n<\/strong> que es organizada por el <strong>Instituto de Administraci\u00f3n<\/strong> de nuestra Facultad de Ciencias Econ\u00f3micas de la UNT.<\/p>\n<p>La Muestra se realizar\u00e1 desde el lunes 25 de noviembre hasta el viernes 06 \u00a0de diciembre de 2024, con modalidad virtual.<\/p>\n<p>El acto de apertura se realizar\u00e1 el d\u00eda lunes 25 de noviembre a horas 19 horas.<\/p>\n<p>El objetivo de la Muestra Acad\u00e9mica es generar un espacio de reflexi\u00f3n y an\u00e1lisis de esta disciplina a trav\u00e9s de la exposici\u00f3n de los trabajos finales de la Licenciatura en Administraci\u00f3n, elaborados por los estudiantes en el marco de los siguientes espacios curriculares:<\/p>\n<ul>\n<li>Administraci\u00f3n de Operaciones II<\/li>\n<li>An\u00e1lisis y Dise\u00f1o de Sistemas<\/li>\n<li>Seguridad y Control en Sistemas Inform\u00e1ticos<\/li>\n<li>Control de Gesti\u00f3n<\/li>\n<li>Pr\u00e1ctica Profesional de la Licenciatura en Administraci\u00f3nPor consultas pueden comunicarse a:<strong>\u00a0<a href=\"mailto:jornadasdeinvestigacion@face.unt.edu.ar\">jornadasdeinvestigacion@face.unt.edu.ar<\/a><\/strong><\/li>\n<\/ul>\n<p><a href=\"https:\/\/drive.google.com\/file\/d\/1OvNeQVWKI-mQWNa01iQPVja9hJIQI7PD\/view?usp=sharing\" target=\"_blank\" rel=\"noopener\"><strong>M\u00e1s detalles sobre la presentaci\u00f3n de los trabajos, las condiciones de participaci\u00f3n e inscripciones haciendo clic aqu\u00ed.<\/strong><\/a><\/p>\n<p><a href=\"https:\/\/docs.google.com\/document\/d\/142vOaeOwlSvbkHxpn_7NtlSTF60zHnF7\/edit?usp=sharing&amp;ouid=111400135753990143719&amp;rtpof=true&amp;sd=true\" target=\"_blank\" rel=\"noopener\"><strong>Descargar la planilla de presentaci\u00f3n de trabajos a la MATILA haciendo clic aqu\u00ed.<\/strong><\/a><\/p>\n<p>&nbsp;<\/p>\n","protected":false},"excerpt":{"rendered":"<p>Finalizando este segundo cuatrimestre se realizar\u00e1 la XVI MATILA &#8211; Muestra Acad\u00e9mica de Trabajos de Investigaci\u00f3n de la Licenciatura en Administraci\u00f3n que es organizada por el Instituto de Administraci\u00f3n de nuestra Facultad de Ciencias Econ\u00f3micas de la UNT. La Muestra se realizar\u00e1 desde el lunes 25 de noviembre hasta el viernes 06 \u00a0de diciembre de [&hellip;]<\/p>\n","protected":false},"author":2,"featured_media":19713,"comment_status":"closed","ping_status":"closed","sticky":false,"template":"","format":"standard","meta":{"_et_pb_use_builder":"","_et_pb_old_content":"","_et_gb_content_width":"","footnotes":""},"categories":[4],"tags":[],"_links":{"self":[{"href":"https:\/\/face.unt.edu.ar\/web\/wp-json\/wp\/v2\/posts\/19712"}],"collection":[{"href":"https:\/\/face.unt.edu.ar\/web\/wp-json\/wp\/v2\/posts"}],"about":[{"href":"https:\/\/face.unt.edu.ar\/web\/wp-json\/wp\/v2\/types\/post"}],"author":[{"embeddable":true,"href":"https:\/\/face.unt.edu.ar\/web\/wp-json\/wp\/v2\/users\/2"}],"replies":[{"embeddable":true,"href":"https:\/\/face.unt.edu.ar\/web\/wp-json\/wp\/v2\/comments?post=19712"}],"version-history":[{"count":2,"href":"https:\/\/face.unt.edu.ar\/web\/wp-json\/wp\/v2\/posts\/19712\/revisions"}],"predecessor-version":[{"id":19715,"href":"https:\/\/face.unt.edu.ar\/web\/wp-json\/wp\/v2\/posts\/19712\/revisions\/19715"}],"wp:featuredmedia":[{"embeddable":true,"href":"https:\/\/face.unt.edu.ar\/web\/wp-json\/wp\/v2\/media\/19713"}],"wp:attachment":[{"href":"https:\/\/face.unt.edu.ar\/web\/wp-json\/wp\/v2\/media?parent=19712"}],"wp:term":[{"taxonomy":"category","embeddable":true,"href":"https:\/\/face.unt.edu.ar\/web\/wp-json\/wp\/v2\/categories?post=19712"},{"taxonomy":"post_tag","embeddable":true,"href":"https:\/\/face.unt.edu.ar\/web\/wp-json\/wp\/v2\/tags?post=19712"}],"curies":[{"name":"wp","href":"https:\/\/api.w.org\/{rel}","templated":true}]}}