{"id":19746,"date":"2024-11-20T15:00:56","date_gmt":"2024-11-20T15:00:56","guid":{"rendered":"https:\/\/face.unt.edu.ar\/web\/?p=19746"},"modified":"2024-11-20T15:01:48","modified_gmt":"2024-11-20T15:01:48","slug":"el-nuevo-numero-de-nuestra-revista-economicas-digital-ya-esta-disponible","status":"publish","type":"post","link":"https:\/\/face.unt.edu.ar\/web\/blog\/el-nuevo-numero-de-nuestra-revista-economicas-digital-ya-esta-disponible\/","title":{"rendered":"El nuevo n\u00famero de nuestra revista Econ\u00f3micas Digital ya est\u00e1 disponible!"},"content":{"rendered":"<p>Te invitamos a descubrir art\u00edculos de actualidad, entrevistas exclusivas y el talento de la comunidad universitaria de nuestra <strong>Facultad de Ciencias Econ\u00f3micas<\/strong>, en la revista institucional <strong>Econ\u00f3micas Digital<\/strong>, que presenta una nueva edici\u00f3n.<\/p>\n<p>La publicaci\u00f3n incluye el editorial del vicedecano, <strong>Esp. Gustavo Sota<\/strong>, \u201cDel diagn\u00f3stico a la ejecuci\u00f3n\u201d.<\/p>\n<p>Tambi\u00e9n presenta una entrevista al <strong>Lic. Ariel Auvieux<\/strong>, graduado de nuestra Facultad que se encuentra en Alemania.<\/p>\n<p>Adem\u00e1s, ofrece el art\u00edculo de actualidad del <strong>Esp. Ra\u00fal Estof\u00e1n<\/strong>, \u201cLa profesi\u00f3n del contador frente a los nuevos desaf\u00edos actuales\u201d.<\/p>\n<p>Por otro lado, la revista incluye el comentario del <strong>Lic. Santiago Costa<\/strong> que recibi\u00f3 el premio a la <strong>Mejor Tesina 2023<\/strong>.<\/p>\n<p>Y tambi\u00e9n ofrece un resumen del trabajo de investigaci\u00f3n \u201cEl problema de la deserci\u00f3n y rendimiento acad\u00e9mico en las carreras de Ciencias Econ\u00f3micas\u201d que realizaron el <strong>Mg. Patricio Cossio<\/strong>, <strong>Mg. Christine Isgro<\/strong> y <strong>Luz Villafa\u00f1e<\/strong>.<\/p>\n<p>Cabe destacar que nuestra revista Econ\u00f3micas Digital, tiene como objetivo proporcionar recursos valiosos y promover el intercambio de conocimientos y experiencias entre los miembros de la comunidad universitaria, constituy\u00e9ndose como un espacio que visibiliza el trabajo acad\u00e9mico, cultural y social de nuestra Facultad.<\/p>\n<p><a href=\"https:\/\/drive.google.com\/file\/d\/1k_BqRdMZ5rpTkhq9m2vQAoYFnoKlw_AD\/view?usp=sharing\" target=\"_blank\" rel=\"noopener\"><strong>Pueden descargar y leer el n\u00famero 18 de Econ\u00f3micas Digital haciendo clic aqu\u00ed.<\/strong><\/a><\/p>\n","protected":false},"excerpt":{"rendered":"<p>Te invitamos a descubrir art\u00edculos de actualidad, entrevistas exclusivas y el talento de la comunidad universitaria de nuestra Facultad de Ciencias Econ\u00f3micas, en la revista institucional Econ\u00f3micas Digital, que presenta una nueva edici\u00f3n. La publicaci\u00f3n incluye el editorial del vicedecano, Esp. Gustavo Sota, \u201cDel diagn\u00f3stico a la ejecuci\u00f3n\u201d. Tambi\u00e9n presenta una entrevista al Lic. Ariel [&hellip;]<\/p>\n","protected":false},"author":2,"featured_media":19750,"comment_status":"closed","ping_status":"closed","sticky":false,"template":"","format":"standard","meta":{"_et_pb_use_builder":"","_et_pb_old_content":"","_et_gb_content_width":"","footnotes":""},"categories":[4],"tags":[],"_links":{"self":[{"href":"https:\/\/face.unt.edu.ar\/web\/wp-json\/wp\/v2\/posts\/19746"}],"collection":[{"href":"https:\/\/face.unt.edu.ar\/web\/wp-json\/wp\/v2\/posts"}],"about":[{"href":"https:\/\/face.unt.edu.ar\/web\/wp-json\/wp\/v2\/types\/post"}],"author":[{"embeddable":true,"href":"https:\/\/face.unt.edu.ar\/web\/wp-json\/wp\/v2\/users\/2"}],"replies":[{"embeddable":true,"href":"https:\/\/face.unt.edu.ar\/web\/wp-json\/wp\/v2\/comments?post=19746"}],"version-history":[{"count":2,"href":"https:\/\/face.unt.edu.ar\/web\/wp-json\/wp\/v2\/posts\/19746\/revisions"}],"predecessor-version":[{"id":19749,"href":"https:\/\/face.unt.edu.ar\/web\/wp-json\/wp\/v2\/posts\/19746\/revisions\/19749"}],"wp:featuredmedia":[{"embeddable":true,"href":"https:\/\/face.unt.edu.ar\/web\/wp-json\/wp\/v2\/media\/19750"}],"wp:attachment":[{"href":"https:\/\/face.unt.edu.ar\/web\/wp-json\/wp\/v2\/media?parent=19746"}],"wp:term":[{"taxonomy":"category","embeddable":true,"href":"https:\/\/face.unt.edu.ar\/web\/wp-json\/wp\/v2\/categories?post=19746"},{"taxonomy":"post_tag","embeddable":true,"href":"https:\/\/face.unt.edu.ar\/web\/wp-json\/wp\/v2\/tags?post=19746"}],"curies":[{"name":"wp","href":"https:\/\/api.w.org\/{rel}","templated":true}]}}