{"id":19904,"date":"2024-12-13T09:00:11","date_gmt":"2024-12-13T09:00:11","guid":{"rendered":"https:\/\/face.unt.edu.ar\/web\/?p=19904"},"modified":"2024-12-12T14:23:10","modified_gmt":"2024-12-12T14:23:10","slug":"docentes-de-nuestra-facultad-participaron-del-programa-de-movilidad-docente-de-la-redface","status":"publish","type":"post","link":"https:\/\/face.unt.edu.ar\/web\/blog\/docentes-de-nuestra-facultad-participaron-del-programa-de-movilidad-docente-de-la-redface\/","title":{"rendered":"Docentes de nuestra Facultad participaron del Programa de Movilidad Docente de la REDFACE"},"content":{"rendered":"<p style=\"font-weight: 400\">Durante octubre de este a\u00f1o, los docentes de nuestra\u00a0<strong>Facultad de Ciencias Econ\u00f3micas de la Universidad Nacional de Tucum\u00e1n<\/strong>,\u00a0<strong>Lic. Esteban Mulki<\/strong>\u00a0y\u00a0<strong>Esp. Marcelo Medina Galv\u00e1n<\/strong>, participaron del\u00a0<strong>Programa de Movilidad Docente de la Red de Facultades de Ciencias Econ\u00f3micas del Norte Argentino (REDFACE)<\/strong>\u00a0en universidades de provincias vecinas.<\/p>\n<p style=\"font-weight: 400\">Por una lado, el Lic. Esteban Mulki, profesor de las asignaturas Sistemas de Informaci\u00f3n I y II, particip\u00f3 como docente invitado en clases de las materias Tecnolog\u00eda de la Informaci\u00f3n y Actualizaci\u00f3n Digital para profesionales en la\u00a0<strong>Facultad de Ciencias Econ\u00f3micas y de Administraci\u00f3n de la Universidad Nacional de Catamarca<\/strong>. Tambi\u00e9n particip\u00f3 del dictado de una charla-debate \u201cLa IA en las Ciencias Econ\u00f3micas: desaf\u00edos y oportunidades en la formaci\u00f3n y el futuro profesional\u201d de la cual participaron docentes, estudiantes y egresados.<\/p>\n<p><a href=\"https:\/\/face.unt.edu.ar\/web\/wp-content\/uploads\/2024\/12\/463022722_1071507044985238_1178442162848252306_n.jpg\"><img decoding=\"async\" loading=\"lazy\" class=\"alignnone size-medium wp-image-19908\" src=\"https:\/\/face.unt.edu.ar\/web\/wp-content\/uploads\/2024\/12\/463022722_1071507044985238_1178442162848252306_n-300x225.jpg\" alt=\"\" width=\"300\" height=\"225\" srcset=\"https:\/\/face.unt.edu.ar\/web\/wp-content\/uploads\/2024\/12\/463022722_1071507044985238_1178442162848252306_n-300x225.jpg 300w, https:\/\/face.unt.edu.ar\/web\/wp-content\/uploads\/2024\/12\/463022722_1071507044985238_1178442162848252306_n-1024x767.jpg 1024w, https:\/\/face.unt.edu.ar\/web\/wp-content\/uploads\/2024\/12\/463022722_1071507044985238_1178442162848252306_n-768x575.jpg 768w, https:\/\/face.unt.edu.ar\/web\/wp-content\/uploads\/2024\/12\/463022722_1071507044985238_1178442162848252306_n-80x60.jpg 80w, https:\/\/face.unt.edu.ar\/web\/wp-content\/uploads\/2024\/12\/463022722_1071507044985238_1178442162848252306_n-160x120.jpg 160w, https:\/\/face.unt.edu.ar\/web\/wp-content\/uploads\/2024\/12\/463022722_1071507044985238_1178442162848252306_n-265x198.jpg 265w, https:\/\/face.unt.edu.ar\/web\/wp-content\/uploads\/2024\/12\/463022722_1071507044985238_1178442162848252306_n-530x396.jpg 530w, https:\/\/face.unt.edu.ar\/web\/wp-content\/uploads\/2024\/12\/463022722_1071507044985238_1178442162848252306_n-696x521.jpg 696w, https:\/\/face.unt.edu.ar\/web\/wp-content\/uploads\/2024\/12\/463022722_1071507044985238_1178442162848252306_n-1068x800.jpg 1068w, https:\/\/face.unt.edu.ar\/web\/wp-content\/uploads\/2024\/12\/463022722_1071507044985238_1178442162848252306_n-561x420.jpg 561w, https:\/\/face.unt.edu.ar\/web\/wp-content\/uploads\/2024\/12\/463022722_1071507044985238_1178442162848252306_n.jpg 1080w\" sizes=\"(max-width: 300px) 100vw, 300px\" \/><\/a> <a href=\"https:\/\/face.unt.edu.ar\/web\/wp-content\/uploads\/2024\/12\/463023442_1071507061651903_92642293721608635_n.jpg\"><img decoding=\"async\" loading=\"lazy\" class=\"alignnone size-medium wp-image-19909\" src=\"https:\/\/face.unt.edu.ar\/web\/wp-content\/uploads\/2024\/12\/463023442_1071507061651903_92642293721608635_n-300x225.jpg\" alt=\"\" width=\"300\" height=\"225\" srcset=\"https:\/\/face.unt.edu.ar\/web\/wp-content\/uploads\/2024\/12\/463023442_1071507061651903_92642293721608635_n-300x225.jpg 300w, https:\/\/face.unt.edu.ar\/web\/wp-content\/uploads\/2024\/12\/463023442_1071507061651903_92642293721608635_n-1024x767.jpg 1024w, https:\/\/face.unt.edu.ar\/web\/wp-content\/uploads\/2024\/12\/463023442_1071507061651903_92642293721608635_n-768x575.jpg 768w, https:\/\/face.unt.edu.ar\/web\/wp-content\/uploads\/2024\/12\/463023442_1071507061651903_92642293721608635_n-80x60.jpg 80w, https:\/\/face.unt.edu.ar\/web\/wp-content\/uploads\/2024\/12\/463023442_1071507061651903_92642293721608635_n-160x120.jpg 160w, https:\/\/face.unt.edu.ar\/web\/wp-content\/uploads\/2024\/12\/463023442_1071507061651903_92642293721608635_n-265x198.jpg 265w, https:\/\/face.unt.edu.ar\/web\/wp-content\/uploads\/2024\/12\/463023442_1071507061651903_92642293721608635_n-530x396.jpg 530w, https:\/\/face.unt.edu.ar\/web\/wp-content\/uploads\/2024\/12\/463023442_1071507061651903_92642293721608635_n-696x521.jpg 696w, https:\/\/face.unt.edu.ar\/web\/wp-content\/uploads\/2024\/12\/463023442_1071507061651903_92642293721608635_n-1068x800.jpg 1068w, https:\/\/face.unt.edu.ar\/web\/wp-content\/uploads\/2024\/12\/463023442_1071507061651903_92642293721608635_n-561x420.jpg 561w, https:\/\/face.unt.edu.ar\/web\/wp-content\/uploads\/2024\/12\/463023442_1071507061651903_92642293721608635_n.jpg 1080w\" sizes=\"(max-width: 300px) 100vw, 300px\" \/><\/a> <a href=\"https:\/\/face.unt.edu.ar\/web\/wp-content\/uploads\/2024\/12\/463072647_1071507018318574_5574124115772404113_n.jpg\"><img decoding=\"async\" loading=\"lazy\" class=\"alignnone size-medium wp-image-19910\" src=\"https:\/\/face.unt.edu.ar\/web\/wp-content\/uploads\/2024\/12\/463072647_1071507018318574_5574124115772404113_n-300x224.jpg\" alt=\"\" width=\"300\" height=\"224\" srcset=\"https:\/\/face.unt.edu.ar\/web\/wp-content\/uploads\/2024\/12\/463072647_1071507018318574_5574124115772404113_n-300x224.jpg 300w, https:\/\/face.unt.edu.ar\/web\/wp-content\/uploads\/2024\/12\/463072647_1071507018318574_5574124115772404113_n-1024x764.jpg 1024w, https:\/\/face.unt.edu.ar\/web\/wp-content\/uploads\/2024\/12\/463072647_1071507018318574_5574124115772404113_n-768x573.jpg 768w, https:\/\/face.unt.edu.ar\/web\/wp-content\/uploads\/2024\/12\/463072647_1071507018318574_5574124115772404113_n-80x60.jpg 80w, https:\/\/face.unt.edu.ar\/web\/wp-content\/uploads\/2024\/12\/463072647_1071507018318574_5574124115772404113_n-160x120.jpg 160w, https:\/\/face.unt.edu.ar\/web\/wp-content\/uploads\/2024\/12\/463072647_1071507018318574_5574124115772404113_n-265x198.jpg 265w, https:\/\/face.unt.edu.ar\/web\/wp-content\/uploads\/2024\/12\/463072647_1071507018318574_5574124115772404113_n-530x396.jpg 530w, https:\/\/face.unt.edu.ar\/web\/wp-content\/uploads\/2024\/12\/463072647_1071507018318574_5574124115772404113_n-485x360.jpg 485w, https:\/\/face.unt.edu.ar\/web\/wp-content\/uploads\/2024\/12\/463072647_1071507018318574_5574124115772404113_n-970x720.jpg 970w, https:\/\/face.unt.edu.ar\/web\/wp-content\/uploads\/2024\/12\/463072647_1071507018318574_5574124115772404113_n-696x519.jpg 696w, https:\/\/face.unt.edu.ar\/web\/wp-content\/uploads\/2024\/12\/463072647_1071507018318574_5574124115772404113_n-1068x797.jpg 1068w, https:\/\/face.unt.edu.ar\/web\/wp-content\/uploads\/2024\/12\/463072647_1071507018318574_5574124115772404113_n-563x420.jpg 563w, https:\/\/face.unt.edu.ar\/web\/wp-content\/uploads\/2024\/12\/463072647_1071507018318574_5574124115772404113_n.jpg 1080w\" sizes=\"(max-width: 300px) 100vw, 300px\" \/><\/a> <a href=\"https:\/\/face.unt.edu.ar\/web\/wp-content\/uploads\/2024\/12\/463242975_1071506981651911_143094084175899723_n.jpg\"><img decoding=\"async\" loading=\"lazy\" class=\"alignnone size-medium wp-image-19911\" src=\"https:\/\/face.unt.edu.ar\/web\/wp-content\/uploads\/2024\/12\/463242975_1071506981651911_143094084175899723_n-300x222.jpg\" alt=\"\" width=\"300\" height=\"222\" srcset=\"https:\/\/face.unt.edu.ar\/web\/wp-content\/uploads\/2024\/12\/463242975_1071506981651911_143094084175899723_n-300x222.jpg 300w, https:\/\/face.unt.edu.ar\/web\/wp-content\/uploads\/2024\/12\/463242975_1071506981651911_143094084175899723_n-1024x759.jpg 1024w, https:\/\/face.unt.edu.ar\/web\/wp-content\/uploads\/2024\/12\/463242975_1071506981651911_143094084175899723_n-768x569.jpg 768w, https:\/\/face.unt.edu.ar\/web\/wp-content\/uploads\/2024\/12\/463242975_1071506981651911_143094084175899723_n-80x60.jpg 80w, https:\/\/face.unt.edu.ar\/web\/wp-content\/uploads\/2024\/12\/463242975_1071506981651911_143094084175899723_n-485x360.jpg 485w, https:\/\/face.unt.edu.ar\/web\/wp-content\/uploads\/2024\/12\/463242975_1071506981651911_143094084175899723_n-970x720.jpg 970w, https:\/\/face.unt.edu.ar\/web\/wp-content\/uploads\/2024\/12\/463242975_1071506981651911_143094084175899723_n-696x516.jpg 696w, https:\/\/face.unt.edu.ar\/web\/wp-content\/uploads\/2024\/12\/463242975_1071506981651911_143094084175899723_n-1068x791.jpg 1068w, https:\/\/face.unt.edu.ar\/web\/wp-content\/uploads\/2024\/12\/463242975_1071506981651911_143094084175899723_n-567x420.jpg 567w, https:\/\/face.unt.edu.ar\/web\/wp-content\/uploads\/2024\/12\/463242975_1071506981651911_143094084175899723_n.jpg 1080w\" sizes=\"(max-width: 300px) 100vw, 300px\" \/><\/a><\/p>\n<p style=\"font-weight: 400\">Por otro lado, el Esp. Marcelo Medina Galv\u00e1n, profesor de las asignaturas Contabilidad Gerencial y Control de Gesti\u00f3n, estuvo como docente invitado en la\u00a0<strong>Facultad de Ciencias Econ\u00f3micas, Jur\u00eddicas y Sociales de la Universidad Nacional de Salta<\/strong>. All\u00ed, particip\u00f3 de reuniones con los directores de institutos de investigaci\u00f3n de esa unidad acad\u00e9mica; tuvo a su cargo el dictado de clases conjuntas con el equipo de c\u00e1tedra de Metodolog\u00eda de la Investigaci\u00f3n; brind\u00f3 el \u201cWorkshop de M\u00e9todos y T\u00e9cnicas de Investigaci\u00f3n en Negocios\u201d y ofreci\u00f3 la \u201dConferencia sobre el rol de la investigaci\u00f3n en los Profesionales de Ciencias Econ\u00f3micas\u201d. Adem\u00e1s, particip\u00f3 como expositor en las Jornadas de Investigaci\u00f3n en Ciencias Econ\u00f3micas Jur\u00eddicas y Sociales (JICES) de esa Facultad.<\/p>\n<p><a href=\"https:\/\/face.unt.edu.ar\/web\/wp-content\/uploads\/2024\/12\/13.png\"><img decoding=\"async\" loading=\"lazy\" class=\"alignnone size-medium wp-image-19912\" src=\"https:\/\/face.unt.edu.ar\/web\/wp-content\/uploads\/2024\/12\/13-300x169.png\" alt=\"\" width=\"300\" height=\"169\" srcset=\"https:\/\/face.unt.edu.ar\/web\/wp-content\/uploads\/2024\/12\/13-300x169.png 300w, https:\/\/face.unt.edu.ar\/web\/wp-content\/uploads\/2024\/12\/13-768x432.png 768w, https:\/\/face.unt.edu.ar\/web\/wp-content\/uploads\/2024\/12\/13-696x391.png 696w, https:\/\/face.unt.edu.ar\/web\/wp-content\/uploads\/2024\/12\/13-747x420.png 747w, https:\/\/face.unt.edu.ar\/web\/wp-content\/uploads\/2024\/12\/13.png 1000w\" sizes=\"(max-width: 300px) 100vw, 300px\" \/><\/a> <a href=\"https:\/\/face.unt.edu.ar\/web\/wp-content\/uploads\/2024\/12\/14-1.jpg\"><img decoding=\"async\" loading=\"lazy\" class=\"alignnone size-medium wp-image-19913\" src=\"https:\/\/face.unt.edu.ar\/web\/wp-content\/uploads\/2024\/12\/14-1-300x169.jpg\" alt=\"\" width=\"300\" height=\"169\" srcset=\"https:\/\/face.unt.edu.ar\/web\/wp-content\/uploads\/2024\/12\/14-1-300x169.jpg 300w, https:\/\/face.unt.edu.ar\/web\/wp-content\/uploads\/2024\/12\/14-1-768x432.jpg 768w, https:\/\/face.unt.edu.ar\/web\/wp-content\/uploads\/2024\/12\/14-1-696x391.jpg 696w, https:\/\/face.unt.edu.ar\/web\/wp-content\/uploads\/2024\/12\/14-1-747x420.jpg 747w, https:\/\/face.unt.edu.ar\/web\/wp-content\/uploads\/2024\/12\/14-1.jpg 1000w\" sizes=\"(max-width: 300px) 100vw, 300px\" \/><\/a> <a href=\"https:\/\/face.unt.edu.ar\/web\/wp-content\/uploads\/2024\/12\/15-1.jpg\"><img decoding=\"async\" loading=\"lazy\" class=\"alignnone size-medium wp-image-19914\" src=\"https:\/\/face.unt.edu.ar\/web\/wp-content\/uploads\/2024\/12\/15-1-300x169.jpg\" alt=\"\" width=\"300\" height=\"169\" srcset=\"https:\/\/face.unt.edu.ar\/web\/wp-content\/uploads\/2024\/12\/15-1-300x169.jpg 300w, https:\/\/face.unt.edu.ar\/web\/wp-content\/uploads\/2024\/12\/15-1-768x432.jpg 768w, https:\/\/face.unt.edu.ar\/web\/wp-content\/uploads\/2024\/12\/15-1-696x391.jpg 696w, https:\/\/face.unt.edu.ar\/web\/wp-content\/uploads\/2024\/12\/15-1-747x420.jpg 747w, https:\/\/face.unt.edu.ar\/web\/wp-content\/uploads\/2024\/12\/15-1.jpg 1000w\" sizes=\"(max-width: 300px) 100vw, 300px\" \/><\/a><\/p>\n<p style=\"font-weight: 400\">Cabe destacar que el Programa de Movilidad Docente de la REDFACE tiene como prop\u00f3sito promover el intercambio acad\u00e9mico entre profesores de las Facultades miembros de la Red, fomentando la colaboraci\u00f3n, el enriquecimiento pedag\u00f3gico y la investigaci\u00f3n conjunta, mediante el intercambio de experiencias docentes y de investigaci\u00f3n en el campo de las ciencias econ\u00f3micas.<\/p>\n<p>&nbsp;<\/p>\n","protected":false},"excerpt":{"rendered":"<p>Durante octubre de este a\u00f1o, los docentes de nuestra\u00a0Facultad de Ciencias Econ\u00f3micas de la Universidad Nacional de Tucum\u00e1n,\u00a0Lic. Esteban Mulki\u00a0y\u00a0Esp. Marcelo Medina Galv\u00e1n, participaron del\u00a0Programa de Movilidad Docente de la Red de Facultades de Ciencias Econ\u00f3micas del Norte Argentino (REDFACE)\u00a0en universidades de provincias vecinas. Por una lado, el Lic. Esteban Mulki, profesor de las asignaturas [&hellip;]<\/p>\n","protected":false},"author":2,"featured_media":19905,"comment_status":"closed","ping_status":"closed","sticky":false,"template":"","format":"standard","meta":{"_et_pb_use_builder":"","_et_pb_old_content":"","_et_gb_content_width":"","footnotes":""},"categories":[4],"tags":[],"_links":{"self":[{"href":"https:\/\/face.unt.edu.ar\/web\/wp-json\/wp\/v2\/posts\/19904"}],"collection":[{"href":"https:\/\/face.unt.edu.ar\/web\/wp-json\/wp\/v2\/posts"}],"about":[{"href":"https:\/\/face.unt.edu.ar\/web\/wp-json\/wp\/v2\/types\/post"}],"author":[{"embeddable":true,"href":"https:\/\/face.unt.edu.ar\/web\/wp-json\/wp\/v2\/users\/2"}],"replies":[{"embeddable":true,"href":"https:\/\/face.unt.edu.ar\/web\/wp-json\/wp\/v2\/comments?post=19904"}],"version-history":[{"count":3,"href":"https:\/\/face.unt.edu.ar\/web\/wp-json\/wp\/v2\/posts\/19904\/revisions"}],"predecessor-version":[{"id":19915,"href":"https:\/\/face.unt.edu.ar\/web\/wp-json\/wp\/v2\/posts\/19904\/revisions\/19915"}],"wp:featuredmedia":[{"embeddable":true,"href":"https:\/\/face.unt.edu.ar\/web\/wp-json\/wp\/v2\/media\/19905"}],"wp:attachment":[{"href":"https:\/\/face.unt.edu.ar\/web\/wp-json\/wp\/v2\/media?parent=19904"}],"wp:term":[{"taxonomy":"category","embeddable":true,"href":"https:\/\/face.unt.edu.ar\/web\/wp-json\/wp\/v2\/categories?post=19904"},{"taxonomy":"post_tag","embeddable":true,"href":"https:\/\/face.unt.edu.ar\/web\/wp-json\/wp\/v2\/tags?post=19904"}],"curies":[{"name":"wp","href":"https:\/\/api.w.org\/{rel}","templated":true}]}}