{"id":19958,"date":"2024-12-19T15:00:54","date_gmt":"2024-12-19T15:00:54","guid":{"rendered":"https:\/\/face.unt.edu.ar\/web\/?p=19958"},"modified":"2024-12-19T13:16:51","modified_gmt":"2024-12-19T13:16:51","slug":"cierre-de-ano-de-las-comisiones-de-seguimiento-de-planes-de-estudio-de-nuestra-facultad","status":"publish","type":"post","link":"https:\/\/face.unt.edu.ar\/web\/blog\/cierre-de-ano-de-las-comisiones-de-seguimiento-de-planes-de-estudio-de-nuestra-facultad\/","title":{"rendered":"Cierre de a\u00f1o de las Comisiones de Seguimiento de Planes de Estudio de nuestra Facultad"},"content":{"rendered":"<div dir=\"auto\">Tuvo lugar, en la sala del Honorable Consejo Directivo de nuestra Facultad de Ciencias Econ\u00f3micas de la UNT, la \u00faltima reuni\u00f3n del a\u00f1o de las Comisiones de Seguimiento de Planes de Estudio, que vienen trabajando en la actualizaci\u00f3n y mejora de la oferta acad\u00e9mica de nuestra Facultad.<\/div>\n<div dir=\"auto\"><\/div>\n<div dir=\"auto\">La reuni\u00f3n estuvo encabezada por la secretaria Acad\u00e9mica, Mg. Mar\u00eda Liliana Pacheco y participaron los integrantes de las 3 comisiones.<\/div>\n<div dir=\"auto\"><\/div>\n<div dir=\"auto\">En este caso, se trataron las \u00faltimas novedades de la universidad, del \u00e1mbito acad\u00e9mico, y como cierre de a\u00f1o se hizo un an\u00e1lisis de lo trabajado durante este ciclo lectivo. La Secretaria Acad\u00e9mica agradeci\u00f3 la predisposici\u00f3n y el compromiso y felicit\u00f3 a los docentes por el trabajo realizado.<\/div>\n<div dir=\"auto\"><\/div>\n<div dir=\"auto\"><a href=\"https:\/\/face.unt.edu.ar\/web\/wp-content\/uploads\/2024\/12\/P1.jpg\"><img decoding=\"async\" loading=\"lazy\" class=\"alignnone size-medium wp-image-19960\" src=\"https:\/\/face.unt.edu.ar\/web\/wp-content\/uploads\/2024\/12\/P1-300x225.jpg\" alt=\"\" width=\"300\" height=\"225\" srcset=\"https:\/\/face.unt.edu.ar\/web\/wp-content\/uploads\/2024\/12\/P1-300x225.jpg 300w, https:\/\/face.unt.edu.ar\/web\/wp-content\/uploads\/2024\/12\/P1-768x576.jpg 768w, https:\/\/face.unt.edu.ar\/web\/wp-content\/uploads\/2024\/12\/P1-80x60.jpg 80w, https:\/\/face.unt.edu.ar\/web\/wp-content\/uploads\/2024\/12\/P1-160x120.jpg 160w, https:\/\/face.unt.edu.ar\/web\/wp-content\/uploads\/2024\/12\/P1-265x198.jpg 265w, https:\/\/face.unt.edu.ar\/web\/wp-content\/uploads\/2024\/12\/P1-530x396.jpg 530w, https:\/\/face.unt.edu.ar\/web\/wp-content\/uploads\/2024\/12\/P1-696x522.jpg 696w, https:\/\/face.unt.edu.ar\/web\/wp-content\/uploads\/2024\/12\/P1-560x420.jpg 560w, https:\/\/face.unt.edu.ar\/web\/wp-content\/uploads\/2024\/12\/P1.jpg 1000w\" sizes=\"(max-width: 300px) 100vw, 300px\" \/><\/a> <a href=\"https:\/\/face.unt.edu.ar\/web\/wp-content\/uploads\/2024\/12\/P2.jpg\"><img decoding=\"async\" loading=\"lazy\" class=\"alignnone size-medium wp-image-19961\" src=\"https:\/\/face.unt.edu.ar\/web\/wp-content\/uploads\/2024\/12\/P2-300x225.jpg\" alt=\"\" width=\"300\" height=\"225\" srcset=\"https:\/\/face.unt.edu.ar\/web\/wp-content\/uploads\/2024\/12\/P2-300x225.jpg 300w, https:\/\/face.unt.edu.ar\/web\/wp-content\/uploads\/2024\/12\/P2-768x576.jpg 768w, https:\/\/face.unt.edu.ar\/web\/wp-content\/uploads\/2024\/12\/P2-80x60.jpg 80w, https:\/\/face.unt.edu.ar\/web\/wp-content\/uploads\/2024\/12\/P2-160x120.jpg 160w, https:\/\/face.unt.edu.ar\/web\/wp-content\/uploads\/2024\/12\/P2-265x198.jpg 265w, https:\/\/face.unt.edu.ar\/web\/wp-content\/uploads\/2024\/12\/P2-530x396.jpg 530w, https:\/\/face.unt.edu.ar\/web\/wp-content\/uploads\/2024\/12\/P2-696x522.jpg 696w, https:\/\/face.unt.edu.ar\/web\/wp-content\/uploads\/2024\/12\/P2-560x420.jpg 560w, https:\/\/face.unt.edu.ar\/web\/wp-content\/uploads\/2024\/12\/P2.jpg 1000w\" sizes=\"(max-width: 300px) 100vw, 300px\" \/><\/a> <a href=\"https:\/\/face.unt.edu.ar\/web\/wp-content\/uploads\/2024\/12\/P3.jpg\"><img decoding=\"async\" loading=\"lazy\" class=\"alignnone size-medium wp-image-19962\" src=\"https:\/\/face.unt.edu.ar\/web\/wp-content\/uploads\/2024\/12\/P3-300x225.jpg\" alt=\"\" width=\"300\" height=\"225\" srcset=\"https:\/\/face.unt.edu.ar\/web\/wp-content\/uploads\/2024\/12\/P3-300x225.jpg 300w, https:\/\/face.unt.edu.ar\/web\/wp-content\/uploads\/2024\/12\/P3-768x576.jpg 768w, https:\/\/face.unt.edu.ar\/web\/wp-content\/uploads\/2024\/12\/P3-80x60.jpg 80w, https:\/\/face.unt.edu.ar\/web\/wp-content\/uploads\/2024\/12\/P3-160x120.jpg 160w, https:\/\/face.unt.edu.ar\/web\/wp-content\/uploads\/2024\/12\/P3-265x198.jpg 265w, https:\/\/face.unt.edu.ar\/web\/wp-content\/uploads\/2024\/12\/P3-530x396.jpg 530w, https:\/\/face.unt.edu.ar\/web\/wp-content\/uploads\/2024\/12\/P3-696x522.jpg 696w, https:\/\/face.unt.edu.ar\/web\/wp-content\/uploads\/2024\/12\/P3-560x420.jpg 560w, https:\/\/face.unt.edu.ar\/web\/wp-content\/uploads\/2024\/12\/P3.jpg 1000w\" sizes=\"(max-width: 300px) 100vw, 300px\" \/><\/a> <a href=\"https:\/\/face.unt.edu.ar\/web\/wp-content\/uploads\/2024\/12\/P6.jpg\"><img decoding=\"async\" loading=\"lazy\" class=\"alignnone size-medium wp-image-19963\" src=\"https:\/\/face.unt.edu.ar\/web\/wp-content\/uploads\/2024\/12\/P6-300x225.jpg\" alt=\"\" width=\"300\" height=\"225\" srcset=\"https:\/\/face.unt.edu.ar\/web\/wp-content\/uploads\/2024\/12\/P6-300x225.jpg 300w, https:\/\/face.unt.edu.ar\/web\/wp-content\/uploads\/2024\/12\/P6-768x576.jpg 768w, https:\/\/face.unt.edu.ar\/web\/wp-content\/uploads\/2024\/12\/P6-80x60.jpg 80w, https:\/\/face.unt.edu.ar\/web\/wp-content\/uploads\/2024\/12\/P6-160x120.jpg 160w, https:\/\/face.unt.edu.ar\/web\/wp-content\/uploads\/2024\/12\/P6-265x198.jpg 265w, https:\/\/face.unt.edu.ar\/web\/wp-content\/uploads\/2024\/12\/P6-530x396.jpg 530w, https:\/\/face.unt.edu.ar\/web\/wp-content\/uploads\/2024\/12\/P6-696x522.jpg 696w, https:\/\/face.unt.edu.ar\/web\/wp-content\/uploads\/2024\/12\/P6-560x420.jpg 560w, https:\/\/face.unt.edu.ar\/web\/wp-content\/uploads\/2024\/12\/P6.jpg 1000w\" sizes=\"(max-width: 300px) 100vw, 300px\" \/><\/a><\/div>\n","protected":false},"excerpt":{"rendered":"<p>Tuvo lugar, en la sala del Honorable Consejo Directivo de nuestra Facultad de Ciencias Econ\u00f3micas de la UNT, la \u00faltima reuni\u00f3n del a\u00f1o de las Comisiones de Seguimiento de Planes de Estudio, que vienen trabajando en la actualizaci\u00f3n y mejora de la oferta acad\u00e9mica de nuestra Facultad. La reuni\u00f3n estuvo encabezada por la secretaria Acad\u00e9mica, [&hellip;]<\/p>\n","protected":false},"author":2,"featured_media":19959,"comment_status":"closed","ping_status":"closed","sticky":false,"template":"","format":"standard","meta":{"_et_pb_use_builder":"","_et_pb_old_content":"","_et_gb_content_width":"","footnotes":""},"categories":[4],"tags":[],"_links":{"self":[{"href":"https:\/\/face.unt.edu.ar\/web\/wp-json\/wp\/v2\/posts\/19958"}],"collection":[{"href":"https:\/\/face.unt.edu.ar\/web\/wp-json\/wp\/v2\/posts"}],"about":[{"href":"https:\/\/face.unt.edu.ar\/web\/wp-json\/wp\/v2\/types\/post"}],"author":[{"embeddable":true,"href":"https:\/\/face.unt.edu.ar\/web\/wp-json\/wp\/v2\/users\/2"}],"replies":[{"embeddable":true,"href":"https:\/\/face.unt.edu.ar\/web\/wp-json\/wp\/v2\/comments?post=19958"}],"version-history":[{"count":1,"href":"https:\/\/face.unt.edu.ar\/web\/wp-json\/wp\/v2\/posts\/19958\/revisions"}],"predecessor-version":[{"id":19964,"href":"https:\/\/face.unt.edu.ar\/web\/wp-json\/wp\/v2\/posts\/19958\/revisions\/19964"}],"wp:featuredmedia":[{"embeddable":true,"href":"https:\/\/face.unt.edu.ar\/web\/wp-json\/wp\/v2\/media\/19959"}],"wp:attachment":[{"href":"https:\/\/face.unt.edu.ar\/web\/wp-json\/wp\/v2\/media?parent=19958"}],"wp:term":[{"taxonomy":"category","embeddable":true,"href":"https:\/\/face.unt.edu.ar\/web\/wp-json\/wp\/v2\/categories?post=19958"},{"taxonomy":"post_tag","embeddable":true,"href":"https:\/\/face.unt.edu.ar\/web\/wp-json\/wp\/v2\/tags?post=19958"}],"curies":[{"name":"wp","href":"https:\/\/api.w.org\/{rel}","templated":true}]}}