{"id":20051,"date":"2025-02-07T12:35:33","date_gmt":"2025-02-07T12:35:33","guid":{"rendered":"https:\/\/face.unt.edu.ar\/web\/?p=20051"},"modified":"2025-02-07T12:42:06","modified_gmt":"2025-02-07T12:42:06","slug":"el-esp-luis-forns-asumio-como-director-de-canal-10","status":"publish","type":"post","link":"https:\/\/face.unt.edu.ar\/web\/blog\/el-esp-luis-forns-asumio-como-director-de-canal-10\/","title":{"rendered":"El Esp. Luis Forns asumi\u00f3 como director de Canal 10"},"content":{"rendered":"<p>El pasado jueves asumieron sus funciones los dos nuevos directores que representan a la <strong>Universidad Nacional de Tucum\u00e1n<\/strong> en el Directorio de <strong>Canal 10<\/strong>: el <strong>Esp. Luis Augusto Forns<\/strong> y el <strong>Dr. H\u00e9ctor Mat\u00edas Brito<\/strong>.<\/p>\n<p>En la ocasi\u00f3n, el decano de nuestra <strong>Facultad de Ciencias Econ\u00f3micas<\/strong>, <strong>Mg. Jorge Rospide<\/strong>; el vicedecano, <strong>Esp. Gustavo Sota<\/strong> y el secretario de Desarrollo Tecnol\u00f3gico de la UNT, <strong>Cr. Ariel Apichela<\/strong>, se hicieron presente para acompa\u00f1ar en este momento tan importante al Prof. Forns, docente de esta Casa de Estudios, a quien le expresaron sus felicitaciones y le desearon el mayor de los \u00e9xitos en este nuevo desaf\u00edo que asume.<\/p>\n<p>Desde nuestra Facultad destacamos su compromiso, formaci\u00f3n y dedicaci\u00f3n, que han sido clave en este significativo paso en su carrera profesional, y estamos seguros de que desempe\u00f1ar\u00e1 est\u00e1 nueva responsabilidad con excelencia.<\/p>\n<p><a href=\"https:\/\/face.unt.edu.ar\/web\/wp-content\/uploads\/2025\/02\/476118689_1183224317141314_6957894923745003207_n.jpg\"><img decoding=\"async\" loading=\"lazy\" class=\" wp-image-20054 aligncenter\" src=\"https:\/\/face.unt.edu.ar\/web\/wp-content\/uploads\/2025\/02\/476118689_1183224317141314_6957894923745003207_n-300x225.jpg\" alt=\"\" width=\"508\" height=\"381\" srcset=\"https:\/\/face.unt.edu.ar\/web\/wp-content\/uploads\/2025\/02\/476118689_1183224317141314_6957894923745003207_n-300x225.jpg 300w, https:\/\/face.unt.edu.ar\/web\/wp-content\/uploads\/2025\/02\/476118689_1183224317141314_6957894923745003207_n-1024x768.jpg 1024w, https:\/\/face.unt.edu.ar\/web\/wp-content\/uploads\/2025\/02\/476118689_1183224317141314_6957894923745003207_n-768x576.jpg 768w, https:\/\/face.unt.edu.ar\/web\/wp-content\/uploads\/2025\/02\/476118689_1183224317141314_6957894923745003207_n-1536x1152.jpg 1536w, https:\/\/face.unt.edu.ar\/web\/wp-content\/uploads\/2025\/02\/476118689_1183224317141314_6957894923745003207_n-80x60.jpg 80w, https:\/\/face.unt.edu.ar\/web\/wp-content\/uploads\/2025\/02\/476118689_1183224317141314_6957894923745003207_n-160x120.jpg 160w, https:\/\/face.unt.edu.ar\/web\/wp-content\/uploads\/2025\/02\/476118689_1183224317141314_6957894923745003207_n-265x198.jpg 265w, https:\/\/face.unt.edu.ar\/web\/wp-content\/uploads\/2025\/02\/476118689_1183224317141314_6957894923745003207_n-530x396.jpg 530w, https:\/\/face.unt.edu.ar\/web\/wp-content\/uploads\/2025\/02\/476118689_1183224317141314_6957894923745003207_n-696x522.jpg 696w, https:\/\/face.unt.edu.ar\/web\/wp-content\/uploads\/2025\/02\/476118689_1183224317141314_6957894923745003207_n-1392x1044.jpg 1392w, https:\/\/face.unt.edu.ar\/web\/wp-content\/uploads\/2025\/02\/476118689_1183224317141314_6957894923745003207_n-1068x801.jpg 1068w, https:\/\/face.unt.edu.ar\/web\/wp-content\/uploads\/2025\/02\/476118689_1183224317141314_6957894923745003207_n-560x420.jpg 560w, https:\/\/face.unt.edu.ar\/web\/wp-content\/uploads\/2025\/02\/476118689_1183224317141314_6957894923745003207_n-1120x840.jpg 1120w, https:\/\/face.unt.edu.ar\/web\/wp-content\/uploads\/2025\/02\/476118689_1183224317141314_6957894923745003207_n-1920x1440.jpg 1920w, https:\/\/face.unt.edu.ar\/web\/wp-content\/uploads\/2025\/02\/476118689_1183224317141314_6957894923745003207_n.jpg 2048w\" sizes=\"(max-width: 508px) 100vw, 508px\" \/><\/a><\/p>\n","protected":false},"excerpt":{"rendered":"<p>El pasado jueves asumieron sus funciones los dos nuevos directores que representan a la Universidad Nacional de Tucum\u00e1n en el Directorio de Canal 10: el Esp. Luis Augusto Forns y el Dr. H\u00e9ctor Mat\u00edas Brito. En la ocasi\u00f3n, el decano de nuestra Facultad de Ciencias Econ\u00f3micas, Mg. Jorge Rospide; el vicedecano, Esp. Gustavo Sota y [&hellip;]<\/p>\n","protected":false},"author":2,"featured_media":20053,"comment_status":"closed","ping_status":"closed","sticky":false,"template":"","format":"standard","meta":{"_et_pb_use_builder":"","_et_pb_old_content":"","_et_gb_content_width":"","footnotes":""},"categories":[4],"tags":[],"_links":{"self":[{"href":"https:\/\/face.unt.edu.ar\/web\/wp-json\/wp\/v2\/posts\/20051"}],"collection":[{"href":"https:\/\/face.unt.edu.ar\/web\/wp-json\/wp\/v2\/posts"}],"about":[{"href":"https:\/\/face.unt.edu.ar\/web\/wp-json\/wp\/v2\/types\/post"}],"author":[{"embeddable":true,"href":"https:\/\/face.unt.edu.ar\/web\/wp-json\/wp\/v2\/users\/2"}],"replies":[{"embeddable":true,"href":"https:\/\/face.unt.edu.ar\/web\/wp-json\/wp\/v2\/comments?post=20051"}],"version-history":[{"count":3,"href":"https:\/\/face.unt.edu.ar\/web\/wp-json\/wp\/v2\/posts\/20051\/revisions"}],"predecessor-version":[{"id":20056,"href":"https:\/\/face.unt.edu.ar\/web\/wp-json\/wp\/v2\/posts\/20051\/revisions\/20056"}],"wp:featuredmedia":[{"embeddable":true,"href":"https:\/\/face.unt.edu.ar\/web\/wp-json\/wp\/v2\/media\/20053"}],"wp:attachment":[{"href":"https:\/\/face.unt.edu.ar\/web\/wp-json\/wp\/v2\/media?parent=20051"}],"wp:term":[{"taxonomy":"category","embeddable":true,"href":"https:\/\/face.unt.edu.ar\/web\/wp-json\/wp\/v2\/categories?post=20051"},{"taxonomy":"post_tag","embeddable":true,"href":"https:\/\/face.unt.edu.ar\/web\/wp-json\/wp\/v2\/tags?post=20051"}],"curies":[{"name":"wp","href":"https:\/\/api.w.org\/{rel}","templated":true}]}}