{"id":20067,"date":"2025-02-12T13:01:11","date_gmt":"2025-02-12T13:01:11","guid":{"rendered":"https:\/\/face.unt.edu.ar\/web\/?p=20067"},"modified":"2025-02-17T12:44:06","modified_gmt":"2025-02-17T12:44:06","slug":"cursos-de-ingles-2025","status":"publish","type":"post","link":"https:\/\/face.unt.edu.ar\/web\/blog\/cursos-de-ingles-2025\/","title":{"rendered":"Cursos de Ingl\u00e9s 2025"},"content":{"rendered":"<p>Estudiar una lengua extranjera como el Ingl\u00e9s puede abrirte puertas tanto a nivel profesional como personal. Te brinda oportunidades laborales, mejora tus habilidades de comunicaci\u00f3n, enriquece tu perspectiva cultural y estimula tu desarrollo cognitivo, por eso desde el <strong>Centro de Capacitaci\u00f3n Continua<\/strong> de nuestra <strong>Facultad de Ciencias Econ\u00f3micas<\/strong> te presentamos 3 propuestas<\/p>\n<p>Est\u00e1n <strong>destinadas a alumnos, egresados y p\u00fablico en general.\u00a0<\/strong><\/p>\n<p>Se dictar\u00e1n con <strong>modalidad virtual<\/strong>.<\/p>\n<p>Inician en marzo 2025.<\/p>\n<p>Requieren <strong>inscripci\u00f3n previa. <\/strong><\/p>\n<p>&nbsp;<\/p>\n<p><strong>Ingl\u00e9s T\u00e9cnico: Lectura comprensiva de textos <\/strong><\/p>\n<p>Inicia el 3\u00a0marzo 2025. Se dictar\u00e1 los<strong> lunes<\/strong> en el horario de\u00a0 <strong>19:30 A 21:30 horas<\/strong>. Tendr\u00e1 una duraci\u00f3n de 4 meses.<\/p>\n<p>Inversi\u00f3n:<\/p>\n<p>P\u00fablico en general: $80.000.-\u00a0(inversi\u00f3n total del curso)<\/p>\n<p>Alumnos de grado de nuestra Facultad:\u00a0$40.000\u00a0(inversi\u00f3n total del curso)<\/p>\n<p>Cupo limitado.<\/p>\n<p>Inscripci\u00f3n en <strong><a href=\"https:\/\/sites.google.com\/face.unt.edu.ar\/capacitacion-face\/inicio\/cursos-2025\/ingles-t%C3%A9cnico-lectura-comprensiva-de-textos\" target=\"_blank\" rel=\"noopener\">https:\/\/sites.google.com\/face.unt.edu.ar\/capacitacion-face\/inicio\/cursos-2025\/ingles-t%C3%A9cnico-lectura-comprensiva-de-textos<\/a><\/strong><\/p>\n<p><a href=\"https:\/\/face.unt.edu.ar\/web\/wp-content\/uploads\/2025\/02\/WhatsApp-Image-2025-02-13-at-2.19.59-PM.jpeg\"><img decoding=\"async\" loading=\"lazy\" class=\" wp-image-20077 aligncenter\" src=\"https:\/\/face.unt.edu.ar\/web\/wp-content\/uploads\/2025\/02\/WhatsApp-Image-2025-02-13-at-2.19.59-PM-296x300.jpeg\" alt=\"\" width=\"415\" height=\"420\" srcset=\"https:\/\/face.unt.edu.ar\/web\/wp-content\/uploads\/2025\/02\/WhatsApp-Image-2025-02-13-at-2.19.59-PM-296x300.jpeg 296w, https:\/\/face.unt.edu.ar\/web\/wp-content\/uploads\/2025\/02\/WhatsApp-Image-2025-02-13-at-2.19.59-PM-1009x1024.jpeg 1009w, https:\/\/face.unt.edu.ar\/web\/wp-content\/uploads\/2025\/02\/WhatsApp-Image-2025-02-13-at-2.19.59-PM-768x780.jpeg 768w, https:\/\/face.unt.edu.ar\/web\/wp-content\/uploads\/2025\/02\/WhatsApp-Image-2025-02-13-at-2.19.59-PM-696x706.jpeg 696w, https:\/\/face.unt.edu.ar\/web\/wp-content\/uploads\/2025\/02\/WhatsApp-Image-2025-02-13-at-2.19.59-PM-414x420.jpeg 414w, https:\/\/face.unt.edu.ar\/web\/wp-content\/uploads\/2025\/02\/WhatsApp-Image-2025-02-13-at-2.19.59-PM-828x840.jpeg 828w, https:\/\/face.unt.edu.ar\/web\/wp-content\/uploads\/2025\/02\/WhatsApp-Image-2025-02-13-at-2.19.59-PM.jpeg 1064w\" sizes=\"(max-width: 415px) 100vw, 415px\" \/><\/a><\/p>\n<p>&nbsp;<\/p>\n<p>&nbsp;<\/p>\n<p><strong>Ingl\u00e9s A1 (nivel inicial)<\/strong><\/p>\n<p>Inicia\u00a0en marzo 2025. Se dictar\u00e1 en el primer cuatrimestre, los d\u00edas <strong>martes y jueves<\/strong>, en el horario de <strong>15:30 a 17:00 horas<\/strong>. Tendr\u00e1 una duraci\u00f3n 4 meses.<\/p>\n<p>M\u00e1s informaci\u00f3n en <strong><a href=\"https:\/\/sites.google.com\/face.unt.edu.ar\/capacitacion-face\/inicio?pli=1\" target=\"_blank\" rel=\"noopener\">https:\/\/sites.google.com\/face.unt.edu.ar\/capacitacion-face\/inicio?pli=1<\/a><\/strong><\/p>\n<p><strong> <a href=\"https:\/\/face.unt.edu.ar\/web\/wp-content\/uploads\/2025\/02\/476631725_1147725893834848_2438068027258858386_n.jpg\"><img decoding=\"async\" loading=\"lazy\" class=\" wp-image-20069 aligncenter\" src=\"https:\/\/face.unt.edu.ar\/web\/wp-content\/uploads\/2025\/02\/476631725_1147725893834848_2438068027258858386_n-300x300.jpg\" alt=\"\" width=\"410\" height=\"410\" srcset=\"https:\/\/face.unt.edu.ar\/web\/wp-content\/uploads\/2025\/02\/476631725_1147725893834848_2438068027258858386_n-300x300.jpg 300w, https:\/\/face.unt.edu.ar\/web\/wp-content\/uploads\/2025\/02\/476631725_1147725893834848_2438068027258858386_n-1024x1024.jpg 1024w, https:\/\/face.unt.edu.ar\/web\/wp-content\/uploads\/2025\/02\/476631725_1147725893834848_2438068027258858386_n-150x150.jpg 150w, https:\/\/face.unt.edu.ar\/web\/wp-content\/uploads\/2025\/02\/476631725_1147725893834848_2438068027258858386_n-768x768.jpg 768w, https:\/\/face.unt.edu.ar\/web\/wp-content\/uploads\/2025\/02\/476631725_1147725893834848_2438068027258858386_n-696x696.jpg 696w, https:\/\/face.unt.edu.ar\/web\/wp-content\/uploads\/2025\/02\/476631725_1147725893834848_2438068027258858386_n-1068x1068.jpg 1068w, https:\/\/face.unt.edu.ar\/web\/wp-content\/uploads\/2025\/02\/476631725_1147725893834848_2438068027258858386_n-420x420.jpg 420w, https:\/\/face.unt.edu.ar\/web\/wp-content\/uploads\/2025\/02\/476631725_1147725893834848_2438068027258858386_n-840x840.jpg 840w, https:\/\/face.unt.edu.ar\/web\/wp-content\/uploads\/2025\/02\/476631725_1147725893834848_2438068027258858386_n.jpg 1080w\" sizes=\"(max-width: 410px) 100vw, 410px\" \/><\/a><\/strong><\/p>\n<p>&nbsp;<\/p>\n<p><strong>Ingl\u00e9s A2 (nivel inicial)<\/strong><\/p>\n<p>Inicia\u00a0en marzo 2025. Se dictar\u00e1 en el primer cuatrimestre, los d\u00edas <strong>martes y jueves<\/strong>, en el horario de \u00a0<strong>17:00 a 18:30 horas<\/strong>. Tendr\u00e1 una duraci\u00f3n 4 meses.<\/p>\n<p>Inversi\u00f3n:<\/p>\n<p>P\u00fablico en general: $80.000.-\u00a0(inversi\u00f3n total del curso)<\/p>\n<p>Alumnos de grado de nuestra Facultad:\u00a0$40.000\u00a0(inversi\u00f3n total del curso)<\/p>\n<p>Cupo limitado.<\/p>\n<p>M\u00e1s informaci\u00f3n en <strong><a href=\"https:\/\/sites.google.com\/face.unt.edu.ar\/capacitacion-face\/inicio\/cursos-2025\/ingles-a2-nivel-inicial\" target=\"_blank\" rel=\"noopener\">https:\/\/sites.google.com\/face.unt.edu.ar\/capacitacion-face\/inicio\/cursos-2025\/ingles-a2-nivel-inicial<\/a><\/strong><\/p>\n<p><a href=\"https:\/\/face.unt.edu.ar\/web\/wp-content\/uploads\/2025\/02\/477031355_1147724857168285_5967303504920549620_n.jpg\"><img decoding=\"async\" loading=\"lazy\" class=\" wp-image-20070 aligncenter\" src=\"https:\/\/face.unt.edu.ar\/web\/wp-content\/uploads\/2025\/02\/477031355_1147724857168285_5967303504920549620_n-300x300.jpg\" alt=\"\" width=\"400\" height=\"400\" srcset=\"https:\/\/face.unt.edu.ar\/web\/wp-content\/uploads\/2025\/02\/477031355_1147724857168285_5967303504920549620_n-300x300.jpg 300w, https:\/\/face.unt.edu.ar\/web\/wp-content\/uploads\/2025\/02\/477031355_1147724857168285_5967303504920549620_n-1024x1024.jpg 1024w, https:\/\/face.unt.edu.ar\/web\/wp-content\/uploads\/2025\/02\/477031355_1147724857168285_5967303504920549620_n-150x150.jpg 150w, https:\/\/face.unt.edu.ar\/web\/wp-content\/uploads\/2025\/02\/477031355_1147724857168285_5967303504920549620_n-768x768.jpg 768w, https:\/\/face.unt.edu.ar\/web\/wp-content\/uploads\/2025\/02\/477031355_1147724857168285_5967303504920549620_n-696x696.jpg 696w, https:\/\/face.unt.edu.ar\/web\/wp-content\/uploads\/2025\/02\/477031355_1147724857168285_5967303504920549620_n-1068x1068.jpg 1068w, https:\/\/face.unt.edu.ar\/web\/wp-content\/uploads\/2025\/02\/477031355_1147724857168285_5967303504920549620_n-420x420.jpg 420w, https:\/\/face.unt.edu.ar\/web\/wp-content\/uploads\/2025\/02\/477031355_1147724857168285_5967303504920549620_n-840x840.jpg 840w, https:\/\/face.unt.edu.ar\/web\/wp-content\/uploads\/2025\/02\/477031355_1147724857168285_5967303504920549620_n.jpg 1080w\" sizes=\"(max-width: 400px) 100vw, 400px\" \/><\/a><\/p>\n","protected":false},"excerpt":{"rendered":"<p>Estudiar una lengua extranjera como el Ingl\u00e9s puede abrirte puertas tanto a nivel profesional como personal. Te brinda oportunidades laborales, mejora tus habilidades de comunicaci\u00f3n, enriquece tu perspectiva cultural y estimula tu desarrollo cognitivo, por eso desde el Centro de Capacitaci\u00f3n Continua de nuestra Facultad de Ciencias Econ\u00f3micas te presentamos 3 propuestas Est\u00e1n destinadas a [&hellip;]<\/p>\n","protected":false},"author":2,"featured_media":20076,"comment_status":"closed","ping_status":"closed","sticky":false,"template":"","format":"standard","meta":{"_et_pb_use_builder":"","_et_pb_old_content":"","_et_gb_content_width":"","footnotes":""},"categories":[4],"tags":[],"_links":{"self":[{"href":"https:\/\/face.unt.edu.ar\/web\/wp-json\/wp\/v2\/posts\/20067"}],"collection":[{"href":"https:\/\/face.unt.edu.ar\/web\/wp-json\/wp\/v2\/posts"}],"about":[{"href":"https:\/\/face.unt.edu.ar\/web\/wp-json\/wp\/v2\/types\/post"}],"author":[{"embeddable":true,"href":"https:\/\/face.unt.edu.ar\/web\/wp-json\/wp\/v2\/users\/2"}],"replies":[{"embeddable":true,"href":"https:\/\/face.unt.edu.ar\/web\/wp-json\/wp\/v2\/comments?post=20067"}],"version-history":[{"count":3,"href":"https:\/\/face.unt.edu.ar\/web\/wp-json\/wp\/v2\/posts\/20067\/revisions"}],"predecessor-version":[{"id":20078,"href":"https:\/\/face.unt.edu.ar\/web\/wp-json\/wp\/v2\/posts\/20067\/revisions\/20078"}],"wp:featuredmedia":[{"embeddable":true,"href":"https:\/\/face.unt.edu.ar\/web\/wp-json\/wp\/v2\/media\/20076"}],"wp:attachment":[{"href":"https:\/\/face.unt.edu.ar\/web\/wp-json\/wp\/v2\/media?parent=20067"}],"wp:term":[{"taxonomy":"category","embeddable":true,"href":"https:\/\/face.unt.edu.ar\/web\/wp-json\/wp\/v2\/categories?post=20067"},{"taxonomy":"post_tag","embeddable":true,"href":"https:\/\/face.unt.edu.ar\/web\/wp-json\/wp\/v2\/tags?post=20067"}],"curies":[{"name":"wp","href":"https:\/\/api.w.org\/{rel}","templated":true}]}}