{"id":20086,"date":"2025-02-21T13:22:10","date_gmt":"2025-02-21T13:22:10","guid":{"rendered":"https:\/\/face.unt.edu.ar\/web\/?p=20086"},"modified":"2025-02-21T13:22:15","modified_gmt":"2025-02-21T13:22:15","slug":"sociedades-y-seguros-modulo-de-equivalencias","status":"publish","type":"post","link":"https:\/\/face.unt.edu.ar\/web\/blog\/sociedades-y-seguros-modulo-de-equivalencias\/","title":{"rendered":"Sociedades y Seguros &#8211; Modulo de equivalencias"},"content":{"rendered":"<p class=\"cvGsUA direction-ltr align-justify para-style-body\"><span class=\"OYPEnA font-feature-liga-off font-feature-clig-off font-feature-calt-off text-decoration-none text-strikethrough-none\">Modalidad: Examen (se rendir\u00e1 en el 2\u00b0 llamado de marzo).<\/span><\/p>\n<p class=\"cvGsUA direction-ltr align-justify para-style-body\"><span class=\"OYPEnA font-feature-liga-off font-feature-clig-off font-feature-calt-off text-decoration-none text-strikethrough-none\">M\u00f3dulo: Derecho de seguro. Contrato de seguro. Tipos de seguros. Superintendencia de Seguros de la Naci\u00f3n.<\/span><\/p>\n<ul>\n<li><span class=\"OYPEnA font-feature-liga-off font-feature-clig-off font-feature-calt-off text-decoration-none text-strikethrough-none\">Fecha de examen: <\/span><span class=\"OYPEnA font-feature-liga-off font-feature-clig-off font-feature-calt-off text-decoration-none text-strikethrough-none\">06 de marzo <\/span><span class=\"OYPEnA font-feature-liga-off font-feature-clig-off font-feature-calt-off text-decoration-none text-strikethrough-none\">de 2025<\/span><\/li>\n<li><span class=\"OYPEnA font-feature-liga-off font-feature-clig-off font-feature-calt-off text-decoration-none text-strikethrough-none\">Horario: <\/span><span class=\"OYPEnA font-feature-liga-off font-feature-clig-off font-feature-calt-off text-decoration-none text-strikethrough-none\">15 horas<\/span><\/li>\n<li><span class=\"OYPEnA font-feature-liga-off font-feature-clig-off font-feature-calt-off text-decoration-none text-strikethrough-none\">Lugar: A confirmar<\/span><\/li>\n<\/ul>\n<p><span class=\"OYPEnA font-feature-liga-off font-feature-clig-off font-feature-calt-off text-decoration-none text-strikethrough-none\">Inscripci\u00f3n online<\/span><span class=\"OYPEnA font-feature-liga-off font-feature-clig-off font-feature-calt-off text-decoration-none text-strikethrough-none\">: <\/span><span class=\"OYPEnA font-feature-liga-off font-feature-clig-off font-feature-calt-off text-decoration-none text-strikethrough-none\">del 20 de febrero <\/span><span class=\"OYPEnA font-feature-liga-off font-feature-clig-off font-feature-calt-off text-decoration-none text-strikethrough-none\">desde las 12 horas <\/span><span class=\"OYPEnA font-feature-liga-off font-feature-clig-off font-feature-calt-off text-decoration-none text-strikethrough-none\">al 04 de marzo<\/span><span class=\"OYPEnA font-feature-liga-off font-feature-clig-off font-feature-calt-off text-decoration-none text-strikethrough-none\"> a las 23:00 hs.<\/span><\/p>\n<p>Link de inscripci\u00f3n: <b><a href=\"http:\/\/bit.ly\/448bN3y\" target=\"_blank\" rel=\"noopener\" data-saferedirecturl=\"https:\/\/www.google.com\/url?q=http:\/\/bit.ly\/448bN3y&amp;source=gmail&amp;ust=1740228910812000&amp;usg=AOvVaw2PNrq7XZemre3FVCbnFunu\">bit.ly\/448bN3y<\/a>\u00a0<\/b><\/p>\n","protected":false},"excerpt":{"rendered":"<p>Modalidad: Examen (se rendir\u00e1 en el 2\u00b0 llamado de marzo). M\u00f3dulo: Derecho de seguro. Contrato de seguro. Tipos de seguros. Superintendencia de Seguros de la Naci\u00f3n. Fecha de examen: 06 de marzo de 2025 Horario: 15 horas Lugar: A confirmar Inscripci\u00f3n online: del 20 de febrero desde las 12 horas al 04 de marzo a [&hellip;]<\/p>\n","protected":false},"author":2,"featured_media":20087,"comment_status":"closed","ping_status":"closed","sticky":false,"template":"","format":"standard","meta":{"_et_pb_use_builder":"","_et_pb_old_content":"","_et_gb_content_width":"","footnotes":""},"categories":[4],"tags":[],"_links":{"self":[{"href":"https:\/\/face.unt.edu.ar\/web\/wp-json\/wp\/v2\/posts\/20086"}],"collection":[{"href":"https:\/\/face.unt.edu.ar\/web\/wp-json\/wp\/v2\/posts"}],"about":[{"href":"https:\/\/face.unt.edu.ar\/web\/wp-json\/wp\/v2\/types\/post"}],"author":[{"embeddable":true,"href":"https:\/\/face.unt.edu.ar\/web\/wp-json\/wp\/v2\/users\/2"}],"replies":[{"embeddable":true,"href":"https:\/\/face.unt.edu.ar\/web\/wp-json\/wp\/v2\/comments?post=20086"}],"version-history":[{"count":1,"href":"https:\/\/face.unt.edu.ar\/web\/wp-json\/wp\/v2\/posts\/20086\/revisions"}],"predecessor-version":[{"id":20088,"href":"https:\/\/face.unt.edu.ar\/web\/wp-json\/wp\/v2\/posts\/20086\/revisions\/20088"}],"wp:featuredmedia":[{"embeddable":true,"href":"https:\/\/face.unt.edu.ar\/web\/wp-json\/wp\/v2\/media\/20087"}],"wp:attachment":[{"href":"https:\/\/face.unt.edu.ar\/web\/wp-json\/wp\/v2\/media?parent=20086"}],"wp:term":[{"taxonomy":"category","embeddable":true,"href":"https:\/\/face.unt.edu.ar\/web\/wp-json\/wp\/v2\/categories?post=20086"},{"taxonomy":"post_tag","embeddable":true,"href":"https:\/\/face.unt.edu.ar\/web\/wp-json\/wp\/v2\/tags?post=20086"}],"curies":[{"name":"wp","href":"https:\/\/api.w.org\/{rel}","templated":true}]}}