{"id":20089,"date":"2025-02-24T12:53:54","date_gmt":"2025-02-24T12:53:54","guid":{"rendered":"https:\/\/face.unt.edu.ar\/web\/?p=20089"},"modified":"2025-02-24T12:55:37","modified_gmt":"2025-02-24T12:55:37","slug":"se-realizara-la-charla-informativa-de-posgrados-2025-de-nuestra-facultad","status":"publish","type":"post","link":"https:\/\/face.unt.edu.ar\/web\/blog\/se-realizara-la-charla-informativa-de-posgrados-2025-de-nuestra-facultad\/","title":{"rendered":"Se  realizar\u00e1 la Charla Informativa de Posgrados 2025 de nuestra Facultad"},"content":{"rendered":"<p><strong>Facultad de Ciencias Econ\u00f3micas <\/strong>de la<strong> UNT,<\/strong> a trav\u00e9s de la <strong>Secretar\u00eda de Ciencia, T\u00e9cnica y Posgrado,<\/strong> invita a profesionales, graduados y egresados a participar de la <strong>Charla Informativa de Posgrados 2025<\/strong>, que se realizar\u00e1 el <strong>viernes 7 de marzo<\/strong> a las <strong>17:00 horas<\/strong>, en el <strong>aula 19<\/strong> de nuestra instituci\u00f3n.<\/p>\n<p>El encuentro se desarrollar\u00e1 en <strong>modalidad h\u00edbrida<\/strong>, permitiendo la participaci\u00f3n de quienes residen fuera de la provincia o no puedan asistir de manera presencial. Durante la jornada podr\u00e1n interiorizarse de las oportunidades y novedades que tenemos planificadas para este \u00a0<strong>ciclo 2025<\/strong>. Adem\u00e1s, tendr\u00e1n la posibilidad de conocer a los directores y docentes, despejar dudas y elegir el programa que m\u00e1s se adapte a sus necesidades personales y profesionales.<\/p>\n<p>Realiz\u00e1 tu preinscripci\u00f3n en el siguiente enlace: <a href=\"https:\/\/forms.gle\/on3AaGdom2E3Rf8MA\" target=\"_blank\" rel=\"noopener\">https:\/\/forms.gle\/on3AaGdom2E3Rf8MA<\/a><\/p>\n<p>&nbsp;<\/p>\n<p><strong>Oferta acad\u00e9mica 2025:<\/strong><\/p>\n<ul>\n<li>Maestr\u00eda en Administraci\u00f3n<\/li>\n<li>Maestr\u00eda en Estad\u00edstica Aplicada<\/li>\n<li>Especializaci\u00f3n en Auditor\u00eda y Contabilidad<\/li>\n<li>Especializaci\u00f3n en Comercio Internacional<\/li>\n<li>Especializaci\u00f3n Costos y Gesti\u00f3n Empresarial<\/li>\n<li>Especializaci\u00f3n en Finanzas<\/li>\n<li>Especializaci\u00f3n en Tributaci\u00f3n<\/li>\n<li>Especializaci\u00f3n en Recursos Humanos<\/li>\n<\/ul>\n<p>\u00a1Los esperamos!<\/p>\n<p>&nbsp;<\/p>\n<p><a href=\"https:\/\/face.unt.edu.ar\/web\/wp-content\/uploads\/2025\/02\/Historia-para-Instagram-vertical-de-aviso-de-atencion-violeta-2.png\"><img decoding=\"async\" loading=\"lazy\" class=\"wp-image-20090 aligncenter\" src=\"https:\/\/face.unt.edu.ar\/web\/wp-content\/uploads\/2025\/02\/Historia-para-Instagram-vertical-de-aviso-de-atencion-violeta-2-169x300.png\" alt=\"\" width=\"418\" height=\"742\" srcset=\"https:\/\/face.unt.edu.ar\/web\/wp-content\/uploads\/2025\/02\/Historia-para-Instagram-vertical-de-aviso-de-atencion-violeta-2-169x300.png 169w, https:\/\/face.unt.edu.ar\/web\/wp-content\/uploads\/2025\/02\/Historia-para-Instagram-vertical-de-aviso-de-atencion-violeta-2-576x1024.png 576w, https:\/\/face.unt.edu.ar\/web\/wp-content\/uploads\/2025\/02\/Historia-para-Instagram-vertical-de-aviso-de-atencion-violeta-2-768x1365.png 768w, https:\/\/face.unt.edu.ar\/web\/wp-content\/uploads\/2025\/02\/Historia-para-Instagram-vertical-de-aviso-de-atencion-violeta-2-864x1536.png 864w, https:\/\/face.unt.edu.ar\/web\/wp-content\/uploads\/2025\/02\/Historia-para-Instagram-vertical-de-aviso-de-atencion-violeta-2-696x1237.png 696w, https:\/\/face.unt.edu.ar\/web\/wp-content\/uploads\/2025\/02\/Historia-para-Instagram-vertical-de-aviso-de-atencion-violeta-2-1068x1899.png 1068w, https:\/\/face.unt.edu.ar\/web\/wp-content\/uploads\/2025\/02\/Historia-para-Instagram-vertical-de-aviso-de-atencion-violeta-2-236x420.png 236w, https:\/\/face.unt.edu.ar\/web\/wp-content\/uploads\/2025\/02\/Historia-para-Instagram-vertical-de-aviso-de-atencion-violeta-2-473x840.png 473w, https:\/\/face.unt.edu.ar\/web\/wp-content\/uploads\/2025\/02\/Historia-para-Instagram-vertical-de-aviso-de-atencion-violeta-2.png 1080w\" sizes=\"(max-width: 418px) 100vw, 418px\" \/><\/a><\/p>\n","protected":false},"excerpt":{"rendered":"<p>Facultad de Ciencias Econ\u00f3micas de la UNT, a trav\u00e9s de la Secretar\u00eda de Ciencia, T\u00e9cnica y Posgrado, invita a profesionales, graduados y egresados a participar de la Charla Informativa de Posgrados 2025, que se realizar\u00e1 el viernes 7 de marzo a las 17:00 horas, en el aula 19 de nuestra instituci\u00f3n. El encuentro se desarrollar\u00e1 [&hellip;]<\/p>\n","protected":false},"author":123457,"featured_media":20094,"comment_status":"closed","ping_status":"closed","sticky":false,"template":"","format":"standard","meta":{"_et_pb_use_builder":"","_et_pb_old_content":"","_et_gb_content_width":"","footnotes":""},"categories":[4,5],"tags":[1217],"_links":{"self":[{"href":"https:\/\/face.unt.edu.ar\/web\/wp-json\/wp\/v2\/posts\/20089"}],"collection":[{"href":"https:\/\/face.unt.edu.ar\/web\/wp-json\/wp\/v2\/posts"}],"about":[{"href":"https:\/\/face.unt.edu.ar\/web\/wp-json\/wp\/v2\/types\/post"}],"author":[{"embeddable":true,"href":"https:\/\/face.unt.edu.ar\/web\/wp-json\/wp\/v2\/users\/123457"}],"replies":[{"embeddable":true,"href":"https:\/\/face.unt.edu.ar\/web\/wp-json\/wp\/v2\/comments?post=20089"}],"version-history":[{"count":2,"href":"https:\/\/face.unt.edu.ar\/web\/wp-json\/wp\/v2\/posts\/20089\/revisions"}],"predecessor-version":[{"id":20093,"href":"https:\/\/face.unt.edu.ar\/web\/wp-json\/wp\/v2\/posts\/20089\/revisions\/20093"}],"wp:featuredmedia":[{"embeddable":true,"href":"https:\/\/face.unt.edu.ar\/web\/wp-json\/wp\/v2\/media\/20094"}],"wp:attachment":[{"href":"https:\/\/face.unt.edu.ar\/web\/wp-json\/wp\/v2\/media?parent=20089"}],"wp:term":[{"taxonomy":"category","embeddable":true,"href":"https:\/\/face.unt.edu.ar\/web\/wp-json\/wp\/v2\/categories?post=20089"},{"taxonomy":"post_tag","embeddable":true,"href":"https:\/\/face.unt.edu.ar\/web\/wp-json\/wp\/v2\/tags?post=20089"}],"curies":[{"name":"wp","href":"https:\/\/api.w.org\/{rel}","templated":true}]}}