{"id":20096,"date":"2025-02-26T12:43:17","date_gmt":"2025-02-26T12:43:17","guid":{"rendered":"https:\/\/face.unt.edu.ar\/web\/?p=20096"},"modified":"2025-02-26T12:43:56","modified_gmt":"2025-02-26T12:43:56","slug":"ingreso-2025-prueba-de-suficiencia-instancia-de-febrero","status":"publish","type":"post","link":"https:\/\/face.unt.edu.ar\/web\/blog\/ingreso-2025-prueba-de-suficiencia-instancia-de-febrero\/","title":{"rendered":"Ingreso 2025: Prueba de Suficiencia &#8211; Instancia de febrero"},"content":{"rendered":"<p><strong>Inscripci\u00f3n<\/strong>:\u00a0desde el\u00a0<strong>26 de febrero hasta el 09 de marzo<\/strong>\u00a0de 2025\u00a0inclusive (\u00fanicamente por medios digitales).<\/p>\n<p>Realizaci\u00f3n de la Prueba: en horario y espacio f\u00edsico a confirmar<\/p>\n<p><strong>Fechas:\u00a0<\/strong><\/p>\n<p>\u2013\u00a0<strong>Sede San Miguel de Tucum\u00e1n: 11 de marzo<\/strong>\u00a0de 2025<\/p>\n<p>Link de Inscripci\u00f3n:<\/p>\n<p><strong><a href=\"https:\/\/asociacioncooperadoraface.mitiendanube.com\/productos\/prueba-de-suficiencia-san-miguel-de-tucuman\/\" target=\"_blank\" rel=\"noopener\" data-saferedirecturl=\"https:\/\/www.google.com\/url?q=https:\/\/asociacioncooperadoraface.mitiendanube.com\/productos\/prueba-de-suficiencia-san-miguel-de-tucuman\/&amp;source=gmail&amp;ust=1740659592047000&amp;usg=AOvVaw2wcqXZzBCju8mZfdk9zGUD\">https:\/\/asociacioncooperadoraface.mitiendanube.com\/productos\/prueba-de-suficiencia-san-miguel-de-tucuman\/<\/a><\/strong><\/p>\n<p>&nbsp;<\/p>\n<p>\u2013\u00a0<strong>Extensi\u00f3n \u00e1ulica de Aguilares: 12 de marzo<\/strong>\u00a0de 2025<\/p>\n<p>Link de inscripci\u00f3n:<\/p>\n<p><strong><a href=\"https:\/\/asociacioncooperadoraface.mitiendanube.com\/productos\/prueba-de-suficiencia-aguilares\/\" target=\"_blank\" rel=\"noopener\" data-saferedirecturl=\"https:\/\/www.google.com\/url?q=https:\/\/asociacioncooperadoraface.mitiendanube.com\/productos\/prueba-de-suficiencia-aguilares\/&amp;source=gmail&amp;ust=1740659592047000&amp;usg=AOvVaw2AoJ6-lHw_J_xuOHxyc1FU\">https:\/\/asociacioncooperadoraface.mitiendanube.com\/productos\/prueba-de-suficiencia-aguilares\/<\/a><\/strong><\/p>\n<p>&nbsp;<\/p>\n","protected":false},"excerpt":{"rendered":"<p>Inscripci\u00f3n:\u00a0desde el\u00a026 de febrero hasta el 09 de marzo\u00a0de 2025\u00a0inclusive (\u00fanicamente por medios digitales). Realizaci\u00f3n de la Prueba: en horario y espacio f\u00edsico a confirmar Fechas:\u00a0 \u2013\u00a0Sede San Miguel de Tucum\u00e1n: 11 de marzo\u00a0de 2025 Link de Inscripci\u00f3n: https:\/\/asociacioncooperadoraface.mitiendanube.com\/productos\/prueba-de-suficiencia-san-miguel-de-tucuman\/ &nbsp; \u2013\u00a0Extensi\u00f3n \u00e1ulica de Aguilares: 12 de marzo\u00a0de 2025 Link de inscripci\u00f3n: https:\/\/asociacioncooperadoraface.mitiendanube.com\/productos\/prueba-de-suficiencia-aguilares\/ &nbsp;<\/p>\n","protected":false},"author":2,"featured_media":20097,"comment_status":"closed","ping_status":"closed","sticky":false,"template":"","format":"standard","meta":{"_et_pb_use_builder":"","_et_pb_old_content":"","_et_gb_content_width":"","footnotes":""},"categories":[4],"tags":[],"_links":{"self":[{"href":"https:\/\/face.unt.edu.ar\/web\/wp-json\/wp\/v2\/posts\/20096"}],"collection":[{"href":"https:\/\/face.unt.edu.ar\/web\/wp-json\/wp\/v2\/posts"}],"about":[{"href":"https:\/\/face.unt.edu.ar\/web\/wp-json\/wp\/v2\/types\/post"}],"author":[{"embeddable":true,"href":"https:\/\/face.unt.edu.ar\/web\/wp-json\/wp\/v2\/users\/2"}],"replies":[{"embeddable":true,"href":"https:\/\/face.unt.edu.ar\/web\/wp-json\/wp\/v2\/comments?post=20096"}],"version-history":[{"count":2,"href":"https:\/\/face.unt.edu.ar\/web\/wp-json\/wp\/v2\/posts\/20096\/revisions"}],"predecessor-version":[{"id":20099,"href":"https:\/\/face.unt.edu.ar\/web\/wp-json\/wp\/v2\/posts\/20096\/revisions\/20099"}],"wp:featuredmedia":[{"embeddable":true,"href":"https:\/\/face.unt.edu.ar\/web\/wp-json\/wp\/v2\/media\/20097"}],"wp:attachment":[{"href":"https:\/\/face.unt.edu.ar\/web\/wp-json\/wp\/v2\/media?parent=20096"}],"wp:term":[{"taxonomy":"category","embeddable":true,"href":"https:\/\/face.unt.edu.ar\/web\/wp-json\/wp\/v2\/categories?post=20096"},{"taxonomy":"post_tag","embeddable":true,"href":"https:\/\/face.unt.edu.ar\/web\/wp-json\/wp\/v2\/tags?post=20096"}],"curies":[{"name":"wp","href":"https:\/\/api.w.org\/{rel}","templated":true}]}}