{"id":20131,"date":"2025-03-10T13:07:00","date_gmt":"2025-03-10T13:07:00","guid":{"rendered":"https:\/\/face.unt.edu.ar\/web\/?p=20131"},"modified":"2025-03-10T13:07:00","modified_gmt":"2025-03-10T13:07:00","slug":"bienvenidos-al-ciclo-lectivo-2025","status":"publish","type":"post","link":"https:\/\/face.unt.edu.ar\/web\/blog\/bienvenidos-al-ciclo-lectivo-2025\/","title":{"rendered":"Bienvenidos al Ciclo Lectivo 2025"},"content":{"rendered":"<p>Damos la bienvenida a toda la comunidad universitaria de\u00a0nuestra\u00a0<strong>Facultad de Ciencias Econ\u00f3micas de la Universidad Nacional de Tucum\u00e1n<\/strong>\u00a0al inicio de un nuevo ciclo acad\u00e9mico. Cada estudiante, Docente, Nodocente, investigador y graduado es parte fundamental de este proceso, en el que la b\u00fasqueda del saber y la innovaci\u00f3n marcan nuestro camino.<\/p>\n<p>Los invitamos a construir entre todos un espacio de aprendizaje, investigaci\u00f3n, crecimiento y desarrollo del pensamiento cr\u00edtico; donde la dedicaci\u00f3n y el esp\u00edritu acad\u00e9mico nos gu\u00eden hacia nuevas conquistas del conocimiento.<\/p>\n<p>A los Docentes y Nodocentes,\u00a0<strong>reconocemos su gran dedicaci\u00f3n y esfuerzo<\/strong>. A los estudiantes,\u00a0<strong>gracias por confiar en nosotros<\/strong>, los incentivamos a capitalizar los nuevos aprendizajes y a disfrutar cada experiencia.<\/p>\n<p>Desde nuestra Casa de Estudios\u00a0<strong>reafirmamos nuestro compromiso con la educaci\u00f3n p\u00fablica de calidad<\/strong>\u00a0y\u00a0nos proyectamos hacia el futuro con gran responsabilidad,\u00a0<strong>excelencia acad\u00e9mica y compromiso social<\/strong>, sabiendo que en cada aula no solo se forjan profesionales, sino tambi\u00e9n se cumplen sue\u00f1os.<\/p>\n<p>Que este a\u00f1o sea una etapa de crecimiento, logros y nuevas metas alcanzadas.<\/p>\n<p><strong>\u00a1\u00a1\u00a1Bienvenidos!!!\u00a0 \u00a0<\/strong><\/p>\n","protected":false},"excerpt":{"rendered":"<p>Damos la bienvenida a toda la comunidad universitaria de\u00a0nuestra\u00a0Facultad de Ciencias Econ\u00f3micas de la Universidad Nacional de Tucum\u00e1n\u00a0al inicio de un nuevo ciclo acad\u00e9mico. Cada estudiante, Docente, Nodocente, investigador y graduado es parte fundamental de este proceso, en el que la b\u00fasqueda del saber y la innovaci\u00f3n marcan nuestro camino. Los invitamos a construir entre [&hellip;]<\/p>\n","protected":false},"author":2,"featured_media":20132,"comment_status":"closed","ping_status":"closed","sticky":false,"template":"","format":"standard","meta":{"_et_pb_use_builder":"","_et_pb_old_content":"","_et_gb_content_width":"","footnotes":""},"categories":[4],"tags":[],"_links":{"self":[{"href":"https:\/\/face.unt.edu.ar\/web\/wp-json\/wp\/v2\/posts\/20131"}],"collection":[{"href":"https:\/\/face.unt.edu.ar\/web\/wp-json\/wp\/v2\/posts"}],"about":[{"href":"https:\/\/face.unt.edu.ar\/web\/wp-json\/wp\/v2\/types\/post"}],"author":[{"embeddable":true,"href":"https:\/\/face.unt.edu.ar\/web\/wp-json\/wp\/v2\/users\/2"}],"replies":[{"embeddable":true,"href":"https:\/\/face.unt.edu.ar\/web\/wp-json\/wp\/v2\/comments?post=20131"}],"version-history":[{"count":1,"href":"https:\/\/face.unt.edu.ar\/web\/wp-json\/wp\/v2\/posts\/20131\/revisions"}],"predecessor-version":[{"id":20133,"href":"https:\/\/face.unt.edu.ar\/web\/wp-json\/wp\/v2\/posts\/20131\/revisions\/20133"}],"wp:featuredmedia":[{"embeddable":true,"href":"https:\/\/face.unt.edu.ar\/web\/wp-json\/wp\/v2\/media\/20132"}],"wp:attachment":[{"href":"https:\/\/face.unt.edu.ar\/web\/wp-json\/wp\/v2\/media?parent=20131"}],"wp:term":[{"taxonomy":"category","embeddable":true,"href":"https:\/\/face.unt.edu.ar\/web\/wp-json\/wp\/v2\/categories?post=20131"},{"taxonomy":"post_tag","embeddable":true,"href":"https:\/\/face.unt.edu.ar\/web\/wp-json\/wp\/v2\/tags?post=20131"}],"curies":[{"name":"wp","href":"https:\/\/api.w.org\/{rel}","templated":true}]}}