{"id":20210,"date":"2025-03-14T16:43:31","date_gmt":"2025-03-14T16:43:31","guid":{"rendered":"https:\/\/face.unt.edu.ar\/web\/?p=20210"},"modified":"2025-03-14T16:43:31","modified_gmt":"2025-03-14T16:43:31","slug":"nueva-oportunidad-para-ingresantes-de-aguilares","status":"publish","type":"post","link":"https:\/\/face.unt.edu.ar\/web\/blog\/nueva-oportunidad-para-ingresantes-de-aguilares\/","title":{"rendered":"Nueva oportunidad para ingresantes de Aguilares"},"content":{"rendered":"<p>La\u00a0<strong>Facultad de Ciencias Econ\u00f3micas de la UNT<\/strong>\u00a0lanza una <strong>nueva oportunidad para\u00a0ingresar<\/strong> en el ciclo lectivo 2025\u00a0en la\u00a0<strong>Extensi\u00f3n \u00c1ulica de\u00a0Aguilares<\/strong>.<\/p>\n<p>El pr\u00f3ximo\u00a0<strong>jueves 20 de marzo, a las\u00a015:00 horas<\/strong>, todos los estudiantes que vivan en Aguilares o zonas cercanas podr\u00e1n rendir la\u00a0<strong>Prueba de Suficiencia<\/strong> <strong>2025<\/strong>\u00a0en el\u00a0<strong>Centro\u00a0Universitario Multidisciplinario\u00a0de\u00a0Aguilares<\/strong>\u00a0de la\u00a0<strong>Universidad Nacional de Tucum\u00e1n<\/strong>.<\/p>\n<p>Est\u00e1 <strong>dirigido a todos los que quieran ingresar<\/strong> a la\u00a0Facultad de Ciencias Econ\u00f3micas de la UNT,\u00a0<strong>incluso, aquellos que realizaron el curso de nivelaci\u00f3n<\/strong> en febrero, pero no aprobaron el control de m\u00f3dulos.<\/p>\n<p>Los interesados deber\u00e1n <strong>inscribirse\u00a0del 14 al 19 de marzo\u00a0hasta el mediod\u00eda<\/strong>, en el siguiente link:\u00a0<strong><a href=\"https:\/\/forms.gle\/hkZ2DAJ3UG1B4V899\" target=\"_blank\" rel=\"noopener\">https:\/\/forms.gle\/hkZ2DAJ3UG1B4V899<\/a><\/strong><\/p>\n<p>Los m\u00f3dulos que se evaluar\u00e1n son Matem\u00e1ticas y Ciencias Econ\u00f3micas.<\/p>\n","protected":false},"excerpt":{"rendered":"<p>La\u00a0Facultad de Ciencias Econ\u00f3micas de la UNT\u00a0lanza una nueva oportunidad para\u00a0ingresar en el ciclo lectivo 2025\u00a0en la\u00a0Extensi\u00f3n \u00c1ulica de\u00a0Aguilares. El pr\u00f3ximo\u00a0jueves 20 de marzo, a las\u00a015:00 horas, todos los estudiantes que vivan en Aguilares o zonas cercanas podr\u00e1n rendir la\u00a0Prueba de Suficiencia 2025\u00a0en el\u00a0Centro\u00a0Universitario Multidisciplinario\u00a0de\u00a0Aguilares\u00a0de la\u00a0Universidad Nacional de Tucum\u00e1n. Est\u00e1 dirigido a todos los que [&hellip;]<\/p>\n","protected":false},"author":2,"featured_media":20211,"comment_status":"closed","ping_status":"closed","sticky":false,"template":"","format":"standard","meta":{"_et_pb_use_builder":"","_et_pb_old_content":"","_et_gb_content_width":"","footnotes":""},"categories":[4],"tags":[],"_links":{"self":[{"href":"https:\/\/face.unt.edu.ar\/web\/wp-json\/wp\/v2\/posts\/20210"}],"collection":[{"href":"https:\/\/face.unt.edu.ar\/web\/wp-json\/wp\/v2\/posts"}],"about":[{"href":"https:\/\/face.unt.edu.ar\/web\/wp-json\/wp\/v2\/types\/post"}],"author":[{"embeddable":true,"href":"https:\/\/face.unt.edu.ar\/web\/wp-json\/wp\/v2\/users\/2"}],"replies":[{"embeddable":true,"href":"https:\/\/face.unt.edu.ar\/web\/wp-json\/wp\/v2\/comments?post=20210"}],"version-history":[{"count":1,"href":"https:\/\/face.unt.edu.ar\/web\/wp-json\/wp\/v2\/posts\/20210\/revisions"}],"predecessor-version":[{"id":20212,"href":"https:\/\/face.unt.edu.ar\/web\/wp-json\/wp\/v2\/posts\/20210\/revisions\/20212"}],"wp:featuredmedia":[{"embeddable":true,"href":"https:\/\/face.unt.edu.ar\/web\/wp-json\/wp\/v2\/media\/20211"}],"wp:attachment":[{"href":"https:\/\/face.unt.edu.ar\/web\/wp-json\/wp\/v2\/media?parent=20210"}],"wp:term":[{"taxonomy":"category","embeddable":true,"href":"https:\/\/face.unt.edu.ar\/web\/wp-json\/wp\/v2\/categories?post=20210"},{"taxonomy":"post_tag","embeddable":true,"href":"https:\/\/face.unt.edu.ar\/web\/wp-json\/wp\/v2\/tags?post=20210"}],"curies":[{"name":"wp","href":"https:\/\/api.w.org\/{rel}","templated":true}]}}