{"id":20415,"date":"2025-04-08T13:28:23","date_gmt":"2025-04-08T13:28:23","guid":{"rendered":"https:\/\/face.unt.edu.ar\/web\/?p=20415"},"modified":"2025-04-08T13:28:29","modified_gmt":"2025-04-08T13:28:29","slug":"padron-oficial-de-estudiantes-para-la-renovacion-del-consejo-directivo-2025","status":"publish","type":"post","link":"https:\/\/face.unt.edu.ar\/web\/blog\/padron-oficial-de-estudiantes-para-la-renovacion-del-consejo-directivo-2025\/","title":{"rendered":"Padr\u00f3n Oficial de Estudiantes para la renovaci\u00f3n del Consejo Directivo 2025"},"content":{"rendered":"<p>Compartimos el <strong>Padr\u00f3n Oficial de Estudiantes<\/strong> para elecciones de <strong>Renovaci\u00f3n del Consejo Directivo<\/strong> &#8211; <strong>A\u00f1o 2025<\/strong>.<\/p>\n<p>Las <strong>elecciones<\/strong> se llevar\u00e1n a cabo el d\u00eda <strong>7 de mayo de 2025<\/strong>.<\/p>\n<p><a href=\"https:\/\/drive.google.com\/file\/d\/1cAhVAS5isUU_P_HYVKIVCrrclFxFoewu\/view?usp=sharing\" target=\"_blank\" rel=\"noopener\"><strong>Hacer clic aqu\u00ed para ver el Padr\u00f3n Oficial de Estudiantes.<\/strong><\/a><\/p>\n<p>&nbsp;<\/p>\n","protected":false},"excerpt":{"rendered":"<p>Compartimos el Padr\u00f3n Oficial de Estudiantes para elecciones de Renovaci\u00f3n del Consejo Directivo &#8211; A\u00f1o 2025. Las elecciones se llevar\u00e1n a cabo el d\u00eda 7 de mayo de 2025. Hacer clic aqu\u00ed para ver el Padr\u00f3n Oficial de Estudiantes. &nbsp;<\/p>\n","protected":false},"author":2,"featured_media":20416,"comment_status":"closed","ping_status":"closed","sticky":false,"template":"","format":"standard","meta":{"_et_pb_use_builder":"","_et_pb_old_content":"","_et_gb_content_width":"","footnotes":""},"categories":[4],"tags":[],"_links":{"self":[{"href":"https:\/\/face.unt.edu.ar\/web\/wp-json\/wp\/v2\/posts\/20415"}],"collection":[{"href":"https:\/\/face.unt.edu.ar\/web\/wp-json\/wp\/v2\/posts"}],"about":[{"href":"https:\/\/face.unt.edu.ar\/web\/wp-json\/wp\/v2\/types\/post"}],"author":[{"embeddable":true,"href":"https:\/\/face.unt.edu.ar\/web\/wp-json\/wp\/v2\/users\/2"}],"replies":[{"embeddable":true,"href":"https:\/\/face.unt.edu.ar\/web\/wp-json\/wp\/v2\/comments?post=20415"}],"version-history":[{"count":1,"href":"https:\/\/face.unt.edu.ar\/web\/wp-json\/wp\/v2\/posts\/20415\/revisions"}],"predecessor-version":[{"id":20417,"href":"https:\/\/face.unt.edu.ar\/web\/wp-json\/wp\/v2\/posts\/20415\/revisions\/20417"}],"wp:featuredmedia":[{"embeddable":true,"href":"https:\/\/face.unt.edu.ar\/web\/wp-json\/wp\/v2\/media\/20416"}],"wp:attachment":[{"href":"https:\/\/face.unt.edu.ar\/web\/wp-json\/wp\/v2\/media?parent=20415"}],"wp:term":[{"taxonomy":"category","embeddable":true,"href":"https:\/\/face.unt.edu.ar\/web\/wp-json\/wp\/v2\/categories?post=20415"},{"taxonomy":"post_tag","embeddable":true,"href":"https:\/\/face.unt.edu.ar\/web\/wp-json\/wp\/v2\/tags?post=20415"}],"curies":[{"name":"wp","href":"https:\/\/api.w.org\/{rel}","templated":true}]}}