{"id":20452,"date":"2025-04-15T13:54:00","date_gmt":"2025-04-15T13:54:00","guid":{"rendered":"https:\/\/face.unt.edu.ar\/web\/?p=20452"},"modified":"2025-04-15T13:54:00","modified_gmt":"2025-04-15T13:54:00","slug":"con-una-gran-convocatoria-se-realizo-el-taller-aranceles-acuerdos-preferenciales-de-comercio-y-guerras-comerciales","status":"publish","type":"post","link":"https:\/\/face.unt.edu.ar\/web\/blog\/con-una-gran-convocatoria-se-realizo-el-taller-aranceles-acuerdos-preferenciales-de-comercio-y-guerras-comerciales\/","title":{"rendered":"Con una gran convocatoria se realiz\u00f3 el taller \u201cAranceles, Acuerdos Preferenciales de Comercio y Guerras Comerciales\u201d"},"content":{"rendered":"<p>M\u00e1s de 60 personas participaron del taller<strong> \u201cAranceles, Acuerdos Preferenciales de Comercio y Guerras Comerciales\u201d<\/strong>, realizado los d\u00edas <strong>11 y 12 de abril<\/strong>, en el marco de la <strong>Especializaci\u00f3n en Comercio Internacional (ECI) <\/strong>de nuestra <strong>Facultad de Ciencias Econ\u00f3micas de la UNT<\/strong>. La actividad abord\u00f3 tem\u00e1ticas de gran relevancia para interpretar el complejo escenario econ\u00f3mico global actual.<\/p>\n<p>La disertaci\u00f3n estuvo a cargo de la <strong>Dra. Mar\u00eda Jos\u00e9 Granado<\/strong>, directora de la ECI, quien destac\u00f3 que \u201ccon los aranceles rec\u00edprocos anunciados por Trump, cambi\u00f3 la estructura comercial mundial y esto tendr\u00e1 fuertes impactos globales y en cada pa\u00eds\u201d.<\/p>\n<p><a href=\"https:\/\/face.unt.edu.ar\/web\/posgrados\/wp-content\/uploads\/sites\/3\/2025\/04\/491192397_1227088709424522_1903987592976196169_n.jpg\"><img decoding=\"async\" loading=\"lazy\" class=\"wp-image-3311  aligncenter\" src=\"https:\/\/face.unt.edu.ar\/web\/posgrados\/wp-content\/uploads\/sites\/3\/2025\/04\/491192397_1227088709424522_1903987592976196169_n-e1744724695220-300x267.jpg\" alt=\"\" width=\"388\" height=\"345\" \/><\/a><\/p>\n<p>Durante la jornada se analizaron conceptos clave del comercio internacional a trav\u00e9s de un enfoque formal riguroso pero accesible, con ejemplos pr\u00e1cticos y referencias a la econom\u00eda real. El espacio permiti\u00f3 a los asistentes comprender las din\u00e1micas de la pol\u00edtica comercial en contextos alternativos y reflexionar sobre los efectos de las interrelaciones globales.<\/p>\n<p><strong>Contenido del Taller:<\/strong><\/p>\n<p><u>Viernes 11:<\/u><\/p>\n<p>Parte 1: Aranceles a las importaciones. Imposici\u00f3n por parte de un pa\u00eds peque\u00f1o vs. imposici\u00f3n por parte de un pa\u00eds grande. An\u00e1lisis para mercados particulares: Efectos en el bienestar y an\u00e1lisis de casos. Bases de Datos con aranceles y perfiles comerciales de los pa\u00edses.<\/p>\n<p>Parte 2: Principio de la Naci\u00f3n M\u00e1s Favorecida y excepciones. Acuerdos Preferenciales de Comercio. Sistema Generalizado de Preferencias. Acuerdos de Aranceles Rec\u00edprocos. Acuerdos bilaterales y multilaterales. Ejemplos.<\/p>\n<p><u>S\u00e1bado 12:<\/u><\/p>\n<p>Parte 3: Acuerdos de Libre Comercio y Uniones Aduaneras. Efectos en el bienestar para mercados particulares: Creaci\u00f3n y Desviaci\u00f3n de Comercio. An\u00e1lisis de casos. Situaci\u00f3n de Argentina con el MERCOSUR y Potencialidades con Estados Unidos.<\/p>\n<p>Parte 4: Guerras Comerciales. Concepto y antecedentes. Efectos en la econom\u00eda global. Perspectivas para Argentina.<\/p>\n<p>Sobre la disertante:<br \/>\nMar\u00eda Jos\u00e9 Granado es Doctora en Econom\u00eda (Universidad de San Andr\u00e9s), Mag\u00edster en<br \/>\nEconom\u00eda (UNT) y Licenciada en Econom\u00eda (UNT). Dirige actualmente la carrera de<br \/>\nposgrado Especializaci\u00f3n en Comercio Internacional de esta casa de estudios, donde<br \/>\ndicta la asignatura: Econom\u00eda Internacional: Comercio Internacional y Pol\u00edtica<br \/>\nComercial. Es Profesora Titular de Comercio Internacional en la Licenciatura en<br \/>\nEconom\u00eda (FACE-UNT), donde adem\u00e1s est\u00e1 a cargo de Econom\u00eda Aplicada y colabora<br \/>\ncon Econom\u00eda del Medio Ambiente. Sus principales \u00e1reas de investigaci\u00f3n son la<br \/>\npol\u00edtica fiscal, el comercio internacional y los ciclos econ\u00f3micos. Actualmente dirige el<br \/>\nProyecto PIUNT: Pol\u00edticas econ\u00f3micas \u00f3ptimas en el ciclo y en el desarrollo sustentable<br \/>\nde Am\u00e9rica Latina. Desde octubre de 2024 es integrante del Grupo de Econom\u00eda<br \/>\nInternacional y Desarrollo de Bah\u00eda Blanca (GEID).<\/p>\n<p><a href=\"https:\/\/face.unt.edu.ar\/web\/posgrados\/wp-content\/uploads\/sites\/3\/2025\/04\/490917318_1227088706091189_1231354808552573955_n.jpg\"><img decoding=\"async\" loading=\"lazy\" class=\"alignnone size-medium wp-image-3316\" src=\"https:\/\/face.unt.edu.ar\/web\/posgrados\/wp-content\/uploads\/sites\/3\/2025\/04\/490917318_1227088706091189_1231354808552573955_n-300x225.jpg\" alt=\"\" width=\"300\" height=\"225\" \/><\/a><a href=\"https:\/\/face.unt.edu.ar\/web\/posgrados\/wp-content\/uploads\/sites\/3\/2025\/04\/491529020_1227088732757853_4806617546699846533_n.jpg\"><img decoding=\"async\" loading=\"lazy\" class=\"alignnone size-medium wp-image-3317\" src=\"https:\/\/face.unt.edu.ar\/web\/posgrados\/wp-content\/uploads\/sites\/3\/2025\/04\/491529020_1227088732757853_4806617546699846533_n-300x225.jpg\" alt=\"\" width=\"300\" height=\"225\" \/><\/a><a href=\"https:\/\/face.unt.edu.ar\/web\/posgrados\/wp-content\/uploads\/sites\/3\/2025\/04\/491203174_1227088622757864_1698026115377798122_n.jpg\"><img decoding=\"async\" loading=\"lazy\" class=\"alignnone size-medium wp-image-3318\" src=\"https:\/\/face.unt.edu.ar\/web\/posgrados\/wp-content\/uploads\/sites\/3\/2025\/04\/491203174_1227088622757864_1698026115377798122_n-300x225.jpg\" alt=\"\" width=\"300\" height=\"225\" \/><\/a><a href=\"https:\/\/face.unt.edu.ar\/web\/posgrados\/wp-content\/uploads\/sites\/3\/2025\/04\/491491298_1227088646091195_4603752727499254479_n.jpg\"><img decoding=\"async\" loading=\"lazy\" class=\"alignnone size-medium wp-image-3320\" src=\"https:\/\/face.unt.edu.ar\/web\/posgrados\/wp-content\/uploads\/sites\/3\/2025\/04\/491491298_1227088646091195_4603752727499254479_n-300x225.jpg\" alt=\"\" width=\"300\" height=\"225\" \/><\/a> <a href=\"https:\/\/face.unt.edu.ar\/web\/posgrados\/wp-content\/uploads\/sites\/3\/2025\/04\/490496670_1227088776091182_3548907498821644885_n.jpg\"><img decoding=\"async\" loading=\"lazy\" class=\"alignnone size-medium wp-image-3319\" src=\"https:\/\/face.unt.edu.ar\/web\/posgrados\/wp-content\/uploads\/sites\/3\/2025\/04\/490496670_1227088776091182_3548907498821644885_n-300x225.jpg\" alt=\"\" width=\"300\" height=\"225\" \/><\/a> <a href=\"https:\/\/face.unt.edu.ar\/web\/posgrados\/wp-content\/uploads\/sites\/3\/2025\/04\/490735091_1227088696091190_2092200567912993032_n.jpg\"><img decoding=\"async\" loading=\"lazy\" class=\"alignnone size-medium wp-image-3321\" src=\"https:\/\/face.unt.edu.ar\/web\/posgrados\/wp-content\/uploads\/sites\/3\/2025\/04\/490735091_1227088696091190_2092200567912993032_n-300x225.jpg\" alt=\"\" width=\"300\" height=\"225\" \/><\/a> <a href=\"https:\/\/face.unt.edu.ar\/web\/posgrados\/wp-content\/uploads\/sites\/3\/2025\/04\/WhatsApp-Image-2025-04-14-at-11.05.41-1.jpeg\"><img decoding=\"async\" loading=\"lazy\" class=\"alignnone size-medium wp-image-3322\" src=\"https:\/\/face.unt.edu.ar\/web\/posgrados\/wp-content\/uploads\/sites\/3\/2025\/04\/WhatsApp-Image-2025-04-14-at-11.05.41-1-300x225.jpeg\" alt=\"\" width=\"300\" height=\"225\" \/><\/a> <a href=\"https:\/\/face.unt.edu.ar\/web\/posgrados\/wp-content\/uploads\/sites\/3\/2025\/04\/WhatsApp-Image-2025-04-14-at-11.05.38-1.jpeg\"><img decoding=\"async\" loading=\"lazy\" class=\"alignnone size-medium wp-image-3323\" src=\"https:\/\/face.unt.edu.ar\/web\/posgrados\/wp-content\/uploads\/sites\/3\/2025\/04\/WhatsApp-Image-2025-04-14-at-11.05.38-1-300x225.jpeg\" alt=\"\" width=\"300\" height=\"225\" \/><\/a><\/p>\n<p><a href=\"https:\/\/face.unt.edu.ar\/web\/posgrados\/wp-content\/uploads\/sites\/3\/2025\/04\/WhatsApp-Image-2025-04-14-at-11.05.36-1.jpeg\"><img decoding=\"async\" loading=\"lazy\" class=\"alignnone size-medium wp-image-3325\" src=\"https:\/\/face.unt.edu.ar\/web\/posgrados\/wp-content\/uploads\/sites\/3\/2025\/04\/WhatsApp-Image-2025-04-14-at-11.05.36-1-300x225.jpeg\" alt=\"\" width=\"300\" height=\"225\" \/><\/a> <a href=\"https:\/\/face.unt.edu.ar\/web\/posgrados\/wp-content\/uploads\/sites\/3\/2025\/04\/WhatsApp-Image-2025-04-14-at-11.05.37-1.jpeg\"><img decoding=\"async\" loading=\"lazy\" class=\"alignnone size-medium wp-image-3324\" src=\"https:\/\/face.unt.edu.ar\/web\/posgrados\/wp-content\/uploads\/sites\/3\/2025\/04\/WhatsApp-Image-2025-04-14-at-11.05.37-1-300x225.jpeg\" alt=\"\" width=\"300\" height=\"225\" \/><\/a> <a href=\"https:\/\/face.unt.edu.ar\/web\/posgrados\/wp-content\/uploads\/sites\/3\/2025\/04\/491832150_1227088462757880_420505435959944222_n.jpg\"><img decoding=\"async\" loading=\"lazy\" class=\"size-medium wp-image-3313 alignleft\" src=\"https:\/\/face.unt.edu.ar\/web\/posgrados\/wp-content\/uploads\/sites\/3\/2025\/04\/491832150_1227088462757880_420505435959944222_n-300x225.jpg\" alt=\"\" width=\"300\" height=\"225\" \/><\/a><\/p>\n<p style=\"text-align: center\"><a href=\"https:\/\/face.unt.edu.ar\/web\/wp-content\/uploads\/2025\/04\/491459055_1227088596091200_2185376360714271792_n.jpg\"><img decoding=\"async\" loading=\"lazy\" class=\"alignnone size-medium wp-image-20453\" src=\"https:\/\/face.unt.edu.ar\/web\/wp-content\/uploads\/2025\/04\/491459055_1227088596091200_2185376360714271792_n-300x225.jpg\" alt=\"\" width=\"300\" height=\"225\" srcset=\"https:\/\/face.unt.edu.ar\/web\/wp-content\/uploads\/2025\/04\/491459055_1227088596091200_2185376360714271792_n-300x225.jpg 300w, https:\/\/face.unt.edu.ar\/web\/wp-content\/uploads\/2025\/04\/491459055_1227088596091200_2185376360714271792_n-1024x768.jpg 1024w, https:\/\/face.unt.edu.ar\/web\/wp-content\/uploads\/2025\/04\/491459055_1227088596091200_2185376360714271792_n-768x576.jpg 768w, https:\/\/face.unt.edu.ar\/web\/wp-content\/uploads\/2025\/04\/491459055_1227088596091200_2185376360714271792_n-1536x1152.jpg 1536w, https:\/\/face.unt.edu.ar\/web\/wp-content\/uploads\/2025\/04\/491459055_1227088596091200_2185376360714271792_n-80x60.jpg 80w, https:\/\/face.unt.edu.ar\/web\/wp-content\/uploads\/2025\/04\/491459055_1227088596091200_2185376360714271792_n-160x120.jpg 160w, https:\/\/face.unt.edu.ar\/web\/wp-content\/uploads\/2025\/04\/491459055_1227088596091200_2185376360714271792_n-265x198.jpg 265w, https:\/\/face.unt.edu.ar\/web\/wp-content\/uploads\/2025\/04\/491459055_1227088596091200_2185376360714271792_n-530x396.jpg 530w, https:\/\/face.unt.edu.ar\/web\/wp-content\/uploads\/2025\/04\/491459055_1227088596091200_2185376360714271792_n-696x522.jpg 696w, https:\/\/face.unt.edu.ar\/web\/wp-content\/uploads\/2025\/04\/491459055_1227088596091200_2185376360714271792_n-1392x1044.jpg 1392w, https:\/\/face.unt.edu.ar\/web\/wp-content\/uploads\/2025\/04\/491459055_1227088596091200_2185376360714271792_n-1068x801.jpg 1068w, https:\/\/face.unt.edu.ar\/web\/wp-content\/uploads\/2025\/04\/491459055_1227088596091200_2185376360714271792_n-560x420.jpg 560w, https:\/\/face.unt.edu.ar\/web\/wp-content\/uploads\/2025\/04\/491459055_1227088596091200_2185376360714271792_n-1120x840.jpg 1120w, https:\/\/face.unt.edu.ar\/web\/wp-content\/uploads\/2025\/04\/491459055_1227088596091200_2185376360714271792_n-1920x1440.jpg 1920w, https:\/\/face.unt.edu.ar\/web\/wp-content\/uploads\/2025\/04\/491459055_1227088596091200_2185376360714271792_n.jpg 2048w\" sizes=\"(max-width: 300px) 100vw, 300px\" \/><\/a><a href=\"https:\/\/face.unt.edu.ar\/web\/posgrados\/wp-content\/uploads\/sites\/3\/2025\/03\/T-4.png\"><img decoding=\"async\" loading=\"lazy\" class=\"alignnone  wp-image-3219\" src=\"https:\/\/face.unt.edu.ar\/web\/posgrados\/wp-content\/uploads\/sites\/3\/2025\/03\/T-4-300x300.png\" alt=\"\" width=\"530\" height=\"530\" \/><\/a><\/p>\n<p>&nbsp;<\/p>\n","protected":false},"excerpt":{"rendered":"<p>M\u00e1s de 60 personas participaron del taller \u201cAranceles, Acuerdos Preferenciales de Comercio y Guerras Comerciales\u201d, realizado los d\u00edas 11 y 12 de abril, en el marco de la Especializaci\u00f3n en Comercio Internacional (ECI) de nuestra Facultad de Ciencias Econ\u00f3micas de la UNT. La actividad abord\u00f3 tem\u00e1ticas de gran relevancia para interpretar el complejo escenario econ\u00f3mico [&hellip;]<\/p>\n","protected":false},"author":123457,"featured_media":20455,"comment_status":"closed","ping_status":"closed","sticky":false,"template":"","format":"standard","meta":{"_et_pb_use_builder":"","_et_pb_old_content":"","_et_gb_content_width":"","footnotes":""},"categories":[4],"tags":[],"_links":{"self":[{"href":"https:\/\/face.unt.edu.ar\/web\/wp-json\/wp\/v2\/posts\/20452"}],"collection":[{"href":"https:\/\/face.unt.edu.ar\/web\/wp-json\/wp\/v2\/posts"}],"about":[{"href":"https:\/\/face.unt.edu.ar\/web\/wp-json\/wp\/v2\/types\/post"}],"author":[{"embeddable":true,"href":"https:\/\/face.unt.edu.ar\/web\/wp-json\/wp\/v2\/users\/123457"}],"replies":[{"embeddable":true,"href":"https:\/\/face.unt.edu.ar\/web\/wp-json\/wp\/v2\/comments?post=20452"}],"version-history":[{"count":1,"href":"https:\/\/face.unt.edu.ar\/web\/wp-json\/wp\/v2\/posts\/20452\/revisions"}],"predecessor-version":[{"id":20454,"href":"https:\/\/face.unt.edu.ar\/web\/wp-json\/wp\/v2\/posts\/20452\/revisions\/20454"}],"wp:featuredmedia":[{"embeddable":true,"href":"https:\/\/face.unt.edu.ar\/web\/wp-json\/wp\/v2\/media\/20455"}],"wp:attachment":[{"href":"https:\/\/face.unt.edu.ar\/web\/wp-json\/wp\/v2\/media?parent=20452"}],"wp:term":[{"taxonomy":"category","embeddable":true,"href":"https:\/\/face.unt.edu.ar\/web\/wp-json\/wp\/v2\/categories?post=20452"},{"taxonomy":"post_tag","embeddable":true,"href":"https:\/\/face.unt.edu.ar\/web\/wp-json\/wp\/v2\/tags?post=20452"}],"curies":[{"name":"wp","href":"https:\/\/api.w.org\/{rel}","templated":true}]}}