{"id":20466,"date":"2025-04-23T13:34:36","date_gmt":"2025-04-23T13:34:36","guid":{"rendered":"https:\/\/face.unt.edu.ar\/web\/?p=20466"},"modified":"2025-04-23T13:35:09","modified_gmt":"2025-04-23T13:35:09","slug":"ya-esta-disponible-el-nuevo-numero-de-nuestra-revista-economicas-digital","status":"publish","type":"post","link":"https:\/\/face.unt.edu.ar\/web\/blog\/ya-esta-disponible-el-nuevo-numero-de-nuestra-revista-economicas-digital\/","title":{"rendered":"\u00a1Ya est\u00e1 disponible el nuevo n\u00famero de nuestra revista Econ\u00f3micas Digital!"},"content":{"rendered":"<p>Presentamos una nueva edici\u00f3n de la\u00a0<strong>revista\u00a0institucional<\/strong>\u00a0de nuestra\u00a0<strong>Facultad de Ciencias Econ\u00f3micas de la UNT<\/strong>\u00a0\u201c<strong>Econ\u00f3micas Digital\u201d<\/strong>, que re\u00fane art\u00edculos originales, entrevistas destacadas y reflexiones actuales sobre los temas que m\u00e1s nos interesan.<\/p>\n<p>En este n\u00famero, el decano\u00a0<strong>Mg. Jorge Rospide<\/strong>, aborda en su editorial, la funci\u00f3n de la universidad p\u00fablica dentro de la sociedad:\u00a0<strong>\u201cLa universidad p\u00fablica como motor de esperanza y desarrollo de la regi\u00f3n\u201d<\/strong>.<\/p>\n<p>En la secci\u00f3n Graduados por el Mundo, la\u00a0<strong>Mg. Sof\u00eda Olgu\u00edn<\/strong>\u00a0nos cuenta su experiencia en la Universidad de Santa B\u00e1rbara, California \u2013 EEUU.<\/p>\n<p>En Actualidad, la\u00a0revista\u00a0presenta el art\u00edculo\u00a0<strong>\u201cInnovadora decisi\u00f3n judicial en fomento de la educaci\u00f3n p\u00fablica\u201d<\/strong>, del\u00a0<strong>Cr. Miguel Marcotullio<\/strong>, docente de nuestra Facultad.<\/p>\n<p>En esta ocasi\u00f3n, hay una apartado especial para los\u00a0<strong>estudiantes del sur<\/strong>\u00a0<strong>de la provincia\u00a0<\/strong>que est\u00e1n concretando el sue\u00f1o de iniciar sus estudios universitarios en nuestra Facultad, con la inauguraci\u00f3n de la extensi\u00f3n \u00e1ulica de Aguilares. En la secci\u00f3n Protagonistas de la FACE, la\u00a0revista\u00a0comparte\u00a0<strong>testimonios de estos j\u00f3venes ingresante<\/strong>s.<\/p>\n<p>Finalmente, la secci\u00f3n Investigaci\u00f3n ofrece un resumen del proyecto\u00a0<strong>\u201cIndicadores claves de desempe\u00f1o como apoyo a la estrategia de negocios con criterios ESG \u2013 Ambiente, Social y Gobernanza\u201d<\/strong>; desarrollado por el\u00a0<strong>Dr. Gabriel Feldman<\/strong>\u00a0(director), la\u00a0<strong>Mg. Mar\u00eda de las Mercedes Ortiz<\/strong>\u00a0(investigadora), el\u00a0<strong>Mg. Alberto Sfer<\/strong>\u00a0(investigador), y el\u00a0<strong>Lic. Mat\u00edas Agust\u00edn Torres Vega<\/strong>\u00a0(egresado), en el marco de los Proyectos de Investigaci\u00f3n en Ciencias Econ\u00f3micas (PICE) 2022.<\/p>\n<p>Invitamos a descubrir este nuevo n\u00famero y acompa\u00f1arnos en este recorrido editorial que seguimos construyendo junto a nuestra comunidad universitaria.<\/p>\n<p><a href=\"https:\/\/drive.google.com\/file\/d\/1MqFTIeQXf-M9iGA2pSL4K-QnoJ8EmB0G\/view?usp=sharing\" target=\"_blank\" rel=\"noopener\"><strong>Leer y descargar la\u00a0revista\u00a0Econ\u00f3micas Digital N\u00b0 19 haciendo clic aqu\u00ed.<\/strong><\/a><\/p>\n","protected":false},"excerpt":{"rendered":"<p>Presentamos una nueva edici\u00f3n de la\u00a0revista\u00a0institucional\u00a0de nuestra\u00a0Facultad de Ciencias Econ\u00f3micas de la UNT\u00a0\u201cEcon\u00f3micas Digital\u201d, que re\u00fane art\u00edculos originales, entrevistas destacadas y reflexiones actuales sobre los temas que m\u00e1s nos interesan. En este n\u00famero, el decano\u00a0Mg. Jorge Rospide, aborda en su editorial, la funci\u00f3n de la universidad p\u00fablica dentro de la sociedad:\u00a0\u201cLa universidad p\u00fablica como motor [&hellip;]<\/p>\n","protected":false},"author":2,"featured_media":20468,"comment_status":"closed","ping_status":"closed","sticky":false,"template":"","format":"standard","meta":{"_et_pb_use_builder":"","_et_pb_old_content":"","_et_gb_content_width":"","footnotes":""},"categories":[4],"tags":[],"_links":{"self":[{"href":"https:\/\/face.unt.edu.ar\/web\/wp-json\/wp\/v2\/posts\/20466"}],"collection":[{"href":"https:\/\/face.unt.edu.ar\/web\/wp-json\/wp\/v2\/posts"}],"about":[{"href":"https:\/\/face.unt.edu.ar\/web\/wp-json\/wp\/v2\/types\/post"}],"author":[{"embeddable":true,"href":"https:\/\/face.unt.edu.ar\/web\/wp-json\/wp\/v2\/users\/2"}],"replies":[{"embeddable":true,"href":"https:\/\/face.unt.edu.ar\/web\/wp-json\/wp\/v2\/comments?post=20466"}],"version-history":[{"count":2,"href":"https:\/\/face.unt.edu.ar\/web\/wp-json\/wp\/v2\/posts\/20466\/revisions"}],"predecessor-version":[{"id":20469,"href":"https:\/\/face.unt.edu.ar\/web\/wp-json\/wp\/v2\/posts\/20466\/revisions\/20469"}],"wp:featuredmedia":[{"embeddable":true,"href":"https:\/\/face.unt.edu.ar\/web\/wp-json\/wp\/v2\/media\/20468"}],"wp:attachment":[{"href":"https:\/\/face.unt.edu.ar\/web\/wp-json\/wp\/v2\/media?parent=20466"}],"wp:term":[{"taxonomy":"category","embeddable":true,"href":"https:\/\/face.unt.edu.ar\/web\/wp-json\/wp\/v2\/categories?post=20466"},{"taxonomy":"post_tag","embeddable":true,"href":"https:\/\/face.unt.edu.ar\/web\/wp-json\/wp\/v2\/tags?post=20466"}],"curies":[{"name":"wp","href":"https:\/\/api.w.org\/{rel}","templated":true}]}}