{"id":20693,"date":"2025-06-13T13:29:27","date_gmt":"2025-06-13T13:29:27","guid":{"rendered":"https:\/\/face.unt.edu.ar\/web\/?p=20693"},"modified":"2025-06-13T16:20:20","modified_gmt":"2025-06-13T16:20:20","slug":"con-gran-convocatoria-se-realizo-la-expo-posgrado-en-nuestra-facultad","status":"publish","type":"post","link":"https:\/\/face.unt.edu.ar\/web\/blog\/con-gran-convocatoria-se-realizo-la-expo-posgrado-en-nuestra-facultad\/","title":{"rendered":"Con gran convocatoria se realiz\u00f3 la Expo Posgrado en nuestra Facultad"},"content":{"rendered":"<p>Con una activa participaci\u00f3n de estudiantes, graduados y profesionales de diversas disciplinas, la\u00a0<strong>Universidad Nacional de Tucum\u00e1n<\/strong>\u00a0<strong>(UNT)<\/strong>\u00a0llev\u00f3 adelante la tercera edici\u00f3n de la\u00a0<strong>Expo Posgrado<\/strong>, una jornada orientada a promover la oferta de formaci\u00f3n de posgrado y a fortalecer los v\u00ednculos entre la universidad y la comunidad acad\u00e9mica y profesional.<\/p>\n<p>La actividad se llev\u00f3 a cabo en el hall central de nuestra\u00a0<strong>Facultad de Ciencias Econ\u00f3micas<\/strong>\u00a0y se constituy\u00f3 en un espacio propicio para visibilizar el potencial acad\u00e9mico de la UNT, que ofrece\u00a0<strong>146 programas<\/strong>\u00a0de posgrado (entre\u00a0<strong>especializaciones, maestr\u00edas y doctorados<\/strong>) distribuidos en sus\u00a0<strong>13 unidades acad\u00e9micas<\/strong>.<\/p>\n<p><a href=\"https:\/\/face.unt.edu.ar\/web\/wp-content\/uploads\/2025\/06\/10.jpg\"><img decoding=\"async\" loading=\"lazy\" class=\"alignnone size-medium wp-image-20694\" src=\"https:\/\/face.unt.edu.ar\/web\/wp-content\/uploads\/2025\/06\/10-300x225.jpg\" alt=\"\" width=\"300\" height=\"225\" srcset=\"https:\/\/face.unt.edu.ar\/web\/wp-content\/uploads\/2025\/06\/10-300x225.jpg 300w, https:\/\/face.unt.edu.ar\/web\/wp-content\/uploads\/2025\/06\/10-1024x768.jpg 1024w, https:\/\/face.unt.edu.ar\/web\/wp-content\/uploads\/2025\/06\/10-768x576.jpg 768w, https:\/\/face.unt.edu.ar\/web\/wp-content\/uploads\/2025\/06\/10-1536x1152.jpg 1536w, https:\/\/face.unt.edu.ar\/web\/wp-content\/uploads\/2025\/06\/10-80x60.jpg 80w, https:\/\/face.unt.edu.ar\/web\/wp-content\/uploads\/2025\/06\/10-160x120.jpg 160w, https:\/\/face.unt.edu.ar\/web\/wp-content\/uploads\/2025\/06\/10-265x198.jpg 265w, https:\/\/face.unt.edu.ar\/web\/wp-content\/uploads\/2025\/06\/10-530x396.jpg 530w, https:\/\/face.unt.edu.ar\/web\/wp-content\/uploads\/2025\/06\/10-696x522.jpg 696w, https:\/\/face.unt.edu.ar\/web\/wp-content\/uploads\/2025\/06\/10-1392x1044.jpg 1392w, https:\/\/face.unt.edu.ar\/web\/wp-content\/uploads\/2025\/06\/10-1068x801.jpg 1068w, https:\/\/face.unt.edu.ar\/web\/wp-content\/uploads\/2025\/06\/10-560x420.jpg 560w, https:\/\/face.unt.edu.ar\/web\/wp-content\/uploads\/2025\/06\/10-1120x840.jpg 1120w, https:\/\/face.unt.edu.ar\/web\/wp-content\/uploads\/2025\/06\/10-1920x1440.jpg 1920w, https:\/\/face.unt.edu.ar\/web\/wp-content\/uploads\/2025\/06\/10.jpg 2000w\" sizes=\"(max-width: 300px) 100vw, 300px\" \/><\/a><a href=\"https:\/\/face.unt.edu.ar\/web\/wp-content\/uploads\/2025\/06\/6.jpg\"><img decoding=\"async\" loading=\"lazy\" class=\"alignnone size-medium wp-image-20697\" src=\"https:\/\/face.unt.edu.ar\/web\/wp-content\/uploads\/2025\/06\/6-300x225.jpg\" alt=\"\" width=\"300\" height=\"225\" srcset=\"https:\/\/face.unt.edu.ar\/web\/wp-content\/uploads\/2025\/06\/6-300x225.jpg 300w, https:\/\/face.unt.edu.ar\/web\/wp-content\/uploads\/2025\/06\/6-1024x768.jpg 1024w, https:\/\/face.unt.edu.ar\/web\/wp-content\/uploads\/2025\/06\/6-768x576.jpg 768w, https:\/\/face.unt.edu.ar\/web\/wp-content\/uploads\/2025\/06\/6-80x60.jpg 80w, https:\/\/face.unt.edu.ar\/web\/wp-content\/uploads\/2025\/06\/6-160x120.jpg 160w, https:\/\/face.unt.edu.ar\/web\/wp-content\/uploads\/2025\/06\/6-265x198.jpg 265w, https:\/\/face.unt.edu.ar\/web\/wp-content\/uploads\/2025\/06\/6-530x396.jpg 530w, https:\/\/face.unt.edu.ar\/web\/wp-content\/uploads\/2025\/06\/6-696x522.jpg 696w, https:\/\/face.unt.edu.ar\/web\/wp-content\/uploads\/2025\/06\/6-1392x1044.jpg 1392w, https:\/\/face.unt.edu.ar\/web\/wp-content\/uploads\/2025\/06\/6-1068x801.jpg 1068w, https:\/\/face.unt.edu.ar\/web\/wp-content\/uploads\/2025\/06\/6-560x420.jpg 560w, https:\/\/face.unt.edu.ar\/web\/wp-content\/uploads\/2025\/06\/6-1120x840.jpg 1120w, https:\/\/face.unt.edu.ar\/web\/wp-content\/uploads\/2025\/06\/6.jpg 1500w\" sizes=\"(max-width: 300px) 100vw, 300px\" \/><\/a><\/p>\n<p>Durante la jornada, los asistentes pudieron recorrer los distintos stands, interactuar con referentes acad\u00e9micos y recibir orientaci\u00f3n personalizada sobre las trayectorias formativas disponibles en un ambiente de di\u00e1logo e intercambio enriquecedor.<\/p>\n<p>La ceremonia de apertura del evento estuvo presidida por el rector de la UNT,\u00a0<strong>Ing. Sergio Pagani<\/strong>; junto al decano de nuestra Facultad de Ciencias Econ\u00f3micas,\u00a0<strong>Mg. Jorge Rospide<\/strong>, y la secretaria de Posgrado de la UNT,\u00a0<strong>Dra. Liliana Zeman<\/strong>. Las autoridades destacaron el valor estrat\u00e9gico de los posgrados en la construcci\u00f3n del conocimiento, la investigaci\u00f3n y el compromiso con el desarrollo regional. Reafirmando el compromiso de la universidad con la formaci\u00f3n continua, el acceso al saber de calidad y su misi\u00f3n de excelencia acad\u00e9mica al servicio de la sociedad.<\/p>\n<p><a href=\"https:\/\/face.unt.edu.ar\/web\/posgrados\/wp-content\/uploads\/sites\/3\/2025\/06\/4.jpg\"><img decoding=\"async\" loading=\"lazy\" class=\"wp-image-3448 aligncenter td-animation-stack-type0-2\" src=\"https:\/\/face.unt.edu.ar\/web\/posgrados\/wp-content\/uploads\/sites\/3\/2025\/06\/4-300x225.jpg\" alt=\"\" width=\"432\" height=\"324\" \/><\/a><\/p>\n<p>Adem\u00e1s, se llev\u00f3 a cabo la<strong> mesa panel<\/strong> titulada <strong>\u201cLa oferta de posgrado de la UNT y su impacto social\u201d,<\/strong> integrada por\u00a0<strong>C\u00e9sar \u00c1vila<\/strong>, investigador de la UNT y del CONICET;\u00a0<strong>Roberto Gonz\u00e1lez Marchetti<\/strong>, ex presidente de la Federaci\u00f3n de Entidades Profesionales Universitarias de Tucum\u00e1n (FEPUT); y tres secretarios del Consejo de Posgrado de la UNT: la\u00a0<strong>Esp. Gabriela S\u00e1nchez<\/strong>, el\u00a0<strong>Dr. Julio Sal Paz<\/strong>\u00a0y la\u00a0<strong>Dra. Fabiana Cuezzo<\/strong>. El panel propuso un espacio de reflexi\u00f3n sobre el papel del posgrado en la transformaci\u00f3n social, el desarrollo de capacidades cr\u00edticas y la producci\u00f3n de conocimiento con impacto territorial.<\/p>\n<p><a href=\"https:\/\/face.unt.edu.ar\/web\/posgrados\/wp-content\/uploads\/sites\/3\/2025\/06\/2.jpg\"><img decoding=\"async\" loading=\"lazy\" class=\"wp-image-3446 aligncenter td-animation-stack-type0-2\" src=\"https:\/\/face.unt.edu.ar\/web\/posgrados\/wp-content\/uploads\/sites\/3\/2025\/06\/2-300x225.jpg\" alt=\"\" width=\"405\" height=\"304\" \/><\/a><a href=\"https:\/\/face.unt.edu.ar\/web\/posgrados\/wp-content\/uploads\/sites\/3\/2025\/06\/7.jpg\"><img decoding=\"async\" loading=\"lazy\" class=\"wp-image-3449 aligncenter td-animation-stack-type0-2\" src=\"https:\/\/face.unt.edu.ar\/web\/posgrados\/wp-content\/uploads\/sites\/3\/2025\/06\/7-300x225.jpg\" alt=\"\" width=\"451\" height=\"338\" \/><\/a><\/p>\n","protected":false},"excerpt":{"rendered":"<p>Con una activa participaci\u00f3n de estudiantes, graduados y profesionales de diversas disciplinas, la\u00a0Universidad Nacional de Tucum\u00e1n\u00a0(UNT)\u00a0llev\u00f3 adelante la tercera edici\u00f3n de la\u00a0Expo Posgrado, una jornada orientada a promover la oferta de formaci\u00f3n de posgrado y a fortalecer los v\u00ednculos entre la universidad y la comunidad acad\u00e9mica y profesional. La actividad se llev\u00f3 a cabo en [&hellip;]<\/p>\n","protected":false},"author":123457,"featured_media":20696,"comment_status":"closed","ping_status":"closed","sticky":false,"template":"","format":"standard","meta":{"_et_pb_use_builder":"","_et_pb_old_content":"","_et_gb_content_width":"","footnotes":""},"categories":[4,5],"tags":[1228,1229,1226,1227],"_links":{"self":[{"href":"https:\/\/face.unt.edu.ar\/web\/wp-json\/wp\/v2\/posts\/20693"}],"collection":[{"href":"https:\/\/face.unt.edu.ar\/web\/wp-json\/wp\/v2\/posts"}],"about":[{"href":"https:\/\/face.unt.edu.ar\/web\/wp-json\/wp\/v2\/types\/post"}],"author":[{"embeddable":true,"href":"https:\/\/face.unt.edu.ar\/web\/wp-json\/wp\/v2\/users\/123457"}],"replies":[{"embeddable":true,"href":"https:\/\/face.unt.edu.ar\/web\/wp-json\/wp\/v2\/comments?post=20693"}],"version-history":[{"count":3,"href":"https:\/\/face.unt.edu.ar\/web\/wp-json\/wp\/v2\/posts\/20693\/revisions"}],"predecessor-version":[{"id":20699,"href":"https:\/\/face.unt.edu.ar\/web\/wp-json\/wp\/v2\/posts\/20693\/revisions\/20699"}],"wp:featuredmedia":[{"embeddable":true,"href":"https:\/\/face.unt.edu.ar\/web\/wp-json\/wp\/v2\/media\/20696"}],"wp:attachment":[{"href":"https:\/\/face.unt.edu.ar\/web\/wp-json\/wp\/v2\/media?parent=20693"}],"wp:term":[{"taxonomy":"category","embeddable":true,"href":"https:\/\/face.unt.edu.ar\/web\/wp-json\/wp\/v2\/categories?post=20693"},{"taxonomy":"post_tag","embeddable":true,"href":"https:\/\/face.unt.edu.ar\/web\/wp-json\/wp\/v2\/tags?post=20693"}],"curies":[{"name":"wp","href":"https:\/\/api.w.org\/{rel}","templated":true}]}}