{"id":20717,"date":"2025-06-17T13:57:47","date_gmt":"2025-06-17T13:57:47","guid":{"rendered":"https:\/\/face.unt.edu.ar\/web\/?p=20717"},"modified":"2025-06-17T13:58:15","modified_gmt":"2025-06-17T13:58:15","slug":"curso-analitica-de-negocios-con-power-bi-2","status":"publish","type":"post","link":"https:\/\/face.unt.edu.ar\/web\/blog\/curso-analitica-de-negocios-con-power-bi-2\/","title":{"rendered":"Curso \u00abAnal\u00edtica de Negocios con Power BI\u00bb"},"content":{"rendered":"<div>El curso \u00abAnal\u00edtica de Negocios con Power BI\u00bb que se brindar\u00e1 en nuestra Facultad de Ciencias Econ\u00f3micas de la UNT, iniciar\u00e1 el 23 de junio de 2025.<\/div>\n<div><\/div>\n<div>Se dictar\u00e1 los lunes y mi\u00e9rcoles, de 18:30 a 21:30 horas, con modalidad virtual.<\/div>\n<div>\n<p>Estar\u00e1 a cargo de los docentes Esp. Marcelo Medina Galv\u00e1n; Mg. Javier Garc\u00eda y<\/p>\n<div dir=\"auto\">Lic. Agostina Corbal\u00e1n.<\/div>\n<div dir=\"auto\"><\/div>\n<\/div>\n<div>Los cupos son limitados (20 personas m\u00e1ximo).<\/div>\n<div><\/div>\n<div>Inversi\u00f3n:<\/div>\n<div>\n<ul class=\"n8H08c UVNKR \">\n<li class=\"zfr3Q TYR86d eD0Rn \" dir=\"ltr\">\n<p class=\"zfr3Q CDt4Ke \" dir=\"ltr\" role=\"presentation\"><span class=\"C9DxTc \">P\u00fablico en General:\u00a0<\/span><span class=\"C9DxTc \">$\u00a0<\/span><span class=\"C9DxTc \">8<\/span><span class=\"C9DxTc \">0.000.-<\/span><\/p>\n<\/li>\n<li class=\"zfr3Q TYR86d eD0Rn \" dir=\"ltr\">\n<p class=\"zfr3Q CDt4Ke \" dir=\"ltr\" role=\"presentation\"><span class=\"C9DxTc \">Descuentos Alumnos de grado FACE<\/span><\/p>\n<\/li>\n<li class=\"zfr3Q TYR86d eD0Rn \" dir=\"ltr\">\n<p class=\"zfr3Q CDt4Ke \" dir=\"ltr\" role=\"presentation\"><span class=\"C9DxTc \">Descuentos Docentes y nodocentes FACE<\/span><\/p>\n<\/li>\n<\/ul>\n<\/div>\n<div>\u00a0Inscripci\u00f3n en:<strong><a href=\"https:\/\/acortar.link\/T8buQw\" target=\"_blank\" rel=\"noopener\"> https:\/\/acortar.link\/T8buQw\u00a0<\/a><\/strong><\/div>\n<div><\/div>\n<div><\/div>\n<div><span class=\"C9DxTc \">En este curso aprender\u00e1s lo que es la\u00a0<\/span><span class=\"C9DxTc \">anal\u00edtica de negocios<\/span><span class=\"C9DxTc \">\u00a0a trav\u00e9s de casos pr\u00e1cticos aplicando m\u00e9todos cuantitativos. Tambi\u00e9n aprender\u00e1s el apasionante mundo de la visualizaci\u00f3n de datos a trav\u00e9s de la herramienta\u00a0<\/span><span class=\"C9DxTc \">Power BI.\u00a0<\/span><\/div>\n<div><\/div>\n<div>El curso est\u00e1 organizado por el Centro de Capacitaci\u00f3n Continua y el Laboratorio de Anal\u00edtica, Ciencia de Datos e Innovaci\u00f3n (LACDI) de nuestra Facultad.<\/div>\n<div><\/div>\n<div><\/div>\n<div><\/div>\n<div><\/div>\n<div><\/div>\n","protected":false},"excerpt":{"rendered":"<p>El curso \u00abAnal\u00edtica de Negocios con Power BI\u00bb que se brindar\u00e1 en nuestra Facultad de Ciencias Econ\u00f3micas de la UNT, iniciar\u00e1 el 23 de junio de 2025. Se dictar\u00e1 los lunes y mi\u00e9rcoles, de 18:30 a 21:30 horas, con modalidad virtual. Estar\u00e1 a cargo de los docentes Esp. Marcelo Medina Galv\u00e1n; Mg. Javier Garc\u00eda y [&hellip;]<\/p>\n","protected":false},"author":2,"featured_media":20718,"comment_status":"closed","ping_status":"closed","sticky":false,"template":"","format":"standard","meta":{"_et_pb_use_builder":"","_et_pb_old_content":"","_et_gb_content_width":"","footnotes":""},"categories":[4],"tags":[],"_links":{"self":[{"href":"https:\/\/face.unt.edu.ar\/web\/wp-json\/wp\/v2\/posts\/20717"}],"collection":[{"href":"https:\/\/face.unt.edu.ar\/web\/wp-json\/wp\/v2\/posts"}],"about":[{"href":"https:\/\/face.unt.edu.ar\/web\/wp-json\/wp\/v2\/types\/post"}],"author":[{"embeddable":true,"href":"https:\/\/face.unt.edu.ar\/web\/wp-json\/wp\/v2\/users\/2"}],"replies":[{"embeddable":true,"href":"https:\/\/face.unt.edu.ar\/web\/wp-json\/wp\/v2\/comments?post=20717"}],"version-history":[{"count":2,"href":"https:\/\/face.unt.edu.ar\/web\/wp-json\/wp\/v2\/posts\/20717\/revisions"}],"predecessor-version":[{"id":20720,"href":"https:\/\/face.unt.edu.ar\/web\/wp-json\/wp\/v2\/posts\/20717\/revisions\/20720"}],"wp:featuredmedia":[{"embeddable":true,"href":"https:\/\/face.unt.edu.ar\/web\/wp-json\/wp\/v2\/media\/20718"}],"wp:attachment":[{"href":"https:\/\/face.unt.edu.ar\/web\/wp-json\/wp\/v2\/media?parent=20717"}],"wp:term":[{"taxonomy":"category","embeddable":true,"href":"https:\/\/face.unt.edu.ar\/web\/wp-json\/wp\/v2\/categories?post=20717"},{"taxonomy":"post_tag","embeddable":true,"href":"https:\/\/face.unt.edu.ar\/web\/wp-json\/wp\/v2\/tags?post=20717"}],"curies":[{"name":"wp","href":"https:\/\/api.w.org\/{rel}","templated":true}]}}