{"id":20721,"date":"2025-06-17T17:00:09","date_gmt":"2025-06-17T17:00:09","guid":{"rendered":"https:\/\/face.unt.edu.ar\/web\/?p=20721"},"modified":"2025-06-17T14:34:11","modified_gmt":"2025-06-17T14:34:11","slug":"curso-rt-53-auditoria-de-eecc-con-enfoque-de-riesgo","status":"publish","type":"post","link":"https:\/\/face.unt.edu.ar\/web\/blog\/curso-rt-53-auditoria-de-eecc-con-enfoque-de-riesgo\/","title":{"rendered":"Curso \u00abRT 53 &#8211; Auditor\u00eda de EECC con Enfoque de Riesgo\u00bb"},"content":{"rendered":"<div class=\"xdj266r x14z9mp xat24cr x1lziwak x1vvkbs x126k92a\">\n<div dir=\"auto\">El curso \u00abRT 53 &#8211; Auditor\u00eda de EECC con Enfoque de Riesgo\u00bb iniciar\u00e1 el 04 de agosto de 2025. Se dictar\u00e1 los lunes, de 15:30 a 20:00 horas, con modalidad presencial. Tendr\u00e1 una duraci\u00f3n de 4 encuentros.<\/div>\n<div dir=\"auto\"><\/div>\n<div dir=\"auto\">Estar\u00e1 a cargo del docente Esp. Gustavo Abdelnur.<\/div>\n<\/div>\n<div class=\"x14z9mp xat24cr x1lziwak x1vvkbs xtlvy1s x126k92a\">\n<div dir=\"auto\"><\/div>\n<div dir=\"auto\">Est\u00e1 dirigido a profesionales y estudiantes avanzados que deseen profundizar en auditor\u00eda bajo normativa vigente y gesti\u00f3n de riesgos.<\/div>\n<div dir=\"auto\"><\/div>\n<\/div>\n<div class=\"x14z9mp xat24cr x1lziwak x1vvkbs xtlvy1s x126k92a\">\n<div dir=\"auto\">Inscripciones abiertas: <strong><span class=\"html-span xdj266r x14z9mp xat24cr x1lziwak xexx8yu xyri2b x18d9i69 x1c1uobl x1hl2dhg x16tdsg8 x1vvkbs\"><a class=\"x1i10hfl xjbqb8w x1ejq31n x18oe1m7 x1sy0etr xstzfhl x972fbf x10w94by x1qhh985 x14e42zd x9f619 x1ypdohk xt0psk2 xe8uvvx xdj266r x14z9mp xat24cr x1lziwak xexx8yu xyri2b x18d9i69 x1c1uobl x16tdsg8 x1hl2dhg xggy1nq x1a2a7pz xkrqix3 x1sur9pj x1fey0fg x1s688f\" role=\"link\" href=\"https:\/\/acortar.link\/qGURpB?fbclid=IwZXh0bgNhZW0CMTAAYnJpZBExeUNReEZPckhvUDF5MXM5eQEeOU1FBf0teurrV83fbTu3tIrzcbZPePnTPbN_-RjoJNxbv7UMldyTjkBRAcY_aem_yvbLlN_rG79UCzckYCvJpQ\" target=\"_blank\" rel=\"nofollow noopener noreferrer\">https:\/\/acortar.link\/qGURpB<\/a><\/span><\/strong><\/div>\n<\/div>\n<div class=\"x14z9mp xat24cr x1lziwak x1vvkbs xtlvy1s x126k92a\">\n<div dir=\"auto\"><\/div>\n<div dir=\"auto\">Es organizado por el Instituto de Investigaciones Contables y el Centro de Capacitaci\u00f3n Continua de nuestra Facultad de Ciencias Econ\u00f3micas de la UNT.<\/div>\n<\/div>\n","protected":false},"excerpt":{"rendered":"<p>El curso \u00abRT 53 &#8211; Auditor\u00eda de EECC con Enfoque de Riesgo\u00bb iniciar\u00e1 el 04 de agosto de 2025. Se dictar\u00e1 los lunes, de 15:30 a 20:00 horas, con modalidad presencial. Tendr\u00e1 una duraci\u00f3n de 4 encuentros. Estar\u00e1 a cargo del docente Esp. Gustavo Abdelnur. Est\u00e1 dirigido a profesionales y estudiantes avanzados que deseen profundizar [&hellip;]<\/p>\n","protected":false},"author":2,"featured_media":20722,"comment_status":"closed","ping_status":"closed","sticky":false,"template":"","format":"standard","meta":{"_et_pb_use_builder":"","_et_pb_old_content":"","_et_gb_content_width":"","footnotes":""},"categories":[4],"tags":[],"_links":{"self":[{"href":"https:\/\/face.unt.edu.ar\/web\/wp-json\/wp\/v2\/posts\/20721"}],"collection":[{"href":"https:\/\/face.unt.edu.ar\/web\/wp-json\/wp\/v2\/posts"}],"about":[{"href":"https:\/\/face.unt.edu.ar\/web\/wp-json\/wp\/v2\/types\/post"}],"author":[{"embeddable":true,"href":"https:\/\/face.unt.edu.ar\/web\/wp-json\/wp\/v2\/users\/2"}],"replies":[{"embeddable":true,"href":"https:\/\/face.unt.edu.ar\/web\/wp-json\/wp\/v2\/comments?post=20721"}],"version-history":[{"count":1,"href":"https:\/\/face.unt.edu.ar\/web\/wp-json\/wp\/v2\/posts\/20721\/revisions"}],"predecessor-version":[{"id":20723,"href":"https:\/\/face.unt.edu.ar\/web\/wp-json\/wp\/v2\/posts\/20721\/revisions\/20723"}],"wp:featuredmedia":[{"embeddable":true,"href":"https:\/\/face.unt.edu.ar\/web\/wp-json\/wp\/v2\/media\/20722"}],"wp:attachment":[{"href":"https:\/\/face.unt.edu.ar\/web\/wp-json\/wp\/v2\/media?parent=20721"}],"wp:term":[{"taxonomy":"category","embeddable":true,"href":"https:\/\/face.unt.edu.ar\/web\/wp-json\/wp\/v2\/categories?post=20721"},{"taxonomy":"post_tag","embeddable":true,"href":"https:\/\/face.unt.edu.ar\/web\/wp-json\/wp\/v2\/tags?post=20721"}],"curies":[{"name":"wp","href":"https:\/\/api.w.org\/{rel}","templated":true}]}}