{"id":20764,"date":"2025-06-24T15:00:23","date_gmt":"2025-06-24T15:00:23","guid":{"rendered":"https:\/\/face.unt.edu.ar\/web\/?p=20764"},"modified":"2025-06-24T14:35:01","modified_gmt":"2025-06-24T14:35:01","slug":"estudiantes-secundarios-vinieron-a-conocer-nuestra-facultad-desde-adentro","status":"publish","type":"post","link":"https:\/\/face.unt.edu.ar\/web\/blog\/estudiantes-secundarios-vinieron-a-conocer-nuestra-facultad-desde-adentro\/","title":{"rendered":"Estudiantes secundarios vinieron a conocer nuestra Facultad desde adentro"},"content":{"rendered":"<p>En el marco de las acciones de vinculaci\u00f3n con establecimientos secundarios de la provincia, nuestra <strong>Facultad de Ciencias Econ\u00f3micas de la UNT<\/strong> recibi\u00f3 a estudiantes del \u00faltimo a\u00f1o del<strong> Colegio Santa Rosa<\/strong>, quienes vinieron a conocer desde adentro la vida universitaria y las oportunidades que ofrece nuestra Casa de Estudios.<\/p>\n<p>Los j\u00f3venes fueron recibidos por el secretario de Extensi\u00f3n y Desarrollo Institucional de nuestra Facultad, <strong>Esp. Enrique Garc\u00eda Kalat<\/strong>, y por el subsecretario de Bienestar Estudiantil, <strong>Cr. Juan El\u00edas Herrera<\/strong>, quienes compartieron experiencias y respondieron inquietudes.<\/p>\n<p>Durante la visita realizaron un recorrido por las instalaciones y participaron de una charla informativa sobre nuestra oferta acad\u00e9mica de grado, los servicios que brinda esta unidad acad\u00e9mica y las distintas posibilidades que tienen a su alcance durante su formaci\u00f3n acad\u00e9mica.<\/p>\n<p><a href=\"https:\/\/face.unt.edu.ar\/web\/wp-content\/uploads\/2025\/06\/P1710412222.jpg\"><img decoding=\"async\" loading=\"lazy\" class=\" wp-image-20766 aligncenter\" src=\"https:\/\/face.unt.edu.ar\/web\/wp-content\/uploads\/2025\/06\/P1710412222-300x225.jpg\" alt=\"\" width=\"553\" height=\"415\" srcset=\"https:\/\/face.unt.edu.ar\/web\/wp-content\/uploads\/2025\/06\/P1710412222-300x225.jpg 300w, https:\/\/face.unt.edu.ar\/web\/wp-content\/uploads\/2025\/06\/P1710412222-768x576.jpg 768w, https:\/\/face.unt.edu.ar\/web\/wp-content\/uploads\/2025\/06\/P1710412222-80x60.jpg 80w, https:\/\/face.unt.edu.ar\/web\/wp-content\/uploads\/2025\/06\/P1710412222-160x120.jpg 160w, https:\/\/face.unt.edu.ar\/web\/wp-content\/uploads\/2025\/06\/P1710412222-265x198.jpg 265w, https:\/\/face.unt.edu.ar\/web\/wp-content\/uploads\/2025\/06\/P1710412222-696x522.jpg 696w, https:\/\/face.unt.edu.ar\/web\/wp-content\/uploads\/2025\/06\/P1710412222-560x420.jpg 560w, https:\/\/face.unt.edu.ar\/web\/wp-content\/uploads\/2025\/06\/P1710412222.jpg 1000w\" sizes=\"(max-width: 553px) 100vw, 553px\" \/><\/a><\/p>\n","protected":false},"excerpt":{"rendered":"<p>En el marco de las acciones de vinculaci\u00f3n con establecimientos secundarios de la provincia, nuestra Facultad de Ciencias Econ\u00f3micas de la UNT recibi\u00f3 a estudiantes del \u00faltimo a\u00f1o del Colegio Santa Rosa, quienes vinieron a conocer desde adentro la vida universitaria y las oportunidades que ofrece nuestra Casa de Estudios. Los j\u00f3venes fueron recibidos por [&hellip;]<\/p>\n","protected":false},"author":2,"featured_media":20765,"comment_status":"closed","ping_status":"closed","sticky":false,"template":"","format":"standard","meta":{"_et_pb_use_builder":"","_et_pb_old_content":"","_et_gb_content_width":"","footnotes":""},"categories":[4],"tags":[],"_links":{"self":[{"href":"https:\/\/face.unt.edu.ar\/web\/wp-json\/wp\/v2\/posts\/20764"}],"collection":[{"href":"https:\/\/face.unt.edu.ar\/web\/wp-json\/wp\/v2\/posts"}],"about":[{"href":"https:\/\/face.unt.edu.ar\/web\/wp-json\/wp\/v2\/types\/post"}],"author":[{"embeddable":true,"href":"https:\/\/face.unt.edu.ar\/web\/wp-json\/wp\/v2\/users\/2"}],"replies":[{"embeddable":true,"href":"https:\/\/face.unt.edu.ar\/web\/wp-json\/wp\/v2\/comments?post=20764"}],"version-history":[{"count":1,"href":"https:\/\/face.unt.edu.ar\/web\/wp-json\/wp\/v2\/posts\/20764\/revisions"}],"predecessor-version":[{"id":20767,"href":"https:\/\/face.unt.edu.ar\/web\/wp-json\/wp\/v2\/posts\/20764\/revisions\/20767"}],"wp:featuredmedia":[{"embeddable":true,"href":"https:\/\/face.unt.edu.ar\/web\/wp-json\/wp\/v2\/media\/20765"}],"wp:attachment":[{"href":"https:\/\/face.unt.edu.ar\/web\/wp-json\/wp\/v2\/media?parent=20764"}],"wp:term":[{"taxonomy":"category","embeddable":true,"href":"https:\/\/face.unt.edu.ar\/web\/wp-json\/wp\/v2\/categories?post=20764"},{"taxonomy":"post_tag","embeddable":true,"href":"https:\/\/face.unt.edu.ar\/web\/wp-json\/wp\/v2\/tags?post=20764"}],"curies":[{"name":"wp","href":"https:\/\/api.w.org\/{rel}","templated":true}]}}