{"id":20830,"date":"2025-07-02T16:00:05","date_gmt":"2025-07-02T16:00:05","guid":{"rendered":"https:\/\/face.unt.edu.ar\/web\/?p=20830"},"modified":"2025-07-02T16:00:05","modified_gmt":"2025-07-02T16:00:05","slug":"nuestra-facultad-fue-sede-de-una-reunion-clave-de-la-redface","status":"publish","type":"post","link":"https:\/\/face.unt.edu.ar\/web\/blog\/nuestra-facultad-fue-sede-de-una-reunion-clave-de-la-redface\/","title":{"rendered":"Nuestra Facultad fue sede de una reuni\u00f3n clave de la REDFACE"},"content":{"rendered":"<p>Nuestra <strong>Facultad de Ciencias Econ\u00f3micas de la UNT<\/strong> fue escenario de un importante encuentro que reuni\u00f3 a los <strong>Secretarios de Posgrado<\/strong> y al <strong>Comit\u00e9 Acad\u00e9mic<\/strong>o de la <strong>REDFACE (Red de Facultades de Ciencias Econ\u00f3micas del Norte Argentino).<\/strong><\/p>\n<p>El objetivo central de la reuni\u00f3n fue avanzar en la organizaci\u00f3n y definici\u00f3n de los lineamientos operativos del pr\u00f3ximo <strong>lanzamiento<\/strong> acad\u00e9mico del <strong>Doctorado en Ciencias Econ\u00f3micas de la REDFACE<\/strong>, previsto para el <strong>mes de agosto<\/strong> en la provincia de <strong>Santiago del Estero<\/strong>.<\/p>\n<p>Fueron recibidos por la secretaria de Posgrado, <strong>Esp. Gabriela S\u00e1nchez<\/strong>; la codirectora del doctorado, <strong>Dra. Myriam De Marco<\/strong> y la <strong>Dra. Mar\u00eda Jos\u00e9 Catal\u00e1n<\/strong>, miembro del comit\u00e9 acad\u00e9mico.<\/p>\n<p><a href=\"https:\/\/face.unt.edu.ar\/web\/wp-content\/uploads\/2025\/07\/WhatsApp-Image-2025-07-02-at-12.02.31-PM-scaled.jpeg\"><img decoding=\"async\" loading=\"lazy\" class=\" wp-image-20833 aligncenter\" src=\"https:\/\/face.unt.edu.ar\/web\/wp-content\/uploads\/2025\/07\/WhatsApp-Image-2025-07-02-at-12.02.31-PM-300x225.jpeg\" alt=\"\" width=\"377\" height=\"283\" srcset=\"https:\/\/face.unt.edu.ar\/web\/wp-content\/uploads\/2025\/07\/WhatsApp-Image-2025-07-02-at-12.02.31-PM-300x225.jpeg 300w, https:\/\/face.unt.edu.ar\/web\/wp-content\/uploads\/2025\/07\/WhatsApp-Image-2025-07-02-at-12.02.31-PM-1024x768.jpeg 1024w, https:\/\/face.unt.edu.ar\/web\/wp-content\/uploads\/2025\/07\/WhatsApp-Image-2025-07-02-at-12.02.31-PM-768x576.jpeg 768w, https:\/\/face.unt.edu.ar\/web\/wp-content\/uploads\/2025\/07\/WhatsApp-Image-2025-07-02-at-12.02.31-PM-1536x1152.jpeg 1536w, https:\/\/face.unt.edu.ar\/web\/wp-content\/uploads\/2025\/07\/WhatsApp-Image-2025-07-02-at-12.02.31-PM-2048x1536.jpeg 2048w, https:\/\/face.unt.edu.ar\/web\/wp-content\/uploads\/2025\/07\/WhatsApp-Image-2025-07-02-at-12.02.31-PM-80x60.jpeg 80w, https:\/\/face.unt.edu.ar\/web\/wp-content\/uploads\/2025\/07\/WhatsApp-Image-2025-07-02-at-12.02.31-PM-160x120.jpeg 160w, https:\/\/face.unt.edu.ar\/web\/wp-content\/uploads\/2025\/07\/WhatsApp-Image-2025-07-02-at-12.02.31-PM-265x198.jpeg 265w, https:\/\/face.unt.edu.ar\/web\/wp-content\/uploads\/2025\/07\/WhatsApp-Image-2025-07-02-at-12.02.31-PM-530x396.jpeg 530w, https:\/\/face.unt.edu.ar\/web\/wp-content\/uploads\/2025\/07\/WhatsApp-Image-2025-07-02-at-12.02.31-PM-696x522.jpeg 696w, https:\/\/face.unt.edu.ar\/web\/wp-content\/uploads\/2025\/07\/WhatsApp-Image-2025-07-02-at-12.02.31-PM-1392x1044.jpeg 1392w, https:\/\/face.unt.edu.ar\/web\/wp-content\/uploads\/2025\/07\/WhatsApp-Image-2025-07-02-at-12.02.31-PM-1068x801.jpeg 1068w, https:\/\/face.unt.edu.ar\/web\/wp-content\/uploads\/2025\/07\/WhatsApp-Image-2025-07-02-at-12.02.31-PM-560x420.jpeg 560w, https:\/\/face.unt.edu.ar\/web\/wp-content\/uploads\/2025\/07\/WhatsApp-Image-2025-07-02-at-12.02.31-PM-1120x840.jpeg 1120w, https:\/\/face.unt.edu.ar\/web\/wp-content\/uploads\/2025\/07\/WhatsApp-Image-2025-07-02-at-12.02.31-PM-1920x1440.jpeg 1920w\" sizes=\"(max-width: 377px) 100vw, 377px\" \/><\/a><\/p>\n<p>Durante la jornada, el vicedecano de nuestra Facultad, <strong>Esp. Gustavo Sota<\/strong>, dio la bienvenida a los presentes y comparti\u00f3 una reflexi\u00f3n sobre los desaf\u00edos actuales que enfrenta la profesi\u00f3n, destacando la importancia de adoptar un enfoque pragm\u00e1tico para abordar las tareas y desaf\u00edos acad\u00e9micos.<\/p>\n<p>&nbsp;<\/p>\n<p>Este tipo de encuentros consolidan el trabajo articulado entre las unidades acad\u00e9micas que integran la Red promoviendo el fortalecimiento de los posgrados en la regi\u00f3n.<\/p>\n<p><a href=\"https:\/\/face.unt.edu.ar\/web\/wp-content\/uploads\/2025\/07\/WhatsApp-Image-2025-07-02-at-12.03.29-PM-scaled.jpeg\"><img decoding=\"async\" loading=\"lazy\" class=\"alignnone size-medium wp-image-20834\" src=\"https:\/\/face.unt.edu.ar\/web\/wp-content\/uploads\/2025\/07\/WhatsApp-Image-2025-07-02-at-12.03.29-PM-300x225.jpeg\" alt=\"\" width=\"300\" height=\"225\" srcset=\"https:\/\/face.unt.edu.ar\/web\/wp-content\/uploads\/2025\/07\/WhatsApp-Image-2025-07-02-at-12.03.29-PM-300x225.jpeg 300w, https:\/\/face.unt.edu.ar\/web\/wp-content\/uploads\/2025\/07\/WhatsApp-Image-2025-07-02-at-12.03.29-PM-1024x768.jpeg 1024w, https:\/\/face.unt.edu.ar\/web\/wp-content\/uploads\/2025\/07\/WhatsApp-Image-2025-07-02-at-12.03.29-PM-768x576.jpeg 768w, https:\/\/face.unt.edu.ar\/web\/wp-content\/uploads\/2025\/07\/WhatsApp-Image-2025-07-02-at-12.03.29-PM-1536x1152.jpeg 1536w, https:\/\/face.unt.edu.ar\/web\/wp-content\/uploads\/2025\/07\/WhatsApp-Image-2025-07-02-at-12.03.29-PM-2048x1536.jpeg 2048w, https:\/\/face.unt.edu.ar\/web\/wp-content\/uploads\/2025\/07\/WhatsApp-Image-2025-07-02-at-12.03.29-PM-80x60.jpeg 80w, https:\/\/face.unt.edu.ar\/web\/wp-content\/uploads\/2025\/07\/WhatsApp-Image-2025-07-02-at-12.03.29-PM-160x120.jpeg 160w, https:\/\/face.unt.edu.ar\/web\/wp-content\/uploads\/2025\/07\/WhatsApp-Image-2025-07-02-at-12.03.29-PM-265x198.jpeg 265w, https:\/\/face.unt.edu.ar\/web\/wp-content\/uploads\/2025\/07\/WhatsApp-Image-2025-07-02-at-12.03.29-PM-530x396.jpeg 530w, https:\/\/face.unt.edu.ar\/web\/wp-content\/uploads\/2025\/07\/WhatsApp-Image-2025-07-02-at-12.03.29-PM-696x522.jpeg 696w, https:\/\/face.unt.edu.ar\/web\/wp-content\/uploads\/2025\/07\/WhatsApp-Image-2025-07-02-at-12.03.29-PM-1392x1044.jpeg 1392w, https:\/\/face.unt.edu.ar\/web\/wp-content\/uploads\/2025\/07\/WhatsApp-Image-2025-07-02-at-12.03.29-PM-1068x801.jpeg 1068w, https:\/\/face.unt.edu.ar\/web\/wp-content\/uploads\/2025\/07\/WhatsApp-Image-2025-07-02-at-12.03.29-PM-560x420.jpeg 560w, https:\/\/face.unt.edu.ar\/web\/wp-content\/uploads\/2025\/07\/WhatsApp-Image-2025-07-02-at-12.03.29-PM-1120x840.jpeg 1120w, https:\/\/face.unt.edu.ar\/web\/wp-content\/uploads\/2025\/07\/WhatsApp-Image-2025-07-02-at-12.03.29-PM-1920x1440.jpeg 1920w\" sizes=\"(max-width: 300px) 100vw, 300px\" \/><\/a> <a href=\"https:\/\/face.unt.edu.ar\/web\/wp-content\/uploads\/2025\/07\/WhatsApp-Image-2025-07-02-at-12.02.56-PM-scaled.jpeg\"><img decoding=\"async\" loading=\"lazy\" class=\"alignnone size-medium wp-image-20835\" src=\"https:\/\/face.unt.edu.ar\/web\/wp-content\/uploads\/2025\/07\/WhatsApp-Image-2025-07-02-at-12.02.56-PM-300x225.jpeg\" alt=\"\" width=\"300\" height=\"225\" srcset=\"https:\/\/face.unt.edu.ar\/web\/wp-content\/uploads\/2025\/07\/WhatsApp-Image-2025-07-02-at-12.02.56-PM-300x225.jpeg 300w, https:\/\/face.unt.edu.ar\/web\/wp-content\/uploads\/2025\/07\/WhatsApp-Image-2025-07-02-at-12.02.56-PM-1024x768.jpeg 1024w, https:\/\/face.unt.edu.ar\/web\/wp-content\/uploads\/2025\/07\/WhatsApp-Image-2025-07-02-at-12.02.56-PM-768x576.jpeg 768w, https:\/\/face.unt.edu.ar\/web\/wp-content\/uploads\/2025\/07\/WhatsApp-Image-2025-07-02-at-12.02.56-PM-1536x1152.jpeg 1536w, https:\/\/face.unt.edu.ar\/web\/wp-content\/uploads\/2025\/07\/WhatsApp-Image-2025-07-02-at-12.02.56-PM-2048x1536.jpeg 2048w, https:\/\/face.unt.edu.ar\/web\/wp-content\/uploads\/2025\/07\/WhatsApp-Image-2025-07-02-at-12.02.56-PM-80x60.jpeg 80w, https:\/\/face.unt.edu.ar\/web\/wp-content\/uploads\/2025\/07\/WhatsApp-Image-2025-07-02-at-12.02.56-PM-160x120.jpeg 160w, https:\/\/face.unt.edu.ar\/web\/wp-content\/uploads\/2025\/07\/WhatsApp-Image-2025-07-02-at-12.02.56-PM-265x198.jpeg 265w, https:\/\/face.unt.edu.ar\/web\/wp-content\/uploads\/2025\/07\/WhatsApp-Image-2025-07-02-at-12.02.56-PM-530x396.jpeg 530w, https:\/\/face.unt.edu.ar\/web\/wp-content\/uploads\/2025\/07\/WhatsApp-Image-2025-07-02-at-12.02.56-PM-696x522.jpeg 696w, https:\/\/face.unt.edu.ar\/web\/wp-content\/uploads\/2025\/07\/WhatsApp-Image-2025-07-02-at-12.02.56-PM-1392x1044.jpeg 1392w, https:\/\/face.unt.edu.ar\/web\/wp-content\/uploads\/2025\/07\/WhatsApp-Image-2025-07-02-at-12.02.56-PM-1068x801.jpeg 1068w, https:\/\/face.unt.edu.ar\/web\/wp-content\/uploads\/2025\/07\/WhatsApp-Image-2025-07-02-at-12.02.56-PM-560x420.jpeg 560w, https:\/\/face.unt.edu.ar\/web\/wp-content\/uploads\/2025\/07\/WhatsApp-Image-2025-07-02-at-12.02.56-PM-1120x840.jpeg 1120w, https:\/\/face.unt.edu.ar\/web\/wp-content\/uploads\/2025\/07\/WhatsApp-Image-2025-07-02-at-12.02.56-PM-1920x1440.jpeg 1920w\" sizes=\"(max-width: 300px) 100vw, 300px\" \/><\/a> <a href=\"https:\/\/face.unt.edu.ar\/web\/wp-content\/uploads\/2025\/07\/WhatsApp-Image-2025-07-02-at-12.02.07-PM-scaled.jpeg\"><img decoding=\"async\" loading=\"lazy\" class=\"alignnone size-medium wp-image-20836\" src=\"https:\/\/face.unt.edu.ar\/web\/wp-content\/uploads\/2025\/07\/WhatsApp-Image-2025-07-02-at-12.02.07-PM-300x225.jpeg\" alt=\"\" width=\"300\" height=\"225\" srcset=\"https:\/\/face.unt.edu.ar\/web\/wp-content\/uploads\/2025\/07\/WhatsApp-Image-2025-07-02-at-12.02.07-PM-300x225.jpeg 300w, https:\/\/face.unt.edu.ar\/web\/wp-content\/uploads\/2025\/07\/WhatsApp-Image-2025-07-02-at-12.02.07-PM-1024x768.jpeg 1024w, https:\/\/face.unt.edu.ar\/web\/wp-content\/uploads\/2025\/07\/WhatsApp-Image-2025-07-02-at-12.02.07-PM-768x576.jpeg 768w, https:\/\/face.unt.edu.ar\/web\/wp-content\/uploads\/2025\/07\/WhatsApp-Image-2025-07-02-at-12.02.07-PM-1536x1152.jpeg 1536w, https:\/\/face.unt.edu.ar\/web\/wp-content\/uploads\/2025\/07\/WhatsApp-Image-2025-07-02-at-12.02.07-PM-2048x1536.jpeg 2048w, https:\/\/face.unt.edu.ar\/web\/wp-content\/uploads\/2025\/07\/WhatsApp-Image-2025-07-02-at-12.02.07-PM-80x60.jpeg 80w, https:\/\/face.unt.edu.ar\/web\/wp-content\/uploads\/2025\/07\/WhatsApp-Image-2025-07-02-at-12.02.07-PM-160x120.jpeg 160w, https:\/\/face.unt.edu.ar\/web\/wp-content\/uploads\/2025\/07\/WhatsApp-Image-2025-07-02-at-12.02.07-PM-265x198.jpeg 265w, https:\/\/face.unt.edu.ar\/web\/wp-content\/uploads\/2025\/07\/WhatsApp-Image-2025-07-02-at-12.02.07-PM-530x396.jpeg 530w, https:\/\/face.unt.edu.ar\/web\/wp-content\/uploads\/2025\/07\/WhatsApp-Image-2025-07-02-at-12.02.07-PM-696x522.jpeg 696w, https:\/\/face.unt.edu.ar\/web\/wp-content\/uploads\/2025\/07\/WhatsApp-Image-2025-07-02-at-12.02.07-PM-1392x1044.jpeg 1392w, https:\/\/face.unt.edu.ar\/web\/wp-content\/uploads\/2025\/07\/WhatsApp-Image-2025-07-02-at-12.02.07-PM-1068x801.jpeg 1068w, https:\/\/face.unt.edu.ar\/web\/wp-content\/uploads\/2025\/07\/WhatsApp-Image-2025-07-02-at-12.02.07-PM-560x420.jpeg 560w, https:\/\/face.unt.edu.ar\/web\/wp-content\/uploads\/2025\/07\/WhatsApp-Image-2025-07-02-at-12.02.07-PM-1120x840.jpeg 1120w, https:\/\/face.unt.edu.ar\/web\/wp-content\/uploads\/2025\/07\/WhatsApp-Image-2025-07-02-at-12.02.07-PM-1920x1440.jpeg 1920w\" sizes=\"(max-width: 300px) 100vw, 300px\" \/><\/a> <a href=\"https:\/\/face.unt.edu.ar\/web\/wp-content\/uploads\/2025\/07\/WhatsApp-Image-2025-07-02-at-12.01.49-PM-scaled.jpeg\"><img decoding=\"async\" loading=\"lazy\" class=\"alignnone size-medium wp-image-20837\" src=\"https:\/\/face.unt.edu.ar\/web\/wp-content\/uploads\/2025\/07\/WhatsApp-Image-2025-07-02-at-12.01.49-PM-300x225.jpeg\" alt=\"\" width=\"300\" height=\"225\" srcset=\"https:\/\/face.unt.edu.ar\/web\/wp-content\/uploads\/2025\/07\/WhatsApp-Image-2025-07-02-at-12.01.49-PM-300x225.jpeg 300w, https:\/\/face.unt.edu.ar\/web\/wp-content\/uploads\/2025\/07\/WhatsApp-Image-2025-07-02-at-12.01.49-PM-1024x768.jpeg 1024w, https:\/\/face.unt.edu.ar\/web\/wp-content\/uploads\/2025\/07\/WhatsApp-Image-2025-07-02-at-12.01.49-PM-768x576.jpeg 768w, https:\/\/face.unt.edu.ar\/web\/wp-content\/uploads\/2025\/07\/WhatsApp-Image-2025-07-02-at-12.01.49-PM-1536x1152.jpeg 1536w, https:\/\/face.unt.edu.ar\/web\/wp-content\/uploads\/2025\/07\/WhatsApp-Image-2025-07-02-at-12.01.49-PM-2048x1536.jpeg 2048w, https:\/\/face.unt.edu.ar\/web\/wp-content\/uploads\/2025\/07\/WhatsApp-Image-2025-07-02-at-12.01.49-PM-80x60.jpeg 80w, https:\/\/face.unt.edu.ar\/web\/wp-content\/uploads\/2025\/07\/WhatsApp-Image-2025-07-02-at-12.01.49-PM-160x120.jpeg 160w, https:\/\/face.unt.edu.ar\/web\/wp-content\/uploads\/2025\/07\/WhatsApp-Image-2025-07-02-at-12.01.49-PM-265x198.jpeg 265w, https:\/\/face.unt.edu.ar\/web\/wp-content\/uploads\/2025\/07\/WhatsApp-Image-2025-07-02-at-12.01.49-PM-530x396.jpeg 530w, https:\/\/face.unt.edu.ar\/web\/wp-content\/uploads\/2025\/07\/WhatsApp-Image-2025-07-02-at-12.01.49-PM-696x522.jpeg 696w, https:\/\/face.unt.edu.ar\/web\/wp-content\/uploads\/2025\/07\/WhatsApp-Image-2025-07-02-at-12.01.49-PM-1392x1044.jpeg 1392w, https:\/\/face.unt.edu.ar\/web\/wp-content\/uploads\/2025\/07\/WhatsApp-Image-2025-07-02-at-12.01.49-PM-1068x801.jpeg 1068w, https:\/\/face.unt.edu.ar\/web\/wp-content\/uploads\/2025\/07\/WhatsApp-Image-2025-07-02-at-12.01.49-PM-560x420.jpeg 560w, https:\/\/face.unt.edu.ar\/web\/wp-content\/uploads\/2025\/07\/WhatsApp-Image-2025-07-02-at-12.01.49-PM-1120x840.jpeg 1120w, https:\/\/face.unt.edu.ar\/web\/wp-content\/uploads\/2025\/07\/WhatsApp-Image-2025-07-02-at-12.01.49-PM-1920x1440.jpeg 1920w\" sizes=\"(max-width: 300px) 100vw, 300px\" \/><\/a> <a href=\"https:\/\/face.unt.edu.ar\/web\/wp-content\/uploads\/2025\/07\/WhatsApp-Image-2025-07-02-at-12.01.05-PM-scaled.jpeg\"><img decoding=\"async\" loading=\"lazy\" class=\"size-medium wp-image-20838 aligncenter\" src=\"https:\/\/face.unt.edu.ar\/web\/wp-content\/uploads\/2025\/07\/WhatsApp-Image-2025-07-02-at-12.01.05-PM-300x225.jpeg\" alt=\"\" width=\"300\" height=\"225\" srcset=\"https:\/\/face.unt.edu.ar\/web\/wp-content\/uploads\/2025\/07\/WhatsApp-Image-2025-07-02-at-12.01.05-PM-300x225.jpeg 300w, https:\/\/face.unt.edu.ar\/web\/wp-content\/uploads\/2025\/07\/WhatsApp-Image-2025-07-02-at-12.01.05-PM-1024x768.jpeg 1024w, https:\/\/face.unt.edu.ar\/web\/wp-content\/uploads\/2025\/07\/WhatsApp-Image-2025-07-02-at-12.01.05-PM-768x576.jpeg 768w, https:\/\/face.unt.edu.ar\/web\/wp-content\/uploads\/2025\/07\/WhatsApp-Image-2025-07-02-at-12.01.05-PM-1536x1152.jpeg 1536w, https:\/\/face.unt.edu.ar\/web\/wp-content\/uploads\/2025\/07\/WhatsApp-Image-2025-07-02-at-12.01.05-PM-2048x1536.jpeg 2048w, https:\/\/face.unt.edu.ar\/web\/wp-content\/uploads\/2025\/07\/WhatsApp-Image-2025-07-02-at-12.01.05-PM-80x60.jpeg 80w, https:\/\/face.unt.edu.ar\/web\/wp-content\/uploads\/2025\/07\/WhatsApp-Image-2025-07-02-at-12.01.05-PM-160x120.jpeg 160w, https:\/\/face.unt.edu.ar\/web\/wp-content\/uploads\/2025\/07\/WhatsApp-Image-2025-07-02-at-12.01.05-PM-265x198.jpeg 265w, https:\/\/face.unt.edu.ar\/web\/wp-content\/uploads\/2025\/07\/WhatsApp-Image-2025-07-02-at-12.01.05-PM-530x396.jpeg 530w, https:\/\/face.unt.edu.ar\/web\/wp-content\/uploads\/2025\/07\/WhatsApp-Image-2025-07-02-at-12.01.05-PM-696x522.jpeg 696w, https:\/\/face.unt.edu.ar\/web\/wp-content\/uploads\/2025\/07\/WhatsApp-Image-2025-07-02-at-12.01.05-PM-1392x1044.jpeg 1392w, https:\/\/face.unt.edu.ar\/web\/wp-content\/uploads\/2025\/07\/WhatsApp-Image-2025-07-02-at-12.01.05-PM-1068x801.jpeg 1068w, https:\/\/face.unt.edu.ar\/web\/wp-content\/uploads\/2025\/07\/WhatsApp-Image-2025-07-02-at-12.01.05-PM-560x420.jpeg 560w, https:\/\/face.unt.edu.ar\/web\/wp-content\/uploads\/2025\/07\/WhatsApp-Image-2025-07-02-at-12.01.05-PM-1120x840.jpeg 1120w, https:\/\/face.unt.edu.ar\/web\/wp-content\/uploads\/2025\/07\/WhatsApp-Image-2025-07-02-at-12.01.05-PM-1920x1440.jpeg 1920w\" sizes=\"(max-width: 300px) 100vw, 300px\" \/><\/a><\/p>\n","protected":false},"excerpt":{"rendered":"<p>Nuestra Facultad de Ciencias Econ\u00f3micas de la UNT fue escenario de un importante encuentro que reuni\u00f3 a los Secretarios de Posgrado y al Comit\u00e9 Acad\u00e9mico de la REDFACE (Red de Facultades de Ciencias Econ\u00f3micas del Norte Argentino). El objetivo central de la reuni\u00f3n fue avanzar en la organizaci\u00f3n y definici\u00f3n de los lineamientos operativos del [&hellip;]<\/p>\n","protected":false},"author":123457,"featured_media":20832,"comment_status":"closed","ping_status":"closed","sticky":false,"template":"","format":"standard","meta":{"_et_pb_use_builder":"","_et_pb_old_content":"","_et_gb_content_width":"","footnotes":""},"categories":[4,5],"tags":[],"_links":{"self":[{"href":"https:\/\/face.unt.edu.ar\/web\/wp-json\/wp\/v2\/posts\/20830"}],"collection":[{"href":"https:\/\/face.unt.edu.ar\/web\/wp-json\/wp\/v2\/posts"}],"about":[{"href":"https:\/\/face.unt.edu.ar\/web\/wp-json\/wp\/v2\/types\/post"}],"author":[{"embeddable":true,"href":"https:\/\/face.unt.edu.ar\/web\/wp-json\/wp\/v2\/users\/123457"}],"replies":[{"embeddable":true,"href":"https:\/\/face.unt.edu.ar\/web\/wp-json\/wp\/v2\/comments?post=20830"}],"version-history":[{"count":2,"href":"https:\/\/face.unt.edu.ar\/web\/wp-json\/wp\/v2\/posts\/20830\/revisions"}],"predecessor-version":[{"id":20839,"href":"https:\/\/face.unt.edu.ar\/web\/wp-json\/wp\/v2\/posts\/20830\/revisions\/20839"}],"wp:featuredmedia":[{"embeddable":true,"href":"https:\/\/face.unt.edu.ar\/web\/wp-json\/wp\/v2\/media\/20832"}],"wp:attachment":[{"href":"https:\/\/face.unt.edu.ar\/web\/wp-json\/wp\/v2\/media?parent=20830"}],"wp:term":[{"taxonomy":"category","embeddable":true,"href":"https:\/\/face.unt.edu.ar\/web\/wp-json\/wp\/v2\/categories?post=20830"},{"taxonomy":"post_tag","embeddable":true,"href":"https:\/\/face.unt.edu.ar\/web\/wp-json\/wp\/v2\/tags?post=20830"}],"curies":[{"name":"wp","href":"https:\/\/api.w.org\/{rel}","templated":true}]}}