{"id":20846,"date":"2025-07-03T16:05:22","date_gmt":"2025-07-03T16:05:22","guid":{"rendered":"https:\/\/face.unt.edu.ar\/web\/?p=20846"},"modified":"2025-07-03T16:05:22","modified_gmt":"2025-07-03T16:05:22","slug":"reunion-con-estudiantes-del-interior-para-fortalecer-el-acompanamiento-institucional","status":"publish","type":"post","link":"https:\/\/face.unt.edu.ar\/web\/blog\/reunion-con-estudiantes-del-interior-para-fortalecer-el-acompanamiento-institucional\/","title":{"rendered":"Reuni\u00f3n con estudiantes del interior para fortalecer el acompa\u00f1amiento institucional"},"content":{"rendered":"<p>Nuestra <strong>Facultad de Ciencias Econ\u00f3micas de la UNT<\/strong> contin\u00faa desarrollando acciones tendientes a fortalecer el v\u00ednculo con la comunidad universitaria de la <strong>extensi\u00f3n \u00e1ulica de Aguilares<\/strong>. En ese marco, la secretaria Acad\u00e9mica de esta Casa de Estudios, <strong>Mg. Liliana Pacheco<\/strong>, mantuvo una reuni\u00f3n con estudiantes de esa ciudad y localidades cercanas, que cursaron el primer cuatrimestre de las carreras Contador P\u00fablico y Licenciatura en Administraci\u00f3n.<\/p>\n<p>El encuentro tuvo como objetivo generar un espacio de di\u00e1logo para conocer las experiencias, inquietudes y necesidades de los j\u00f3venes, as\u00ed como tambi\u00e9n brindar informaci\u00f3n sobre el cursado y la modalidad de las asignaturas correspondientes al segundo cuatrimestre.<\/p>\n<p>La Secretaria Acad\u00e9mica cont\u00f3 con la colaboraci\u00f3n de <strong>Pablo Jim\u00e9nez<\/strong>, integrante del equipo Nodocente y ayudante estudiantil de la Facultad quien, desde su experiencia como estudiante, explic\u00f3 detalles del trayecto curricular, comparti\u00f3 m\u00e9todos de estudios y tips para el cursado.<\/p>\n<p>El encuentro fue una oportunidad para incentivar a los estudiantes y felicitarlos por su compromiso y perseverancia, teniendo en cuenta que conforman la primera cohorte de la extensi\u00f3n \u00e1ulica de Aguilares y representan una apuesta al crecimiento y el desarrollo de sus ciudades de origen.<\/p>\n<p><a href=\"https:\/\/face.unt.edu.ar\/web\/wp-content\/uploads\/2025\/07\/IMG-20250627-WA0060.jpg\"><img decoding=\"async\" loading=\"lazy\" class=\"alignnone size-medium wp-image-20848\" src=\"https:\/\/face.unt.edu.ar\/web\/wp-content\/uploads\/2025\/07\/IMG-20250627-WA0060-300x225.jpg\" alt=\"\" width=\"300\" height=\"225\" srcset=\"https:\/\/face.unt.edu.ar\/web\/wp-content\/uploads\/2025\/07\/IMG-20250627-WA0060-300x225.jpg 300w, https:\/\/face.unt.edu.ar\/web\/wp-content\/uploads\/2025\/07\/IMG-20250627-WA0060-1024x768.jpg 1024w, https:\/\/face.unt.edu.ar\/web\/wp-content\/uploads\/2025\/07\/IMG-20250627-WA0060-768x576.jpg 768w, https:\/\/face.unt.edu.ar\/web\/wp-content\/uploads\/2025\/07\/IMG-20250627-WA0060-80x60.jpg 80w, https:\/\/face.unt.edu.ar\/web\/wp-content\/uploads\/2025\/07\/IMG-20250627-WA0060-160x120.jpg 160w, https:\/\/face.unt.edu.ar\/web\/wp-content\/uploads\/2025\/07\/IMG-20250627-WA0060-265x198.jpg 265w, https:\/\/face.unt.edu.ar\/web\/wp-content\/uploads\/2025\/07\/IMG-20250627-WA0060-530x396.jpg 530w, https:\/\/face.unt.edu.ar\/web\/wp-content\/uploads\/2025\/07\/IMG-20250627-WA0060-696x522.jpg 696w, https:\/\/face.unt.edu.ar\/web\/wp-content\/uploads\/2025\/07\/IMG-20250627-WA0060-1068x801.jpg 1068w, https:\/\/face.unt.edu.ar\/web\/wp-content\/uploads\/2025\/07\/IMG-20250627-WA0060-560x420.jpg 560w, https:\/\/face.unt.edu.ar\/web\/wp-content\/uploads\/2025\/07\/IMG-20250627-WA0060-1120x840.jpg 1120w, https:\/\/face.unt.edu.ar\/web\/wp-content\/uploads\/2025\/07\/IMG-20250627-WA0060.jpg 1280w\" sizes=\"(max-width: 300px) 100vw, 300px\" \/><\/a> <a href=\"https:\/\/face.unt.edu.ar\/web\/wp-content\/uploads\/2025\/07\/IMG-20250627-WA0059.jpg\"><img decoding=\"async\" loading=\"lazy\" class=\"alignnone size-medium wp-image-20849\" src=\"https:\/\/face.unt.edu.ar\/web\/wp-content\/uploads\/2025\/07\/IMG-20250627-WA0059-300x225.jpg\" alt=\"\" width=\"300\" height=\"225\" srcset=\"https:\/\/face.unt.edu.ar\/web\/wp-content\/uploads\/2025\/07\/IMG-20250627-WA0059-300x225.jpg 300w, https:\/\/face.unt.edu.ar\/web\/wp-content\/uploads\/2025\/07\/IMG-20250627-WA0059-1024x768.jpg 1024w, https:\/\/face.unt.edu.ar\/web\/wp-content\/uploads\/2025\/07\/IMG-20250627-WA0059-768x576.jpg 768w, https:\/\/face.unt.edu.ar\/web\/wp-content\/uploads\/2025\/07\/IMG-20250627-WA0059-80x60.jpg 80w, https:\/\/face.unt.edu.ar\/web\/wp-content\/uploads\/2025\/07\/IMG-20250627-WA0059-160x120.jpg 160w, https:\/\/face.unt.edu.ar\/web\/wp-content\/uploads\/2025\/07\/IMG-20250627-WA0059-265x198.jpg 265w, https:\/\/face.unt.edu.ar\/web\/wp-content\/uploads\/2025\/07\/IMG-20250627-WA0059-530x396.jpg 530w, https:\/\/face.unt.edu.ar\/web\/wp-content\/uploads\/2025\/07\/IMG-20250627-WA0059-696x522.jpg 696w, https:\/\/face.unt.edu.ar\/web\/wp-content\/uploads\/2025\/07\/IMG-20250627-WA0059-1068x801.jpg 1068w, https:\/\/face.unt.edu.ar\/web\/wp-content\/uploads\/2025\/07\/IMG-20250627-WA0059-560x420.jpg 560w, https:\/\/face.unt.edu.ar\/web\/wp-content\/uploads\/2025\/07\/IMG-20250627-WA0059-1120x840.jpg 1120w, https:\/\/face.unt.edu.ar\/web\/wp-content\/uploads\/2025\/07\/IMG-20250627-WA0059.jpg 1280w\" sizes=\"(max-width: 300px) 100vw, 300px\" \/><\/a><\/p>\n<p><a href=\"https:\/\/face.unt.edu.ar\/web\/wp-content\/uploads\/2025\/07\/IMG-20250627-WA0063.jpg\"><img decoding=\"async\" loading=\"lazy\" class=\"size-medium wp-image-20850 aligncenter\" src=\"https:\/\/face.unt.edu.ar\/web\/wp-content\/uploads\/2025\/07\/IMG-20250627-WA0063-300x225.jpg\" alt=\"\" width=\"300\" height=\"225\" srcset=\"https:\/\/face.unt.edu.ar\/web\/wp-content\/uploads\/2025\/07\/IMG-20250627-WA0063-300x225.jpg 300w, https:\/\/face.unt.edu.ar\/web\/wp-content\/uploads\/2025\/07\/IMG-20250627-WA0063-1024x768.jpg 1024w, https:\/\/face.unt.edu.ar\/web\/wp-content\/uploads\/2025\/07\/IMG-20250627-WA0063-768x576.jpg 768w, https:\/\/face.unt.edu.ar\/web\/wp-content\/uploads\/2025\/07\/IMG-20250627-WA0063-80x60.jpg 80w, https:\/\/face.unt.edu.ar\/web\/wp-content\/uploads\/2025\/07\/IMG-20250627-WA0063-160x120.jpg 160w, https:\/\/face.unt.edu.ar\/web\/wp-content\/uploads\/2025\/07\/IMG-20250627-WA0063-265x198.jpg 265w, https:\/\/face.unt.edu.ar\/web\/wp-content\/uploads\/2025\/07\/IMG-20250627-WA0063-530x396.jpg 530w, https:\/\/face.unt.edu.ar\/web\/wp-content\/uploads\/2025\/07\/IMG-20250627-WA0063-696x522.jpg 696w, https:\/\/face.unt.edu.ar\/web\/wp-content\/uploads\/2025\/07\/IMG-20250627-WA0063-1068x801.jpg 1068w, https:\/\/face.unt.edu.ar\/web\/wp-content\/uploads\/2025\/07\/IMG-20250627-WA0063-560x420.jpg 560w, https:\/\/face.unt.edu.ar\/web\/wp-content\/uploads\/2025\/07\/IMG-20250627-WA0063-1120x840.jpg 1120w, https:\/\/face.unt.edu.ar\/web\/wp-content\/uploads\/2025\/07\/IMG-20250627-WA0063.jpg 1280w\" sizes=\"(max-width: 300px) 100vw, 300px\" \/><\/a><\/p>\n<p>&nbsp;<\/p>\n","protected":false},"excerpt":{"rendered":"<p>Nuestra Facultad de Ciencias Econ\u00f3micas de la UNT contin\u00faa desarrollando acciones tendientes a fortalecer el v\u00ednculo con la comunidad universitaria de la extensi\u00f3n \u00e1ulica de Aguilares. En ese marco, la secretaria Acad\u00e9mica de esta Casa de Estudios, Mg. Liliana Pacheco, mantuvo una reuni\u00f3n con estudiantes de esa ciudad y localidades cercanas, que cursaron el primer [&hellip;]<\/p>\n","protected":false},"author":2,"featured_media":20847,"comment_status":"closed","ping_status":"closed","sticky":false,"template":"","format":"standard","meta":{"_et_pb_use_builder":"","_et_pb_old_content":"","_et_gb_content_width":"","footnotes":""},"categories":[4],"tags":[],"_links":{"self":[{"href":"https:\/\/face.unt.edu.ar\/web\/wp-json\/wp\/v2\/posts\/20846"}],"collection":[{"href":"https:\/\/face.unt.edu.ar\/web\/wp-json\/wp\/v2\/posts"}],"about":[{"href":"https:\/\/face.unt.edu.ar\/web\/wp-json\/wp\/v2\/types\/post"}],"author":[{"embeddable":true,"href":"https:\/\/face.unt.edu.ar\/web\/wp-json\/wp\/v2\/users\/2"}],"replies":[{"embeddable":true,"href":"https:\/\/face.unt.edu.ar\/web\/wp-json\/wp\/v2\/comments?post=20846"}],"version-history":[{"count":1,"href":"https:\/\/face.unt.edu.ar\/web\/wp-json\/wp\/v2\/posts\/20846\/revisions"}],"predecessor-version":[{"id":20851,"href":"https:\/\/face.unt.edu.ar\/web\/wp-json\/wp\/v2\/posts\/20846\/revisions\/20851"}],"wp:featuredmedia":[{"embeddable":true,"href":"https:\/\/face.unt.edu.ar\/web\/wp-json\/wp\/v2\/media\/20847"}],"wp:attachment":[{"href":"https:\/\/face.unt.edu.ar\/web\/wp-json\/wp\/v2\/media?parent=20846"}],"wp:term":[{"taxonomy":"category","embeddable":true,"href":"https:\/\/face.unt.edu.ar\/web\/wp-json\/wp\/v2\/categories?post=20846"},{"taxonomy":"post_tag","embeddable":true,"href":"https:\/\/face.unt.edu.ar\/web\/wp-json\/wp\/v2\/tags?post=20846"}],"curies":[{"name":"wp","href":"https:\/\/api.w.org\/{rel}","templated":true}]}}