{"id":20919,"date":"2025-08-04T18:26:29","date_gmt":"2025-08-04T18:26:29","guid":{"rendered":"https:\/\/face.unt.edu.ar\/web\/?p=20919"},"modified":"2025-08-04T18:26:29","modified_gmt":"2025-08-04T18:26:29","slug":"nuestra-facultad-lanza-oficialmente-su-doctorado-en-ciencias-economicas","status":"publish","type":"post","link":"https:\/\/face.unt.edu.ar\/web\/blog\/nuestra-facultad-lanza-oficialmente-su-doctorado-en-ciencias-economicas\/","title":{"rendered":"Nuestra Facultad lanza oficialmente su DOCTORADO en Ciencias Econ\u00f3micas"},"content":{"rendered":"<p>El pr\u00f3ximo jueves\u00a0<strong>7 de agosto,<\/strong>\u00a0a las\u00a0<strong>18:00 horas<\/strong>, nuestra\u00a0<strong>Facultad de Ciencias Econ\u00f3micas de la UNT<\/strong>\u00a0ser\u00e1 escenario de un momento trascendental: el lanzamiento oficial del\u00a0<strong>Doctorado en Ciencias Econ\u00f3micas<\/strong>\u00a0que ofrece cinco orientaciones y se posiciona como el m\u00e1ximo nivel de formaci\u00f3n acad\u00e9mica en nuestra instituci\u00f3n.<\/p>\n<p>La ceremonia estar\u00e1 presidida por el decano\u00a0<strong>Mg. Jorge Rospide<\/strong>\u00a0y el vicedecano\u00a0<strong>Esp. Gustavo Sota<\/strong>. Se desarrollar\u00e1 en el\u00a0<strong>aula 16<\/strong>\u00a0de nuestra Casa de Estudios y ser\u00e1 la primera reuni\u00f3n de la cohorte 2025.<\/p>\n<p>Este lanzamiento reviste una importancia estrat\u00e9gica para la Facultad, ya que los programas de doctorado son pilares fundamentales para el fortalecimiento de la investigaci\u00f3n, la innovaci\u00f3n y la proyecci\u00f3n institucional, tanto en el \u00e1mbito regional como nacional.<\/p>\n<p>Adem\u00e1s de su contenido acad\u00e9mico, el encuentro ser\u00e1 una\u00a0 oportunidad para fomentar v\u00ednculos entre quienes integran este nuevo espacio de formaci\u00f3n de excelencia.<\/p>\n","protected":false},"excerpt":{"rendered":"<p>El pr\u00f3ximo jueves\u00a07 de agosto,\u00a0a las\u00a018:00 horas, nuestra\u00a0Facultad de Ciencias Econ\u00f3micas de la UNT\u00a0ser\u00e1 escenario de un momento trascendental: el lanzamiento oficial del\u00a0Doctorado en Ciencias Econ\u00f3micas\u00a0que ofrece cinco orientaciones y se posiciona como el m\u00e1ximo nivel de formaci\u00f3n acad\u00e9mica en nuestra instituci\u00f3n. La ceremonia estar\u00e1 presidida por el decano\u00a0Mg. Jorge Rospide\u00a0y el vicedecano\u00a0Esp. Gustavo Sota. [&hellip;]<\/p>\n","protected":false},"author":123457,"featured_media":20920,"comment_status":"closed","ping_status":"closed","sticky":false,"template":"","format":"standard","meta":{"_et_pb_use_builder":"","_et_pb_old_content":"","_et_gb_content_width":"","footnotes":""},"categories":[4,5],"tags":[],"_links":{"self":[{"href":"https:\/\/face.unt.edu.ar\/web\/wp-json\/wp\/v2\/posts\/20919"}],"collection":[{"href":"https:\/\/face.unt.edu.ar\/web\/wp-json\/wp\/v2\/posts"}],"about":[{"href":"https:\/\/face.unt.edu.ar\/web\/wp-json\/wp\/v2\/types\/post"}],"author":[{"embeddable":true,"href":"https:\/\/face.unt.edu.ar\/web\/wp-json\/wp\/v2\/users\/123457"}],"replies":[{"embeddable":true,"href":"https:\/\/face.unt.edu.ar\/web\/wp-json\/wp\/v2\/comments?post=20919"}],"version-history":[{"count":1,"href":"https:\/\/face.unt.edu.ar\/web\/wp-json\/wp\/v2\/posts\/20919\/revisions"}],"predecessor-version":[{"id":20921,"href":"https:\/\/face.unt.edu.ar\/web\/wp-json\/wp\/v2\/posts\/20919\/revisions\/20921"}],"wp:featuredmedia":[{"embeddable":true,"href":"https:\/\/face.unt.edu.ar\/web\/wp-json\/wp\/v2\/media\/20920"}],"wp:attachment":[{"href":"https:\/\/face.unt.edu.ar\/web\/wp-json\/wp\/v2\/media?parent=20919"}],"wp:term":[{"taxonomy":"category","embeddable":true,"href":"https:\/\/face.unt.edu.ar\/web\/wp-json\/wp\/v2\/categories?post=20919"},{"taxonomy":"post_tag","embeddable":true,"href":"https:\/\/face.unt.edu.ar\/web\/wp-json\/wp\/v2\/tags?post=20919"}],"curies":[{"name":"wp","href":"https:\/\/api.w.org\/{rel}","templated":true}]}}