{"id":21260,"date":"2025-09-16T17:00:13","date_gmt":"2025-09-16T17:00:13","guid":{"rendered":"https:\/\/face.unt.edu.ar\/web\/?p=21260"},"modified":"2025-09-16T15:37:37","modified_gmt":"2025-09-16T15:37:37","slug":"acercamos-nuestra-oferta-academica-a-jovenes-de-aguilares","status":"publish","type":"post","link":"https:\/\/face.unt.edu.ar\/web\/blog\/acercamos-nuestra-oferta-academica-a-jovenes-de-aguilares\/","title":{"rendered":"Acercamos nuestra oferta acad\u00e9mica a j\u00f3venes de Aguilares"},"content":{"rendered":"<p>Nuestra <strong>Facultad de Ciencias Econ\u00f3micas de la UNT<\/strong> particip\u00f3 de la<strong> 8va Muestra de Ofertas Acad\u00e9micas Aguilares 2025 \u2013 2026 del nivel superior<\/strong>, organizada por la <strong>Direcci\u00f3n de la Juventud<\/strong> de la <strong>Municipalidad de Aguilares<\/strong>.<\/p>\n<p>En la oportunidad representaron a nuestra Casa de Estudios el subsecretario de Bienestar Estudiantil, <strong>Cr. Juan El\u00edas Herrera<\/strong> y estudiantes de las tres carreras: Contador P\u00fablico, Licenciatura en Administraci\u00f3n y Licenciatura en Econom\u00eda. Ellos compartieron informaci\u00f3n sobre estas carreras de grado; las actividades de extensi\u00f3n, investigaci\u00f3n y vida universitaria, adem\u00e1s de brindar orientaci\u00f3n vocacional.<\/p>\n<p>El stand recibi\u00f3 la visita de j\u00f3venes del \u00faltimo a\u00f1o del nivel secundario de distintas localidades del sur de la provincia, quienes pudieron dialogar con nuestros estudiantes y conocer m\u00e1s detalles de nuestra Facultad.<\/p>\n<p>Desde nuestra unidad acad\u00e9mica se destaca la importancia de participar en estos espacios a fin de acercar la Facultad a los j\u00f3venes y acompa\u00f1arlos en el momento de definir su futuro acad\u00e9mico y profesional.<\/p>\n<p><a href=\"https:\/\/face.unt.edu.ar\/web\/wp-content\/uploads\/2025\/09\/IMG-2025A002.jpg\"><img decoding=\"async\" loading=\"lazy\" class=\"alignnone size-medium wp-image-21262\" src=\"https:\/\/face.unt.edu.ar\/web\/wp-content\/uploads\/2025\/09\/IMG-2025A002-300x169.jpg\" alt=\"\" width=\"300\" height=\"169\" srcset=\"https:\/\/face.unt.edu.ar\/web\/wp-content\/uploads\/2025\/09\/IMG-2025A002-300x169.jpg 300w, https:\/\/face.unt.edu.ar\/web\/wp-content\/uploads\/2025\/09\/IMG-2025A002-1024x576.jpg 1024w, https:\/\/face.unt.edu.ar\/web\/wp-content\/uploads\/2025\/09\/IMG-2025A002-768x432.jpg 768w, https:\/\/face.unt.edu.ar\/web\/wp-content\/uploads\/2025\/09\/IMG-2025A002-696x392.jpg 696w, https:\/\/face.unt.edu.ar\/web\/wp-content\/uploads\/2025\/09\/IMG-2025A002-1068x601.jpg 1068w, https:\/\/face.unt.edu.ar\/web\/wp-content\/uploads\/2025\/09\/IMG-2025A002-747x420.jpg 747w, https:\/\/face.unt.edu.ar\/web\/wp-content\/uploads\/2025\/09\/IMG-2025A002.jpg 1280w\" sizes=\"(max-width: 300px) 100vw, 300px\" \/><\/a> <a href=\"https:\/\/face.unt.edu.ar\/web\/wp-content\/uploads\/2025\/09\/IMG-20250909-WA002.jpg\"><img decoding=\"async\" loading=\"lazy\" class=\"alignnone size-medium wp-image-21263\" src=\"https:\/\/face.unt.edu.ar\/web\/wp-content\/uploads\/2025\/09\/IMG-20250909-WA002-300x169.jpg\" alt=\"\" width=\"300\" height=\"169\" srcset=\"https:\/\/face.unt.edu.ar\/web\/wp-content\/uploads\/2025\/09\/IMG-20250909-WA002-300x169.jpg 300w, https:\/\/face.unt.edu.ar\/web\/wp-content\/uploads\/2025\/09\/IMG-20250909-WA002-1024x576.jpg 1024w, https:\/\/face.unt.edu.ar\/web\/wp-content\/uploads\/2025\/09\/IMG-20250909-WA002-768x432.jpg 768w, https:\/\/face.unt.edu.ar\/web\/wp-content\/uploads\/2025\/09\/IMG-20250909-WA002-696x392.jpg 696w, https:\/\/face.unt.edu.ar\/web\/wp-content\/uploads\/2025\/09\/IMG-20250909-WA002-1068x601.jpg 1068w, https:\/\/face.unt.edu.ar\/web\/wp-content\/uploads\/2025\/09\/IMG-20250909-WA002-747x420.jpg 747w, https:\/\/face.unt.edu.ar\/web\/wp-content\/uploads\/2025\/09\/IMG-20250909-WA002.jpg 1280w\" sizes=\"(max-width: 300px) 100vw, 300px\" \/><\/a> <a href=\"https:\/\/face.unt.edu.ar\/web\/wp-content\/uploads\/2025\/09\/IMG-20250909-WA0027.jpg\"><img decoding=\"async\" loading=\"lazy\" class=\"alignnone size-medium wp-image-21264\" src=\"https:\/\/face.unt.edu.ar\/web\/wp-content\/uploads\/2025\/09\/IMG-20250909-WA0027-300x169.jpg\" alt=\"\" width=\"300\" height=\"169\" srcset=\"https:\/\/face.unt.edu.ar\/web\/wp-content\/uploads\/2025\/09\/IMG-20250909-WA0027-300x169.jpg 300w, https:\/\/face.unt.edu.ar\/web\/wp-content\/uploads\/2025\/09\/IMG-20250909-WA0027-1024x576.jpg 1024w, https:\/\/face.unt.edu.ar\/web\/wp-content\/uploads\/2025\/09\/IMG-20250909-WA0027-768x432.jpg 768w, https:\/\/face.unt.edu.ar\/web\/wp-content\/uploads\/2025\/09\/IMG-20250909-WA0027-696x392.jpg 696w, https:\/\/face.unt.edu.ar\/web\/wp-content\/uploads\/2025\/09\/IMG-20250909-WA0027-1068x601.jpg 1068w, https:\/\/face.unt.edu.ar\/web\/wp-content\/uploads\/2025\/09\/IMG-20250909-WA0027-747x420.jpg 747w, https:\/\/face.unt.edu.ar\/web\/wp-content\/uploads\/2025\/09\/IMG-20250909-WA0027.jpg 1280w\" sizes=\"(max-width: 300px) 100vw, 300px\" \/><\/a><\/p>\n","protected":false},"excerpt":{"rendered":"<p>Nuestra Facultad de Ciencias Econ\u00f3micas de la UNT particip\u00f3 de la 8va Muestra de Ofertas Acad\u00e9micas Aguilares 2025 \u2013 2026 del nivel superior, organizada por la Direcci\u00f3n de la Juventud de la Municipalidad de Aguilares. En la oportunidad representaron a nuestra Casa de Estudios el subsecretario de Bienestar Estudiantil, Cr. Juan El\u00edas Herrera y estudiantes [&hellip;]<\/p>\n","protected":false},"author":2,"featured_media":21261,"comment_status":"closed","ping_status":"closed","sticky":false,"template":"","format":"standard","meta":{"_et_pb_use_builder":"","_et_pb_old_content":"","_et_gb_content_width":"","footnotes":""},"categories":[4],"tags":[],"_links":{"self":[{"href":"https:\/\/face.unt.edu.ar\/web\/wp-json\/wp\/v2\/posts\/21260"}],"collection":[{"href":"https:\/\/face.unt.edu.ar\/web\/wp-json\/wp\/v2\/posts"}],"about":[{"href":"https:\/\/face.unt.edu.ar\/web\/wp-json\/wp\/v2\/types\/post"}],"author":[{"embeddable":true,"href":"https:\/\/face.unt.edu.ar\/web\/wp-json\/wp\/v2\/users\/2"}],"replies":[{"embeddable":true,"href":"https:\/\/face.unt.edu.ar\/web\/wp-json\/wp\/v2\/comments?post=21260"}],"version-history":[{"count":1,"href":"https:\/\/face.unt.edu.ar\/web\/wp-json\/wp\/v2\/posts\/21260\/revisions"}],"predecessor-version":[{"id":21265,"href":"https:\/\/face.unt.edu.ar\/web\/wp-json\/wp\/v2\/posts\/21260\/revisions\/21265"}],"wp:featuredmedia":[{"embeddable":true,"href":"https:\/\/face.unt.edu.ar\/web\/wp-json\/wp\/v2\/media\/21261"}],"wp:attachment":[{"href":"https:\/\/face.unt.edu.ar\/web\/wp-json\/wp\/v2\/media?parent=21260"}],"wp:term":[{"taxonomy":"category","embeddable":true,"href":"https:\/\/face.unt.edu.ar\/web\/wp-json\/wp\/v2\/categories?post=21260"},{"taxonomy":"post_tag","embeddable":true,"href":"https:\/\/face.unt.edu.ar\/web\/wp-json\/wp\/v2\/tags?post=21260"}],"curies":[{"name":"wp","href":"https:\/\/api.w.org\/{rel}","templated":true}]}}