{"id":21269,"date":"2025-09-16T16:31:07","date_gmt":"2025-09-16T16:31:07","guid":{"rendered":"https:\/\/face.unt.edu.ar\/web\/?p=21269"},"modified":"2025-09-16T16:31:07","modified_gmt":"2025-09-16T16:31:07","slug":"llega-la-segunda-edicion-de-la-feria-de-empresas-de-nuestra-facultad","status":"publish","type":"post","link":"https:\/\/face.unt.edu.ar\/web\/blog\/llega-la-segunda-edicion-de-la-feria-de-empresas-de-nuestra-facultad\/","title":{"rendered":"Llega la segunda edici\u00f3n de la Feria de Empresas de nuestra Facultad"},"content":{"rendered":"<p>La <strong>Feria de Empresas \u00abVinculando <\/strong><span class=\"a_GcMg font-feature-liga-off font-feature-clig-off font-feature-calt-off text-decoration-none text-strikethrough-none\"><strong>Econ\u00f3micas con empresas del medio, estudiantes y j\u00f3venes graduados\u00bb<\/strong>, de nuestra <strong>Facultad de Ciencias Econ\u00f3micas de la UNT<\/strong>, tendr\u00e1 su segunda edici\u00f3n este a\u00f1o. Se realizar\u00e1 el <strong>mi\u00e9rcoles 17 de septiembre<\/strong>, de 10 a 18:00 horas, en los jardines de esta Casa de Estudios.\u00a0<\/span><\/p>\n<p>Habr\u00e1 exposiciones, conferencias inspiradoras, talleres, encuentro con referentes de RRHH, charlas y simulaciones de entrevistas, entre otras actividades.<\/p>\n<p>Los estudiantes y j\u00f3venes graduados de nuestra Facultad podr\u00e1n a vivir una experiencia \u00fanica que los conectar\u00e1 con las mejores empresas del \u00e1mbito local y nacional.<\/p>\n<p>La Feria contar\u00e1 con la participaci\u00f3n de m\u00e1s de 20 empresas.<\/p>\n<p>La actividad es organizada por la Secretar\u00eda de Extensi\u00f3n y Desarrollo Institucional, que est\u00e1 a cargo del Esp. Enrique Garc\u00eda Kalat.<\/p>\n<p><a href=\"https:\/\/face.unt.edu.ar\/web\/wp-content\/uploads\/2025\/09\/Feria-de-empresas-2025-cronograma.png\"><img decoding=\"async\" loading=\"lazy\" class=\"alignnone size-medium wp-image-21271\" src=\"https:\/\/face.unt.edu.ar\/web\/wp-content\/uploads\/2025\/09\/Feria-de-empresas-2025-cronograma-300x300.png\" alt=\"\" width=\"300\" height=\"300\" srcset=\"https:\/\/face.unt.edu.ar\/web\/wp-content\/uploads\/2025\/09\/Feria-de-empresas-2025-cronograma-300x300.png 300w, https:\/\/face.unt.edu.ar\/web\/wp-content\/uploads\/2025\/09\/Feria-de-empresas-2025-cronograma-1024x1024.png 1024w, https:\/\/face.unt.edu.ar\/web\/wp-content\/uploads\/2025\/09\/Feria-de-empresas-2025-cronograma-150x150.png 150w, https:\/\/face.unt.edu.ar\/web\/wp-content\/uploads\/2025\/09\/Feria-de-empresas-2025-cronograma-768x768.png 768w, https:\/\/face.unt.edu.ar\/web\/wp-content\/uploads\/2025\/09\/Feria-de-empresas-2025-cronograma-696x696.png 696w, https:\/\/face.unt.edu.ar\/web\/wp-content\/uploads\/2025\/09\/Feria-de-empresas-2025-cronograma-1068x1068.png 1068w, https:\/\/face.unt.edu.ar\/web\/wp-content\/uploads\/2025\/09\/Feria-de-empresas-2025-cronograma-420x420.png 420w, https:\/\/face.unt.edu.ar\/web\/wp-content\/uploads\/2025\/09\/Feria-de-empresas-2025-cronograma-840x840.png 840w, https:\/\/face.unt.edu.ar\/web\/wp-content\/uploads\/2025\/09\/Feria-de-empresas-2025-cronograma.png 1080w\" sizes=\"(max-width: 300px) 100vw, 300px\" \/><\/a> <a href=\"https:\/\/face.unt.edu.ar\/web\/wp-content\/uploads\/2025\/09\/logos-feria-empresas-2.png\"><img decoding=\"async\" loading=\"lazy\" class=\"alignnone size-medium wp-image-21272\" src=\"https:\/\/face.unt.edu.ar\/web\/wp-content\/uploads\/2025\/09\/logos-feria-empresas-2-300x300.png\" alt=\"\" width=\"300\" height=\"300\" srcset=\"https:\/\/face.unt.edu.ar\/web\/wp-content\/uploads\/2025\/09\/logos-feria-empresas-2-300x300.png 300w, https:\/\/face.unt.edu.ar\/web\/wp-content\/uploads\/2025\/09\/logos-feria-empresas-2-1024x1024.png 1024w, https:\/\/face.unt.edu.ar\/web\/wp-content\/uploads\/2025\/09\/logos-feria-empresas-2-150x150.png 150w, https:\/\/face.unt.edu.ar\/web\/wp-content\/uploads\/2025\/09\/logos-feria-empresas-2-768x768.png 768w, https:\/\/face.unt.edu.ar\/web\/wp-content\/uploads\/2025\/09\/logos-feria-empresas-2-696x696.png 696w, https:\/\/face.unt.edu.ar\/web\/wp-content\/uploads\/2025\/09\/logos-feria-empresas-2-1068x1068.png 1068w, https:\/\/face.unt.edu.ar\/web\/wp-content\/uploads\/2025\/09\/logos-feria-empresas-2-420x420.png 420w, https:\/\/face.unt.edu.ar\/web\/wp-content\/uploads\/2025\/09\/logos-feria-empresas-2-840x840.png 840w, https:\/\/face.unt.edu.ar\/web\/wp-content\/uploads\/2025\/09\/logos-feria-empresas-2.png 1080w\" sizes=\"(max-width: 300px) 100vw, 300px\" \/><\/a> <a href=\"https:\/\/face.unt.edu.ar\/web\/wp-content\/uploads\/2025\/09\/logos-feria-empresas-3.png\"><img decoding=\"async\" loading=\"lazy\" class=\"alignnone size-medium wp-image-21273\" src=\"https:\/\/face.unt.edu.ar\/web\/wp-content\/uploads\/2025\/09\/logos-feria-empresas-3-300x300.png\" alt=\"\" width=\"300\" height=\"300\" srcset=\"https:\/\/face.unt.edu.ar\/web\/wp-content\/uploads\/2025\/09\/logos-feria-empresas-3-300x300.png 300w, https:\/\/face.unt.edu.ar\/web\/wp-content\/uploads\/2025\/09\/logos-feria-empresas-3-1024x1024.png 1024w, https:\/\/face.unt.edu.ar\/web\/wp-content\/uploads\/2025\/09\/logos-feria-empresas-3-150x150.png 150w, https:\/\/face.unt.edu.ar\/web\/wp-content\/uploads\/2025\/09\/logos-feria-empresas-3-768x768.png 768w, https:\/\/face.unt.edu.ar\/web\/wp-content\/uploads\/2025\/09\/logos-feria-empresas-3-696x696.png 696w, https:\/\/face.unt.edu.ar\/web\/wp-content\/uploads\/2025\/09\/logos-feria-empresas-3-1068x1068.png 1068w, https:\/\/face.unt.edu.ar\/web\/wp-content\/uploads\/2025\/09\/logos-feria-empresas-3-420x420.png 420w, https:\/\/face.unt.edu.ar\/web\/wp-content\/uploads\/2025\/09\/logos-feria-empresas-3-840x840.png 840w, https:\/\/face.unt.edu.ar\/web\/wp-content\/uploads\/2025\/09\/logos-feria-empresas-3.png 1080w\" sizes=\"(max-width: 300px) 100vw, 300px\" \/><\/a> <a href=\"https:\/\/face.unt.edu.ar\/web\/wp-content\/uploads\/2025\/09\/logoS-feria-empresas-4.png\"><img decoding=\"async\" loading=\"lazy\" class=\"alignnone size-medium wp-image-21274\" src=\"https:\/\/face.unt.edu.ar\/web\/wp-content\/uploads\/2025\/09\/logoS-feria-empresas-4-300x300.png\" alt=\"\" width=\"300\" height=\"300\" srcset=\"https:\/\/face.unt.edu.ar\/web\/wp-content\/uploads\/2025\/09\/logoS-feria-empresas-4-300x300.png 300w, https:\/\/face.unt.edu.ar\/web\/wp-content\/uploads\/2025\/09\/logoS-feria-empresas-4-1024x1024.png 1024w, https:\/\/face.unt.edu.ar\/web\/wp-content\/uploads\/2025\/09\/logoS-feria-empresas-4-150x150.png 150w, https:\/\/face.unt.edu.ar\/web\/wp-content\/uploads\/2025\/09\/logoS-feria-empresas-4-768x768.png 768w, https:\/\/face.unt.edu.ar\/web\/wp-content\/uploads\/2025\/09\/logoS-feria-empresas-4-696x696.png 696w, https:\/\/face.unt.edu.ar\/web\/wp-content\/uploads\/2025\/09\/logoS-feria-empresas-4-1068x1068.png 1068w, https:\/\/face.unt.edu.ar\/web\/wp-content\/uploads\/2025\/09\/logoS-feria-empresas-4-420x420.png 420w, https:\/\/face.unt.edu.ar\/web\/wp-content\/uploads\/2025\/09\/logoS-feria-empresas-4-840x840.png 840w, https:\/\/face.unt.edu.ar\/web\/wp-content\/uploads\/2025\/09\/logoS-feria-empresas-4.png 1080w\" sizes=\"(max-width: 300px) 100vw, 300px\" \/><\/a> <a href=\"https:\/\/face.unt.edu.ar\/web\/wp-content\/uploads\/2025\/09\/logos-feria-empresas-5.jpg\"><img decoding=\"async\" loading=\"lazy\" class=\"alignnone size-medium wp-image-21275\" src=\"https:\/\/face.unt.edu.ar\/web\/wp-content\/uploads\/2025\/09\/logos-feria-empresas-5-300x300.jpg\" alt=\"\" width=\"300\" height=\"300\" srcset=\"https:\/\/face.unt.edu.ar\/web\/wp-content\/uploads\/2025\/09\/logos-feria-empresas-5-300x300.jpg 300w, https:\/\/face.unt.edu.ar\/web\/wp-content\/uploads\/2025\/09\/logos-feria-empresas-5-1024x1024.jpg 1024w, https:\/\/face.unt.edu.ar\/web\/wp-content\/uploads\/2025\/09\/logos-feria-empresas-5-150x150.jpg 150w, https:\/\/face.unt.edu.ar\/web\/wp-content\/uploads\/2025\/09\/logos-feria-empresas-5-768x768.jpg 768w, https:\/\/face.unt.edu.ar\/web\/wp-content\/uploads\/2025\/09\/logos-feria-empresas-5-696x696.jpg 696w, https:\/\/face.unt.edu.ar\/web\/wp-content\/uploads\/2025\/09\/logos-feria-empresas-5-1068x1068.jpg 1068w, https:\/\/face.unt.edu.ar\/web\/wp-content\/uploads\/2025\/09\/logos-feria-empresas-5-420x420.jpg 420w, https:\/\/face.unt.edu.ar\/web\/wp-content\/uploads\/2025\/09\/logos-feria-empresas-5-840x840.jpg 840w, https:\/\/face.unt.edu.ar\/web\/wp-content\/uploads\/2025\/09\/logos-feria-empresas-5.jpg 1080w\" sizes=\"(max-width: 300px) 100vw, 300px\" \/><\/a><\/p>\n","protected":false},"excerpt":{"rendered":"<p>La Feria de Empresas \u00abVinculando Econ\u00f3micas con empresas del medio, estudiantes y j\u00f3venes graduados\u00bb, de nuestra Facultad de Ciencias Econ\u00f3micas de la UNT, tendr\u00e1 su segunda edici\u00f3n este a\u00f1o. Se realizar\u00e1 el mi\u00e9rcoles 17 de septiembre, de 10 a 18:00 horas, en los jardines de esta Casa de Estudios.\u00a0 Habr\u00e1 exposiciones, conferencias inspiradoras, talleres, encuentro [&hellip;]<\/p>\n","protected":false},"author":2,"featured_media":21270,"comment_status":"closed","ping_status":"closed","sticky":false,"template":"","format":"standard","meta":{"_et_pb_use_builder":"","_et_pb_old_content":"","_et_gb_content_width":"","footnotes":""},"categories":[4],"tags":[],"_links":{"self":[{"href":"https:\/\/face.unt.edu.ar\/web\/wp-json\/wp\/v2\/posts\/21269"}],"collection":[{"href":"https:\/\/face.unt.edu.ar\/web\/wp-json\/wp\/v2\/posts"}],"about":[{"href":"https:\/\/face.unt.edu.ar\/web\/wp-json\/wp\/v2\/types\/post"}],"author":[{"embeddable":true,"href":"https:\/\/face.unt.edu.ar\/web\/wp-json\/wp\/v2\/users\/2"}],"replies":[{"embeddable":true,"href":"https:\/\/face.unt.edu.ar\/web\/wp-json\/wp\/v2\/comments?post=21269"}],"version-history":[{"count":1,"href":"https:\/\/face.unt.edu.ar\/web\/wp-json\/wp\/v2\/posts\/21269\/revisions"}],"predecessor-version":[{"id":21276,"href":"https:\/\/face.unt.edu.ar\/web\/wp-json\/wp\/v2\/posts\/21269\/revisions\/21276"}],"wp:featuredmedia":[{"embeddable":true,"href":"https:\/\/face.unt.edu.ar\/web\/wp-json\/wp\/v2\/media\/21270"}],"wp:attachment":[{"href":"https:\/\/face.unt.edu.ar\/web\/wp-json\/wp\/v2\/media?parent=21269"}],"wp:term":[{"taxonomy":"category","embeddable":true,"href":"https:\/\/face.unt.edu.ar\/web\/wp-json\/wp\/v2\/categories?post=21269"},{"taxonomy":"post_tag","embeddable":true,"href":"https:\/\/face.unt.edu.ar\/web\/wp-json\/wp\/v2\/tags?post=21269"}],"curies":[{"name":"wp","href":"https:\/\/api.w.org\/{rel}","templated":true}]}}