{"id":21772,"date":"2025-10-09T15:47:31","date_gmt":"2025-10-09T15:47:31","guid":{"rendered":"https:\/\/face.unt.edu.ar\/web\/?p=21772"},"modified":"2025-10-09T15:47:31","modified_gmt":"2025-10-09T15:47:31","slug":"nueva-edicion-del-encuentro-conectando-saberesiii-jornada-interfacultades","status":"publish","type":"post","link":"https:\/\/face.unt.edu.ar\/web\/blog\/nueva-edicion-del-encuentro-conectando-saberesiii-jornada-interfacultades\/","title":{"rendered":"Nueva edici\u00f3n del encuentro \u201cConectando Saberes:III Jornada Interfacultades\u201d"},"content":{"rendered":"<p><span class=\"im\">En el marco de <strong>Pr\u00e1ctica Profesional de la Licenciatura en Administraci\u00f3n<\/strong> de nuestra <strong>Facultad de Ciencias Econ\u00f3micas de la Universidad Nacional de Tucum\u00e1n<\/strong>, se desarrollar\u00e1 <strong>\u201cConectando Saberes:III Jornada Interfacultades\u201d<\/strong> entre estudiantes y docentes de la<strong> Facultad de Humanidades, Ciencias Sociales y de la Salud de la Universidad Nacional de Santiago del Estero<\/strong> y de nuestra Facultad.<\/p>\n<p>El encuentro se llevar\u00e1 a cabo el pr\u00f3ximo <strong>lunes 13 de octubre desde las 11:00 hasta las 20:00 horas<\/strong>, con sede en Tucum\u00e1n, en las instalaciones de nuestra unidad acad\u00e9mica.<\/span><\/p>\n<p>Deber\u00e1n completar el siguiente formulario de<strong> inscripci\u00f3n<\/strong> <strong><a href=\"https:\/\/forms.gle\/WZjiUD8we5ixaE8V6\" target=\"_blank\" rel=\"noopener\" data-saferedirecturl=\"https:\/\/www.google.com\/url?q=https:\/\/forms.gle\/WZjiUD8we5ixaE8V6&amp;source=gmail&amp;ust=1760102831993000&amp;usg=AOvVaw0R26DyCuYbCc1NGquhWcO0\">https:\/\/forms.gle\/WZjiUD8we5ixaE8V6<\/a><\/strong><span class=\"im\"><\/p>\n<p>Se invita a participar a estudiantes y docentes de la Licenciatura en Administraci\u00f3n.<\/span><\/p>\n<p>&nbsp;<\/p>\n<p><a href=\"https:\/\/face.unt.edu.ar\/web\/wp-content\/uploads\/2025\/10\/Conectando-Saberes-II-Jornada-Interfacultades-CRONOGRAMA.png\"><img decoding=\"async\" loading=\"lazy\" class=\" wp-image-21774 aligncenter\" src=\"https:\/\/face.unt.edu.ar\/web\/wp-content\/uploads\/2025\/10\/Conectando-Saberes-II-Jornada-Interfacultades-CRONOGRAMA-300x300.png\" alt=\"\" width=\"597\" height=\"597\" srcset=\"https:\/\/face.unt.edu.ar\/web\/wp-content\/uploads\/2025\/10\/Conectando-Saberes-II-Jornada-Interfacultades-CRONOGRAMA-300x300.png 300w, https:\/\/face.unt.edu.ar\/web\/wp-content\/uploads\/2025\/10\/Conectando-Saberes-II-Jornada-Interfacultades-CRONOGRAMA-1024x1024.png 1024w, https:\/\/face.unt.edu.ar\/web\/wp-content\/uploads\/2025\/10\/Conectando-Saberes-II-Jornada-Interfacultades-CRONOGRAMA-150x150.png 150w, https:\/\/face.unt.edu.ar\/web\/wp-content\/uploads\/2025\/10\/Conectando-Saberes-II-Jornada-Interfacultades-CRONOGRAMA-768x768.png 768w, https:\/\/face.unt.edu.ar\/web\/wp-content\/uploads\/2025\/10\/Conectando-Saberes-II-Jornada-Interfacultades-CRONOGRAMA-696x696.png 696w, https:\/\/face.unt.edu.ar\/web\/wp-content\/uploads\/2025\/10\/Conectando-Saberes-II-Jornada-Interfacultades-CRONOGRAMA-1068x1068.png 1068w, https:\/\/face.unt.edu.ar\/web\/wp-content\/uploads\/2025\/10\/Conectando-Saberes-II-Jornada-Interfacultades-CRONOGRAMA-420x420.png 420w, https:\/\/face.unt.edu.ar\/web\/wp-content\/uploads\/2025\/10\/Conectando-Saberes-II-Jornada-Interfacultades-CRONOGRAMA-840x840.png 840w, https:\/\/face.unt.edu.ar\/web\/wp-content\/uploads\/2025\/10\/Conectando-Saberes-II-Jornada-Interfacultades-CRONOGRAMA.png 1080w\" sizes=\"(max-width: 597px) 100vw, 597px\" \/><\/a><\/p>\n","protected":false},"excerpt":{"rendered":"<p>En el marco de Pr\u00e1ctica Profesional de la Licenciatura en Administraci\u00f3n de nuestra Facultad de Ciencias Econ\u00f3micas de la Universidad Nacional de Tucum\u00e1n, se desarrollar\u00e1 \u201cConectando Saberes:III Jornada Interfacultades\u201d entre estudiantes y docentes de la Facultad de Humanidades, Ciencias Sociales y de la Salud de la Universidad Nacional de Santiago del Estero y de nuestra [&hellip;]<\/p>\n","protected":false},"author":2,"featured_media":21773,"comment_status":"closed","ping_status":"closed","sticky":false,"template":"","format":"standard","meta":{"_et_pb_use_builder":"","_et_pb_old_content":"","_et_gb_content_width":"","footnotes":""},"categories":[4],"tags":[],"_links":{"self":[{"href":"https:\/\/face.unt.edu.ar\/web\/wp-json\/wp\/v2\/posts\/21772"}],"collection":[{"href":"https:\/\/face.unt.edu.ar\/web\/wp-json\/wp\/v2\/posts"}],"about":[{"href":"https:\/\/face.unt.edu.ar\/web\/wp-json\/wp\/v2\/types\/post"}],"author":[{"embeddable":true,"href":"https:\/\/face.unt.edu.ar\/web\/wp-json\/wp\/v2\/users\/2"}],"replies":[{"embeddable":true,"href":"https:\/\/face.unt.edu.ar\/web\/wp-json\/wp\/v2\/comments?post=21772"}],"version-history":[{"count":1,"href":"https:\/\/face.unt.edu.ar\/web\/wp-json\/wp\/v2\/posts\/21772\/revisions"}],"predecessor-version":[{"id":21775,"href":"https:\/\/face.unt.edu.ar\/web\/wp-json\/wp\/v2\/posts\/21772\/revisions\/21775"}],"wp:featuredmedia":[{"embeddable":true,"href":"https:\/\/face.unt.edu.ar\/web\/wp-json\/wp\/v2\/media\/21773"}],"wp:attachment":[{"href":"https:\/\/face.unt.edu.ar\/web\/wp-json\/wp\/v2\/media?parent=21772"}],"wp:term":[{"taxonomy":"category","embeddable":true,"href":"https:\/\/face.unt.edu.ar\/web\/wp-json\/wp\/v2\/categories?post=21772"},{"taxonomy":"post_tag","embeddable":true,"href":"https:\/\/face.unt.edu.ar\/web\/wp-json\/wp\/v2\/tags?post=21772"}],"curies":[{"name":"wp","href":"https:\/\/api.w.org\/{rel}","templated":true}]}}