{"id":22004,"date":"2025-10-23T13:00:57","date_gmt":"2025-10-23T13:00:57","guid":{"rendered":"https:\/\/face.unt.edu.ar\/web\/?p=22004"},"modified":"2025-10-23T13:00:57","modified_gmt":"2025-10-23T13:00:57","slug":"curso-oratoria-tecnicas-para-hablar-en-publico-4","status":"publish","type":"post","link":"https:\/\/face.unt.edu.ar\/web\/blog\/curso-oratoria-tecnicas-para-hablar-en-publico-4\/","title":{"rendered":"Curso \u00abOratoria: T\u00e9cnicas para Hablar en P\u00fablico\u00bb"},"content":{"rendered":"<p>Nuestra <strong>Facultad de Ciencias Econ\u00f3micas<\/strong> brindar\u00e1 el <strong>Taller \u201cOratoria: T\u00e9cnicas para hablar en p\u00fablico\u201d<\/strong>, organizado por el <strong>Centro de Capacitaci\u00f3n Continua<\/strong> de esta unidad acad\u00e9mica.<\/p>\n<p>Estar\u00e1 a cargo de la <strong>Lic. Gisel Arenas<\/strong>, locutora nacional.<\/p>\n<p>Iniciar\u00e1 el\u00a0<strong>25 de octubre<\/strong> de 2025. Se desarrollar\u00e1 en 6 encuentros presenciales\u00a0los d\u00edas s\u00e1bados de\u00a010:00 a 13:00 horas, en nuestra Facultad.<\/p>\n<p>Est\u00e1 destinado al p\u00fablico en general. Prev\u00e9 una inversi\u00f3n de $70.000.<\/p>\n<p>Los cupos son limitados.<\/p>\n<p><strong><a href=\"https:\/\/sites.google.com\/face.unt.edu.ar\/capacitacion-face\/inicio\/cursos-2025\/3-oratoria-t%C3%A9cnicas-para-hablar-en-p%C3%BAblico\" target=\"_blank\" rel=\"noopener\">Para acceder al formulario de inscripci\u00f3n pueden hacer clic aqu\u00ed.\u00a0<\/a><\/strong><\/p>\n","protected":false},"excerpt":{"rendered":"<p>Nuestra Facultad de Ciencias Econ\u00f3micas brindar\u00e1 el Taller \u201cOratoria: T\u00e9cnicas para hablar en p\u00fablico\u201d, organizado por el Centro de Capacitaci\u00f3n Continua de esta unidad acad\u00e9mica. Estar\u00e1 a cargo de la Lic. Gisel Arenas, locutora nacional. Iniciar\u00e1 el\u00a025 de octubre de 2025. Se desarrollar\u00e1 en 6 encuentros presenciales\u00a0los d\u00edas s\u00e1bados de\u00a010:00 a 13:00 horas, en nuestra [&hellip;]<\/p>\n","protected":false},"author":2,"featured_media":22005,"comment_status":"closed","ping_status":"closed","sticky":false,"template":"","format":"standard","meta":{"_et_pb_use_builder":"","_et_pb_old_content":"","_et_gb_content_width":"","footnotes":""},"categories":[4],"tags":[],"_links":{"self":[{"href":"https:\/\/face.unt.edu.ar\/web\/wp-json\/wp\/v2\/posts\/22004"}],"collection":[{"href":"https:\/\/face.unt.edu.ar\/web\/wp-json\/wp\/v2\/posts"}],"about":[{"href":"https:\/\/face.unt.edu.ar\/web\/wp-json\/wp\/v2\/types\/post"}],"author":[{"embeddable":true,"href":"https:\/\/face.unt.edu.ar\/web\/wp-json\/wp\/v2\/users\/2"}],"replies":[{"embeddable":true,"href":"https:\/\/face.unt.edu.ar\/web\/wp-json\/wp\/v2\/comments?post=22004"}],"version-history":[{"count":1,"href":"https:\/\/face.unt.edu.ar\/web\/wp-json\/wp\/v2\/posts\/22004\/revisions"}],"predecessor-version":[{"id":22006,"href":"https:\/\/face.unt.edu.ar\/web\/wp-json\/wp\/v2\/posts\/22004\/revisions\/22006"}],"wp:featuredmedia":[{"embeddable":true,"href":"https:\/\/face.unt.edu.ar\/web\/wp-json\/wp\/v2\/media\/22005"}],"wp:attachment":[{"href":"https:\/\/face.unt.edu.ar\/web\/wp-json\/wp\/v2\/media?parent=22004"}],"wp:term":[{"taxonomy":"category","embeddable":true,"href":"https:\/\/face.unt.edu.ar\/web\/wp-json\/wp\/v2\/categories?post=22004"},{"taxonomy":"post_tag","embeddable":true,"href":"https:\/\/face.unt.edu.ar\/web\/wp-json\/wp\/v2\/tags?post=22004"}],"curies":[{"name":"wp","href":"https:\/\/api.w.org\/{rel}","templated":true}]}}