{"id":22008,"date":"2025-10-24T14:15:03","date_gmt":"2025-10-24T14:15:03","guid":{"rendered":"https:\/\/face.unt.edu.ar\/web\/?p=22008"},"modified":"2025-10-24T14:15:50","modified_gmt":"2025-10-24T14:15:50","slug":"nuestra-facultad-mas-cerca-de-los-jovenes","status":"publish","type":"post","link":"https:\/\/face.unt.edu.ar\/web\/blog\/nuestra-facultad-mas-cerca-de-los-jovenes\/","title":{"rendered":"Nuestra Facultad m\u00e1s cerca de los j\u00f3venes"},"content":{"rendered":"<p>Nuestra<strong> Facultad de Ciencias Econ\u00f3micas<\/strong> particip\u00f3 en la <strong>Expo UNT Monteros<\/strong> donde present\u00f3 su oferta acad\u00e9mica de grado: Contador P\u00fablico, Licenciatura en Administraci\u00f3n y Licenciatura en Econom\u00eda.<\/p>\n<p>El subsecretario de Bienestar Estudiantil, <strong>Cr. Juan El\u00edas Herrera<\/strong>, junto a estudiantes de nuestra Casa de Estudios estuvieron en el stand en donde pudieron dialogar con los estudiantes secundarios, conocer sus inquietudes, comentarles detalles de las incumbencias de las carreras que se dictan en nuestra Facultad, explicarles c\u00f3mo se desarrolla la vida universitaria y brindarles orientaci\u00f3n vocacional.<\/p>\n<p>Al participar en este tipo de actividades logramos acercarnos a los j\u00f3venes para mostrarles las oportunidades que tiene para ellos nuestra Facultad.<\/p>\n<p><a href=\"https:\/\/face.unt.edu.ar\/web\/wp-content\/uploads\/2025\/10\/WhatsApp-Image-2025-10-23-at-10.37.13.jpeg\"><img decoding=\"async\" loading=\"lazy\" class=\"alignnone size-medium wp-image-22011\" src=\"https:\/\/face.unt.edu.ar\/web\/wp-content\/uploads\/2025\/10\/WhatsApp-Image-2025-10-23-at-10.37.13-300x169.jpeg\" alt=\"\" width=\"300\" height=\"169\" srcset=\"https:\/\/face.unt.edu.ar\/web\/wp-content\/uploads\/2025\/10\/WhatsApp-Image-2025-10-23-at-10.37.13-300x169.jpeg 300w, https:\/\/face.unt.edu.ar\/web\/wp-content\/uploads\/2025\/10\/WhatsApp-Image-2025-10-23-at-10.37.13-1024x576.jpeg 1024w, https:\/\/face.unt.edu.ar\/web\/wp-content\/uploads\/2025\/10\/WhatsApp-Image-2025-10-23-at-10.37.13-768x432.jpeg 768w, https:\/\/face.unt.edu.ar\/web\/wp-content\/uploads\/2025\/10\/WhatsApp-Image-2025-10-23-at-10.37.13-696x392.jpeg 696w, https:\/\/face.unt.edu.ar\/web\/wp-content\/uploads\/2025\/10\/WhatsApp-Image-2025-10-23-at-10.37.13-1068x601.jpeg 1068w, https:\/\/face.unt.edu.ar\/web\/wp-content\/uploads\/2025\/10\/WhatsApp-Image-2025-10-23-at-10.37.13-747x420.jpeg 747w, https:\/\/face.unt.edu.ar\/web\/wp-content\/uploads\/2025\/10\/WhatsApp-Image-2025-10-23-at-10.37.13.jpeg 1280w\" sizes=\"(max-width: 300px) 100vw, 300px\" \/>\u00a0<\/a><a href=\"https:\/\/face.unt.edu.ar\/web\/wp-content\/uploads\/2025\/10\/WhatsApp-Image-2025-10-23-at-10.36.16.jpeg\"><img decoding=\"async\" loading=\"lazy\" class=\"alignnone size-medium wp-image-22009\" src=\"https:\/\/face.unt.edu.ar\/web\/wp-content\/uploads\/2025\/10\/WhatsApp-Image-2025-10-23-at-10.36.16-300x169.jpeg\" alt=\"\" width=\"300\" height=\"169\" srcset=\"https:\/\/face.unt.edu.ar\/web\/wp-content\/uploads\/2025\/10\/WhatsApp-Image-2025-10-23-at-10.36.16-300x169.jpeg 300w, https:\/\/face.unt.edu.ar\/web\/wp-content\/uploads\/2025\/10\/WhatsApp-Image-2025-10-23-at-10.36.16-1024x576.jpeg 1024w, https:\/\/face.unt.edu.ar\/web\/wp-content\/uploads\/2025\/10\/WhatsApp-Image-2025-10-23-at-10.36.16-768x432.jpeg 768w, https:\/\/face.unt.edu.ar\/web\/wp-content\/uploads\/2025\/10\/WhatsApp-Image-2025-10-23-at-10.36.16-696x392.jpeg 696w, https:\/\/face.unt.edu.ar\/web\/wp-content\/uploads\/2025\/10\/WhatsApp-Image-2025-10-23-at-10.36.16-1068x601.jpeg 1068w, https:\/\/face.unt.edu.ar\/web\/wp-content\/uploads\/2025\/10\/WhatsApp-Image-2025-10-23-at-10.36.16-747x420.jpeg 747w, https:\/\/face.unt.edu.ar\/web\/wp-content\/uploads\/2025\/10\/WhatsApp-Image-2025-10-23-at-10.36.16.jpeg 1280w\" sizes=\"(max-width: 300px) 100vw, 300px\" \/><\/a><\/p>\n","protected":false},"excerpt":{"rendered":"<p>Nuestra Facultad de Ciencias Econ\u00f3micas particip\u00f3 en la Expo UNT Monteros donde present\u00f3 su oferta acad\u00e9mica de grado: Contador P\u00fablico, Licenciatura en Administraci\u00f3n y Licenciatura en Econom\u00eda. El subsecretario de Bienestar Estudiantil, Cr. Juan El\u00edas Herrera, junto a estudiantes de nuestra Casa de Estudios estuvieron en el stand en donde pudieron dialogar con los estudiantes [&hellip;]<\/p>\n","protected":false},"author":2,"featured_media":22010,"comment_status":"closed","ping_status":"closed","sticky":false,"template":"","format":"standard","meta":{"_et_pb_use_builder":"","_et_pb_old_content":"","_et_gb_content_width":"","footnotes":""},"categories":[4],"tags":[],"_links":{"self":[{"href":"https:\/\/face.unt.edu.ar\/web\/wp-json\/wp\/v2\/posts\/22008"}],"collection":[{"href":"https:\/\/face.unt.edu.ar\/web\/wp-json\/wp\/v2\/posts"}],"about":[{"href":"https:\/\/face.unt.edu.ar\/web\/wp-json\/wp\/v2\/types\/post"}],"author":[{"embeddable":true,"href":"https:\/\/face.unt.edu.ar\/web\/wp-json\/wp\/v2\/users\/2"}],"replies":[{"embeddable":true,"href":"https:\/\/face.unt.edu.ar\/web\/wp-json\/wp\/v2\/comments?post=22008"}],"version-history":[{"count":2,"href":"https:\/\/face.unt.edu.ar\/web\/wp-json\/wp\/v2\/posts\/22008\/revisions"}],"predecessor-version":[{"id":22013,"href":"https:\/\/face.unt.edu.ar\/web\/wp-json\/wp\/v2\/posts\/22008\/revisions\/22013"}],"wp:featuredmedia":[{"embeddable":true,"href":"https:\/\/face.unt.edu.ar\/web\/wp-json\/wp\/v2\/media\/22010"}],"wp:attachment":[{"href":"https:\/\/face.unt.edu.ar\/web\/wp-json\/wp\/v2\/media?parent=22008"}],"wp:term":[{"taxonomy":"category","embeddable":true,"href":"https:\/\/face.unt.edu.ar\/web\/wp-json\/wp\/v2\/categories?post=22008"},{"taxonomy":"post_tag","embeddable":true,"href":"https:\/\/face.unt.edu.ar\/web\/wp-json\/wp\/v2\/tags?post=22008"}],"curies":[{"name":"wp","href":"https:\/\/api.w.org\/{rel}","templated":true}]}}