{"id":22492,"date":"2025-11-13T14:53:11","date_gmt":"2025-11-13T14:53:11","guid":{"rendered":"https:\/\/face.unt.edu.ar\/web\/?p=22492"},"modified":"2025-11-17T13:57:37","modified_gmt":"2025-11-17T13:57:37","slug":"examenes-de-noviembre-diciembre-2025","status":"publish","type":"post","link":"https:\/\/face.unt.edu.ar\/web\/blog\/examenes-de-noviembre-diciembre-2025\/","title":{"rendered":"Ex\u00e1menes de noviembre -diciembre 2025"},"content":{"rendered":"<p>La\u00a0<strong>Facultad de Ciencias Econ\u00f3micas<\/strong>\u00a0de la Universidad Nacional de Tucum\u00e1n informa las fechas en que tendr\u00e1 lugar la\u00a0<strong>Mesa de Ex\u00e1menes de noviembre &#8211; diciembre de 2025, primer y segundo llamados.<\/strong><\/p>\n<p>Seg\u00fan lo establecido por la\u00a0<strong>resoluci\u00f3n\u00a0<\/strong><strong>RES FACE DES 18654\/2025<\/strong>, los llamados\u00a0para las carreras de Contador P\u00fablico, Contador P\u00fablico Nacional, Licenciado en Econom\u00eda y Licenciado en Administraci\u00f3n; se desarrollar\u00e1 de la siguiente manera:<\/p>\n<p><strong>Primer llamado: 03, 04 y 05 de diciembre de 2025.<\/strong><\/p>\n<p><strong>Segundo llamado: 17, 18 y 19 de diciembre de 2025.<\/strong><\/p>\n<p>Las\u00a0<strong>inscripciones\u00a0<\/strong>a los ex\u00e1menes ser\u00e1n:<\/p>\n<p>Primer llamado: <strong>27 y 28\u00a0de noviembre<\/strong>\u00a0<strong>de 2025<\/strong>.<\/p>\n<p>Segundo llamado:<strong> 11 y 12\u00a0de diciembre de 2024.<\/strong><\/p>\n<p>Se adjunta la Resoluci\u00f3n, antes mencionada, donde est\u00e1 el detalle de los tribunales examinadores en cada asignatura, con fecha y horario correspondiente.<\/p>\n<p><span style=\"color: #ff0000\"><a style=\"color: #ff0000\" href=\"https:\/\/drive.google.com\/file\/d\/15CBwFWsqlbdFQK-CLTXWr2PAATiKlIMA\/view?usp=sharing\" target=\"_blank\" rel=\"noopener\"><strong>RES FACE DES 18654 \u2013 Descargar haciendo clic aqu\u00ed<\/strong><\/a><\/span><\/p>\n<p><span style=\"color: #ff0000\"><strong><a style=\"color: #ff0000\" href=\"https:\/\/drive.google.com\/file\/d\/1_5u8A7MXOS42eI1wwL4BSENFCBBFfwUH\/view?usp=sharing\" target=\"_blank\" rel=\"noopener\">RES &#8211; FACE &#8211; DES &#8211; 18840 \/ 2025 (Rectifica resoluci\u00f3n) &#8211; descargar haciendo clic aqu\u00ed<\/a><\/strong><\/span><\/p>\n","protected":false},"excerpt":{"rendered":"<p>La\u00a0Facultad de Ciencias Econ\u00f3micas\u00a0de la Universidad Nacional de Tucum\u00e1n informa las fechas en que tendr\u00e1 lugar la\u00a0Mesa de Ex\u00e1menes de noviembre &#8211; diciembre de 2025, primer y segundo llamados. Seg\u00fan lo establecido por la\u00a0resoluci\u00f3n\u00a0RES FACE DES 18654\/2025, los llamados\u00a0para las carreras de Contador P\u00fablico, Contador P\u00fablico Nacional, Licenciado en Econom\u00eda y Licenciado en Administraci\u00f3n; se [&hellip;]<\/p>\n","protected":false},"author":2,"featured_media":22493,"comment_status":"closed","ping_status":"closed","sticky":false,"template":"","format":"standard","meta":{"_et_pb_use_builder":"","_et_pb_old_content":"","_et_gb_content_width":"","footnotes":""},"categories":[4],"tags":[],"_links":{"self":[{"href":"https:\/\/face.unt.edu.ar\/web\/wp-json\/wp\/v2\/posts\/22492"}],"collection":[{"href":"https:\/\/face.unt.edu.ar\/web\/wp-json\/wp\/v2\/posts"}],"about":[{"href":"https:\/\/face.unt.edu.ar\/web\/wp-json\/wp\/v2\/types\/post"}],"author":[{"embeddable":true,"href":"https:\/\/face.unt.edu.ar\/web\/wp-json\/wp\/v2\/users\/2"}],"replies":[{"embeddable":true,"href":"https:\/\/face.unt.edu.ar\/web\/wp-json\/wp\/v2\/comments?post=22492"}],"version-history":[{"count":3,"href":"https:\/\/face.unt.edu.ar\/web\/wp-json\/wp\/v2\/posts\/22492\/revisions"}],"predecessor-version":[{"id":22531,"href":"https:\/\/face.unt.edu.ar\/web\/wp-json\/wp\/v2\/posts\/22492\/revisions\/22531"}],"wp:featuredmedia":[{"embeddable":true,"href":"https:\/\/face.unt.edu.ar\/web\/wp-json\/wp\/v2\/media\/22493"}],"wp:attachment":[{"href":"https:\/\/face.unt.edu.ar\/web\/wp-json\/wp\/v2\/media?parent=22492"}],"wp:term":[{"taxonomy":"category","embeddable":true,"href":"https:\/\/face.unt.edu.ar\/web\/wp-json\/wp\/v2\/categories?post=22492"},{"taxonomy":"post_tag","embeddable":true,"href":"https:\/\/face.unt.edu.ar\/web\/wp-json\/wp\/v2\/tags?post=22492"}],"curies":[{"name":"wp","href":"https:\/\/api.w.org\/{rel}","templated":true}]}}