{"id":22816,"date":"2026-02-11T14:23:09","date_gmt":"2026-02-11T14:23:09","guid":{"rendered":"https:\/\/face.unt.edu.ar\/web\/?p=22816"},"modified":"2026-02-11T14:44:15","modified_gmt":"2026-02-11T14:44:15","slug":"convocatoria-para-estudiantes-programa-latinoamericano-de-cooperacion-cientifica-pepe-mujica","status":"publish","type":"post","link":"https:\/\/face.unt.edu.ar\/web\/blog\/convocatoria-para-estudiantes-programa-latinoamericano-de-cooperacion-cientifica-pepe-mujica\/","title":{"rendered":"Programa latinoamericano de cooperaci\u00f3n cient\u00edfica Pepe Mujica"},"content":{"rendered":"<p><span style=\"color: #000000\">El mi\u00e9rcoles 28 de enero, se present\u00f3 el Programa de Cooperaci\u00f3n Latinoamericana y Caribe\u00f1a de Ciencia y<\/span><br \/>\n<span style=\"color: #000000\">Tecnolog\u00eda \u2013 Pepe Mujica. La propuesta es una iniciativa del Consejo Nacional de Desarrollo Cient\u00edfico y<\/span><br \/>\n<span style=\"color: #000000\">Tecnol\u00f3gico (CNPq) del Ministerio de Ciencia, Tecnologia e Innovaci\u00f3n de Brasil, con la participaci\u00f3n de la<\/span><br \/>\n<span style=\"color: #000000\">Asociaci\u00f3n de Universidades del Grupo Montevideo (AUGM).<\/span><\/p>\n<p><span style=\"color: #000000\">El programa busca establecer redes de intercambio de conocimiento y de formaci\u00f3n cient\u00edfica en la regi\u00f3n, y fortalecer las capacidades t\u00e9cnicas y de infraestructura en los siguientes ejes tem\u00e1ticos:<\/span><br \/>\n<span style=\"color: #000000\">a) Ambiente y sustentabilidad: Cambio clim\u00e1tico, conservaci\u00f3n de la biodiversidad, gesti\u00f3n de recursos h\u00eddricos, energ\u00edas renovables y econom\u00eda circular;<\/span><br \/>\n<span style=\"color: #000000\">b) Alimentaci\u00f3n y agricultura: Seguridad alimentaria, agricultura sostenible, biotecnolog\u00eda agr\u00edcola, sistemas alimentarios resilientes y el combate al hambre;<\/span><br \/>\n<span style=\"color: #000000\">c) Energ\u00eda y miner\u00eda: Transici\u00f3n energ\u00e9tica, miner\u00eda sustentable, eficiencia energ\u00e9tica y desarrollo de tecnolog\u00edas limpias.<\/span><br \/>\n<span style=\"color: #000000\">d) Salud: Enfermedades tropicales desatendidas, medicina tropical, desarrollo de vacunas y medicamentos, sistemas de salud resilientes y medicina personalizada;<\/span><br \/>\n<span style=\"color: #000000\">e) Tecnolog\u00edas de la informaci\u00f3n: Inteligencia artificial, ciudades inteligentes, inclusi\u00f3n digital, ciberseguridad y transformaci\u00f3n digital;<\/span><br \/>\n<span style=\"color: #000000\">f) Ciencias humanas y sociales con \u00e9nfasis en estudios focalizados en la regi\u00f3n latinoamericana y caribe\u00f1a que aborden los procesos sociales, hist\u00f3ricos, educativos, culturales y pol\u00edticos que modelan la regi\u00f3n, con \u00e9nfasis en temas como desigualdades sociales, migraciones, din\u00e1micas ambientales y la producci\u00f3n de conocimiento.<\/span><\/p>\n<p><span style=\"color: #ff0000\"><strong><a style=\"color: #ff0000\" href=\"https:\/\/drive.google.com\/file\/d\/1TIS6Q87fXXpe4ttpgOSSJRqbVL2_3HN_\/view?usp=sharing\" target=\"_blank\" rel=\"noopener\">Ver m\u00e1s informaci\u00f3n haciendo clic aqu\u00ed <\/a><\/strong><\/span><\/p>\n<p><span style=\"color: #ff0000\"><a style=\"color: #ff0000\" href=\"https:\/\/drive.google.com\/file\/d\/1FflY6b2vQBtE12bSLW6llcDYxf1xMlsa\/view?usp=sharing\" target=\"_blank\" rel=\"noopener\"><strong>Ver llamado abierto haciendo clic aqu\u00ed<\/strong><\/a><\/span><\/p>\n","protected":false},"excerpt":{"rendered":"<p>El mi\u00e9rcoles 28 de enero, se present\u00f3 el Programa de Cooperaci\u00f3n Latinoamericana y Caribe\u00f1a de Ciencia y Tecnolog\u00eda \u2013 Pepe Mujica. La propuesta es una iniciativa del Consejo Nacional de Desarrollo Cient\u00edfico y Tecnol\u00f3gico (CNPq) del Ministerio de Ciencia, Tecnologia e Innovaci\u00f3n de Brasil, con la participaci\u00f3n de la Asociaci\u00f3n de Universidades del Grupo Montevideo [&hellip;]<\/p>\n","protected":false},"author":2,"featured_media":22817,"comment_status":"closed","ping_status":"closed","sticky":false,"template":"","format":"standard","meta":{"_et_pb_use_builder":"","_et_pb_old_content":"","_et_gb_content_width":"","footnotes":""},"categories":[4],"tags":[],"_links":{"self":[{"href":"https:\/\/face.unt.edu.ar\/web\/wp-json\/wp\/v2\/posts\/22816"}],"collection":[{"href":"https:\/\/face.unt.edu.ar\/web\/wp-json\/wp\/v2\/posts"}],"about":[{"href":"https:\/\/face.unt.edu.ar\/web\/wp-json\/wp\/v2\/types\/post"}],"author":[{"embeddable":true,"href":"https:\/\/face.unt.edu.ar\/web\/wp-json\/wp\/v2\/users\/2"}],"replies":[{"embeddable":true,"href":"https:\/\/face.unt.edu.ar\/web\/wp-json\/wp\/v2\/comments?post=22816"}],"version-history":[{"count":2,"href":"https:\/\/face.unt.edu.ar\/web\/wp-json\/wp\/v2\/posts\/22816\/revisions"}],"predecessor-version":[{"id":22822,"href":"https:\/\/face.unt.edu.ar\/web\/wp-json\/wp\/v2\/posts\/22816\/revisions\/22822"}],"wp:featuredmedia":[{"embeddable":true,"href":"https:\/\/face.unt.edu.ar\/web\/wp-json\/wp\/v2\/media\/22817"}],"wp:attachment":[{"href":"https:\/\/face.unt.edu.ar\/web\/wp-json\/wp\/v2\/media?parent=22816"}],"wp:term":[{"taxonomy":"category","embeddable":true,"href":"https:\/\/face.unt.edu.ar\/web\/wp-json\/wp\/v2\/categories?post=22816"},{"taxonomy":"post_tag","embeddable":true,"href":"https:\/\/face.unt.edu.ar\/web\/wp-json\/wp\/v2\/tags?post=22816"}],"curies":[{"name":"wp","href":"https:\/\/api.w.org\/{rel}","templated":true}]}}