{"id":22912,"date":"2026-03-11T14:16:48","date_gmt":"2026-03-11T14:16:48","guid":{"rendered":"https:\/\/face.unt.edu.ar\/web\/?p=22912"},"modified":"2026-03-11T16:28:22","modified_gmt":"2026-03-11T16:28:22","slug":"avanzamos-con-facultades-del-norte-argentino-en-el-doctorado-regional-en-ciencias-economicas","status":"publish","type":"post","link":"https:\/\/face.unt.edu.ar\/web\/blog\/avanzamos-con-facultades-del-norte-argentino-en-el-doctorado-regional-en-ciencias-economicas\/","title":{"rendered":"Encuentro de la REDFACE en nuestra Facultad para fortalecer el Doctorado Regional en Ciencias Econ\u00f3micas"},"content":{"rendered":"<p>Nuestra <strong>Facultad de Ciencias Econ\u00f3micas de la UNT<\/strong> recibi\u00f3 a los s<strong>ecretarios de posgrado<\/strong> y al <strong>Comit\u00e9 Acad\u00e9mico de la REDFACE<\/strong> (Red de Facultades de Ciencias Econ\u00f3micas del Norte Argentino) en el marco de la reuni\u00f3n anual de trabajo, destinada a dialogar y avanzar en el <strong>Doctorado Regional en Ciencias Econ\u00f3micas.<\/strong><\/p>\n<p>Durante el encuentro se abordaron los <strong>lineamientos acad\u00e9micos<\/strong>, la <strong>operativizaci\u00f3n administrativa del programa 2025<\/strong> y las acciones previstas para su <strong>relanzamiento en 2026<\/strong>, con el objetivo de consolidar una propuesta doctoral conjunta que fortalezca la formaci\u00f3n de alto nivel y la cooperaci\u00f3n entre las universidades de la regi\u00f3n.<\/p>\n<p>Fueron recibidos por el decano <strong>Mg. Jorge Rospide<\/strong> y cont\u00f3 con la presencia de la secretaria de Ciencia, T\u00e9cnica y Posgrado, <strong>Mg. Gabriela S\u00e1nchez<\/strong>; la codirectora del doctorado, <strong>Dra. Myriam De Marco<\/strong>, secretarios y miembro del comit\u00e9 acad\u00e9mico de las diversas facultades de Salta, Jujuy, Catamarca, La Rioja, Santiago del Estero y Tucum\u00e1n.<\/p>\n<p><a href=\"https:\/\/face.unt.edu.ar\/web\/wp-content\/uploads\/2026\/03\/WhatsApp-Image-2026-03-11-at-10.14.34-AM-copia.jpeg\"><img decoding=\"async\" loading=\"lazy\" class=\"alignnone size-medium wp-image-22916\" src=\"https:\/\/face.unt.edu.ar\/web\/wp-content\/uploads\/2026\/03\/WhatsApp-Image-2026-03-11-at-10.14.34-AM-copia-300x169.jpeg\" alt=\"\" width=\"300\" height=\"169\" \/><\/a> <a href=\"https:\/\/face.unt.edu.ar\/web\/wp-content\/uploads\/2026\/03\/WhatsApp-Image-2026-03-10-at-4.57.49-PM-copia.jpeg\"><img decoding=\"async\" loading=\"lazy\" class=\"alignnone size-medium wp-image-22917\" src=\"https:\/\/face.unt.edu.ar\/web\/wp-content\/uploads\/2026\/03\/WhatsApp-Image-2026-03-10-at-4.57.49-PM-copia-300x169.jpeg\" alt=\"\" width=\"300\" height=\"169\" \/><\/a> <a href=\"https:\/\/face.unt.edu.ar\/web\/wp-content\/uploads\/2026\/03\/WhatsApp-Image-2026-03-10-at-4.57.40-PM-copia.jpeg\"><img decoding=\"async\" loading=\"lazy\" class=\"alignnone size-medium wp-image-22918\" src=\"https:\/\/face.unt.edu.ar\/web\/wp-content\/uploads\/2026\/03\/WhatsApp-Image-2026-03-10-at-4.57.40-PM-copia-300x169.jpeg\" alt=\"\" width=\"300\" height=\"169\" \/><\/a> <a href=\"https:\/\/face.unt.edu.ar\/web\/wp-content\/uploads\/2026\/03\/WhatsApp-Image-2026-03-10-at-4.56.26-PM-copia.jpeg\"><img decoding=\"async\" loading=\"lazy\" class=\"alignnone size-medium wp-image-22919\" src=\"https:\/\/face.unt.edu.ar\/web\/wp-content\/uploads\/2026\/03\/WhatsApp-Image-2026-03-10-at-4.56.26-PM-copia-300x169.jpeg\" alt=\"\" width=\"300\" height=\"169\" \/><\/a><\/p>\n","protected":false},"excerpt":{"rendered":"<p>Nuestra Facultad de Ciencias Econ\u00f3micas de la UNT recibi\u00f3 a los secretarios de posgrado y al Comit\u00e9 Acad\u00e9mico de la REDFACE (Red de Facultades de Ciencias Econ\u00f3micas del Norte Argentino) en el marco de la reuni\u00f3n anual de trabajo, destinada a dialogar y avanzar en el Doctorado Regional en Ciencias Econ\u00f3micas. Durante el encuentro se [&hellip;]<\/p>\n","protected":false},"author":123457,"featured_media":22913,"comment_status":"closed","ping_status":"closed","sticky":false,"template":"","format":"standard","meta":{"_et_pb_use_builder":"","_et_pb_old_content":"","_et_gb_content_width":"","footnotes":""},"categories":[4],"tags":[],"_links":{"self":[{"href":"https:\/\/face.unt.edu.ar\/web\/wp-json\/wp\/v2\/posts\/22912"}],"collection":[{"href":"https:\/\/face.unt.edu.ar\/web\/wp-json\/wp\/v2\/posts"}],"about":[{"href":"https:\/\/face.unt.edu.ar\/web\/wp-json\/wp\/v2\/types\/post"}],"author":[{"embeddable":true,"href":"https:\/\/face.unt.edu.ar\/web\/wp-json\/wp\/v2\/users\/123457"}],"replies":[{"embeddable":true,"href":"https:\/\/face.unt.edu.ar\/web\/wp-json\/wp\/v2\/comments?post=22912"}],"version-history":[{"count":4,"href":"https:\/\/face.unt.edu.ar\/web\/wp-json\/wp\/v2\/posts\/22912\/revisions"}],"predecessor-version":[{"id":22922,"href":"https:\/\/face.unt.edu.ar\/web\/wp-json\/wp\/v2\/posts\/22912\/revisions\/22922"}],"wp:featuredmedia":[{"embeddable":true,"href":"https:\/\/face.unt.edu.ar\/web\/wp-json\/wp\/v2\/media\/22913"}],"wp:attachment":[{"href":"https:\/\/face.unt.edu.ar\/web\/wp-json\/wp\/v2\/media?parent=22912"}],"wp:term":[{"taxonomy":"category","embeddable":true,"href":"https:\/\/face.unt.edu.ar\/web\/wp-json\/wp\/v2\/categories?post=22912"},{"taxonomy":"post_tag","embeddable":true,"href":"https:\/\/face.unt.edu.ar\/web\/wp-json\/wp\/v2\/tags?post=22912"}],"curies":[{"name":"wp","href":"https:\/\/api.w.org\/{rel}","templated":true}]}}