{"id":22923,"date":"2026-03-11T20:07:42","date_gmt":"2026-03-11T20:07:42","guid":{"rendered":"https:\/\/face.unt.edu.ar\/web\/?p=22923"},"modified":"2026-03-11T20:08:09","modified_gmt":"2026-03-11T20:08:09","slug":"ciencias-economicas-crece-con-la-apertura-de-una-nueva-extension-aulica-en-bella-vista","status":"publish","type":"post","link":"https:\/\/face.unt.edu.ar\/web\/blog\/ciencias-economicas-crece-con-la-apertura-de-una-nueva-extension-aulica-en-bella-vista\/","title":{"rendered":"Ciencias Econ\u00f3micas crece con la apertura de una nueva extensi\u00f3n \u00e1ulica en Bella Vista"},"content":{"rendered":"<p style=\"font-weight: 400\">Este mi\u00e9rcoles se llev\u00f3 a cabo la\u00a0<strong>firma de un convenio espec\u00edfico<\/strong>\u00a0entre la\u00a0<strong>Universidad Nacional de Tucum\u00e1n<\/strong>\u00a0(UNT) y la\u00a0<strong>Municipalidad de Bella Vista<\/strong>\u00a0que posibilita la apertura de una\u00a0<strong>nueva extensi\u00f3n \u00e1ulica<\/strong>\u00a0de nuestra\u00a0<strong>Facultad de Ciencias Econ\u00f3micas<\/strong>\u00a0en esa ciudad. A partir de ello, desde abril de 2026, los j\u00f3venes de Bella Vista podr\u00e1n cursar el primer a\u00f1o de la\u00a0<strong>carrera de Contador P\u00fablico\u00a0<\/strong>sin necesidad de trasladarse a San Miguel de Tucum\u00e1n.<\/p>\n<p style=\"font-weight: 400\">El acto tuvo lugar en la sala de sesiones del Honorable Consejo Superior de la Universidad y cont\u00f3 con la presencia del rector,\u00a0<strong>Ing.\u00a0Sergio Pagani<\/strong>; la vicerrectora,\u00a0<strong>Dra.\u00a0Mercedes Leal<\/strong>; el decano de la Facultad de Ciencias Econ\u00f3micas,\u00a0<strong>Mg.\u00a0Jorge Rospide<\/strong>; el vicedecano,\u00a0<strong>Esp.\u00a0Gustavo Sota<\/strong>\u00a0y la intendenta,\u00a0<strong>Dra.\u00a0Paula Quiles<\/strong>, entre otros funcionarios universitarios y municipales.<\/p>\n<p style=\"font-weight: 400\">En ese marco, el rector destac\u00f3 que el acuerdo representa un paso importante para fortalecer el acceso a la educaci\u00f3n universitaria fuera de la capital: \u201cEs un d\u00eda de mucha alegr\u00eda. Hablar de educaci\u00f3n y firmar este convenio nos llena de esperanza\u201d, expres\u00f3 Pagani. Y subray\u00f3 que el proyecto es resultado del trabajo conjunto entre la universidad, los municipios y el gobierno provincial.<\/p>\n<p style=\"font-weight: 400\">Por su parte, el decano de nuestra Facultad celebr\u00f3 la posibilidad de ampliar la presencia de esta Casa de Estudios en el interior provincial: \u201cEstamos muy contentos. Llevaremos una extensi\u00f3n \u00e1ulica al Centro Universitario Ra\u00fal Alfons\u00edn de Bella Vista para que los estudiantes de la zona puedan cursar la carrera de Contador P\u00fablico\u201d, afirm\u00f3. Adem\u00e1s, explic\u00f3 que la modalidad replicar\u00e1 exactamente la propuesta acad\u00e9mica que se dicta en la sede central: \u201cAbrimos una comisi\u00f3n con la misma calidad acad\u00e9mica. Los docentes se trasladan para dictar clases y tomar ex\u00e1menes en iguales condiciones que en la facultad\u201d, detall\u00f3.<\/p>\n<p style=\"font-weight: 400\">Desde el municipio, la intendenta de Bella Vista destac\u00f3 el impacto que tendr\u00e1 la llegada de la carrera para la comunidad: \u201cConcretamos un convenio que venimos gestionando con la UNT y la Facultad de Ciencias Econ\u00f3micas. Desde ahora se podr\u00e1 cursar el primer a\u00f1o de Contador P\u00fablico en el Centro Universitario Ra\u00fal Alfons\u00edn\u201d, se\u00f1al\u00f3.<\/p>\n<p style=\"font-weight: 400\">El convenio establece que la carrera se implementar\u00e1 inicialmente con una cohorte de primer a\u00f1o, con la intenci\u00f3n de acompa\u00f1ar su continuidad en la misma sede a medida que los estudiantes avancen en el plan de estudios.<\/p>\n<p>&nbsp;<\/p>\n<p><a href=\"https:\/\/face.unt.edu.ar\/web\/wp-content\/uploads\/2026\/03\/IMG-20260311-WA0066.jpg\"><img decoding=\"async\" loading=\"lazy\" class=\"alignnone wp-image-22925 \" src=\"https:\/\/face.unt.edu.ar\/web\/wp-content\/uploads\/2026\/03\/IMG-20260311-WA0066.jpg\" alt=\"\" width=\"578\" height=\"385\" \/><\/a><\/p>\n<p><a href=\"https:\/\/face.unt.edu.ar\/web\/wp-content\/uploads\/2026\/03\/IMG-20260311-WA0070.jpg\"><img decoding=\"async\" loading=\"lazy\" class=\"alignnone wp-image-22926 \" src=\"https:\/\/face.unt.edu.ar\/web\/wp-content\/uploads\/2026\/03\/IMG-20260311-WA0070.jpg\" alt=\"\" width=\"576\" height=\"384\" \/><\/a><\/p>\n","protected":false},"excerpt":{"rendered":"<p>Este mi\u00e9rcoles se llev\u00f3 a cabo la\u00a0firma de un convenio espec\u00edfico\u00a0entre la\u00a0Universidad Nacional de Tucum\u00e1n\u00a0(UNT) y la\u00a0Municipalidad de Bella Vista\u00a0que posibilita la apertura de una\u00a0nueva extensi\u00f3n \u00e1ulica\u00a0de nuestra\u00a0Facultad de Ciencias Econ\u00f3micas\u00a0en esa ciudad. A partir de ello, desde abril de 2026, los j\u00f3venes de Bella Vista podr\u00e1n cursar el primer a\u00f1o de la\u00a0carrera de Contador [&hellip;]<\/p>\n","protected":false},"author":2,"featured_media":22924,"comment_status":"closed","ping_status":"closed","sticky":false,"template":"","format":"standard","meta":{"_et_pb_use_builder":"","_et_pb_old_content":"","_et_gb_content_width":"","footnotes":""},"categories":[4],"tags":[],"_links":{"self":[{"href":"https:\/\/face.unt.edu.ar\/web\/wp-json\/wp\/v2\/posts\/22923"}],"collection":[{"href":"https:\/\/face.unt.edu.ar\/web\/wp-json\/wp\/v2\/posts"}],"about":[{"href":"https:\/\/face.unt.edu.ar\/web\/wp-json\/wp\/v2\/types\/post"}],"author":[{"embeddable":true,"href":"https:\/\/face.unt.edu.ar\/web\/wp-json\/wp\/v2\/users\/2"}],"replies":[{"embeddable":true,"href":"https:\/\/face.unt.edu.ar\/web\/wp-json\/wp\/v2\/comments?post=22923"}],"version-history":[{"count":2,"href":"https:\/\/face.unt.edu.ar\/web\/wp-json\/wp\/v2\/posts\/22923\/revisions"}],"predecessor-version":[{"id":22928,"href":"https:\/\/face.unt.edu.ar\/web\/wp-json\/wp\/v2\/posts\/22923\/revisions\/22928"}],"wp:featuredmedia":[{"embeddable":true,"href":"https:\/\/face.unt.edu.ar\/web\/wp-json\/wp\/v2\/media\/22924"}],"wp:attachment":[{"href":"https:\/\/face.unt.edu.ar\/web\/wp-json\/wp\/v2\/media?parent=22923"}],"wp:term":[{"taxonomy":"category","embeddable":true,"href":"https:\/\/face.unt.edu.ar\/web\/wp-json\/wp\/v2\/categories?post=22923"},{"taxonomy":"post_tag","embeddable":true,"href":"https:\/\/face.unt.edu.ar\/web\/wp-json\/wp\/v2\/tags?post=22923"}],"curies":[{"name":"wp","href":"https:\/\/api.w.org\/{rel}","templated":true}]}}