{"id":22931,"date":"2026-03-12T14:15:24","date_gmt":"2026-03-12T14:15:24","guid":{"rendered":"https:\/\/face.unt.edu.ar\/web\/?p=22931"},"modified":"2026-03-12T14:15:24","modified_gmt":"2026-03-12T14:15:24","slug":"se-realizara-el-curso-de-posgrado-analisis-critico-del-regimen-de-inocencia-fiscal","status":"publish","type":"post","link":"https:\/\/face.unt.edu.ar\/web\/blog\/se-realizara-el-curso-de-posgrado-analisis-critico-del-regimen-de-inocencia-fiscal\/","title":{"rendered":"Se realizar\u00e1 el curso de posgrado \u00abAn\u00e1lisis Cr\u00edtico del R\u00e9gimen de Inocencia Fiscal\u00bb"},"content":{"rendered":"<p>El mi\u00e9rcoles <strong>18 de marzo<\/strong> se realizar\u00e1 en nuestra <strong>Facultad de Ciencias Econ\u00f3micas de la UNT<\/strong> el curso de posgrado <strong>\u201cAn\u00e1lisis Cr\u00edtico del R\u00e9gimen de Inocencia Fiscal\u201d<\/strong>, a cargo del <strong>Dr. Leandro Stok<\/strong>. Contar\u00e1 adem\u00e1s, con la presencia del director de la Especializaci\u00f3n en Tributaci\u00f3n, <strong>Esp. Luis Forns.<\/strong><\/p>\n<p>El curso se desarrollar\u00e1 bajo <strong>modalidad presencial<\/strong>, a las 18:00 horas en el aula 19 de nuestra casa de estudios.<\/p>\n<p>La actividad est\u00e1 dirigida a <strong>contadores<\/strong>, <strong>abogados<\/strong> y<strong> p\u00fablico en general<\/strong> interesado en la tem\u00e1tica, y abordar\u00e1 c\u00f3mo deben actuar e interactuar los profesionales con sus clientes frente a esta nueva normativa.<\/p>\n<p>Actividad <strong>no arancelada.<\/strong><\/p>\n<p><strong>Informes<\/strong>:<br \/>\n0381-154954428 (WhatsApp)<br \/>\nposgrado.tributaci\u00f3n@face.unt.edu.ar<\/p>\n","protected":false},"excerpt":{"rendered":"<p>El mi\u00e9rcoles 18 de marzo se realizar\u00e1 en nuestra Facultad de Ciencias Econ\u00f3micas de la UNT el curso de posgrado \u201cAn\u00e1lisis Cr\u00edtico del R\u00e9gimen de Inocencia Fiscal\u201d, a cargo del Dr. Leandro Stok. Contar\u00e1 adem\u00e1s, con la presencia del director de la Especializaci\u00f3n en Tributaci\u00f3n, Esp. Luis Forns. El curso se desarrollar\u00e1 bajo modalidad presencial, [&hellip;]<\/p>\n","protected":false},"author":123457,"featured_media":22932,"comment_status":"closed","ping_status":"closed","sticky":false,"template":"","format":"standard","meta":{"_et_pb_use_builder":"","_et_pb_old_content":"","_et_gb_content_width":"","footnotes":""},"categories":[1241,4],"tags":[],"_links":{"self":[{"href":"https:\/\/face.unt.edu.ar\/web\/wp-json\/wp\/v2\/posts\/22931"}],"collection":[{"href":"https:\/\/face.unt.edu.ar\/web\/wp-json\/wp\/v2\/posts"}],"about":[{"href":"https:\/\/face.unt.edu.ar\/web\/wp-json\/wp\/v2\/types\/post"}],"author":[{"embeddable":true,"href":"https:\/\/face.unt.edu.ar\/web\/wp-json\/wp\/v2\/users\/123457"}],"replies":[{"embeddable":true,"href":"https:\/\/face.unt.edu.ar\/web\/wp-json\/wp\/v2\/comments?post=22931"}],"version-history":[{"count":2,"href":"https:\/\/face.unt.edu.ar\/web\/wp-json\/wp\/v2\/posts\/22931\/revisions"}],"predecessor-version":[{"id":22934,"href":"https:\/\/face.unt.edu.ar\/web\/wp-json\/wp\/v2\/posts\/22931\/revisions\/22934"}],"wp:featuredmedia":[{"embeddable":true,"href":"https:\/\/face.unt.edu.ar\/web\/wp-json\/wp\/v2\/media\/22932"}],"wp:attachment":[{"href":"https:\/\/face.unt.edu.ar\/web\/wp-json\/wp\/v2\/media?parent=22931"}],"wp:term":[{"taxonomy":"category","embeddable":true,"href":"https:\/\/face.unt.edu.ar\/web\/wp-json\/wp\/v2\/categories?post=22931"},{"taxonomy":"post_tag","embeddable":true,"href":"https:\/\/face.unt.edu.ar\/web\/wp-json\/wp\/v2\/tags?post=22931"}],"curies":[{"name":"wp","href":"https:\/\/api.w.org\/{rel}","templated":true}]}}