{"id":22935,"date":"2026-03-12T14:40:50","date_gmt":"2026-03-12T14:40:50","guid":{"rendered":"https:\/\/face.unt.edu.ar\/web\/?p=22935"},"modified":"2026-03-12T14:52:35","modified_gmt":"2026-03-12T14:52:35","slug":"la-excelencia-academica-tambien-se-impulsa-con-espacios-adecuados-para-aprender-y-crecer","status":"publish","type":"post","link":"https:\/\/face.unt.edu.ar\/web\/blog\/la-excelencia-academica-tambien-se-impulsa-con-espacios-adecuados-para-aprender-y-crecer\/","title":{"rendered":"La excelencia acad\u00e9mica tambi\u00e9n se impulsa con espacios adecuados para aprender y crecer"},"content":{"rendered":"<div><\/div>\n<div>De cara al inicio del nuevo ciclo lectivo, nuestra <strong>Facultad de Ciencias Econ\u00f3micas<\/strong> se encuentra preparada para recibir a los estudiantes. Para ello, llevamos adelante un intenso trabajo de acondicionamiento y puesta en valor de las aulas y espacios comunes.<\/div>\n<div><\/div>\n<div>Se realizaron tareas de pintura, limpieza profunda, encerado de pisos, lustrado de puertas y mantenimiento integral de los jardines y del edificio, con el objetivo de garantizar ambientes m\u00e1s cuidados y apropiados para el estudio.<\/div>\n<div><\/div>\n<div>As\u00ed, aguardamos el inicio de un nuevo a\u00f1o acad\u00e9mico colmado de desaf\u00edos y oportunidades, con la convicci\u00f3n de avanzar hacia una Facultad mejor.<\/div>\n<div><\/div>\n<div><\/div>\n<div><a href=\"https:\/\/face.unt.edu.ar\/web\/wp-content\/uploads\/2026\/03\/650345657_1546093970854345_5266788146004441856_n.jpg\"><img decoding=\"async\" loading=\"lazy\" class=\"alignnone wp-image-22941 \" src=\"https:\/\/face.unt.edu.ar\/web\/wp-content\/uploads\/2026\/03\/650345657_1546093970854345_5266788146004441856_n.jpg\" alt=\"\" width=\"329\" height=\"185\" \/><\/a> <a href=\"https:\/\/face.unt.edu.ar\/web\/wp-content\/uploads\/2026\/03\/649819377_1546094990854243_1396950358803338608_n.jpg\"><img decoding=\"async\" loading=\"lazy\" class=\"alignnone wp-image-22939 \" src=\"https:\/\/face.unt.edu.ar\/web\/wp-content\/uploads\/2026\/03\/649819377_1546094990854243_1396950358803338608_n.jpg\" alt=\"\" width=\"353\" height=\"185\" \/><\/a> \u00a0<a href=\"https:\/\/face.unt.edu.ar\/web\/wp-content\/uploads\/2026\/03\/648834834_1546094060854336_6812597191073789599_n.jpg\"><img decoding=\"async\" loading=\"lazy\" class=\"alignnone wp-image-22937 \" src=\"https:\/\/face.unt.edu.ar\/web\/wp-content\/uploads\/2026\/03\/648834834_1546094060854336_6812597191073789599_n.jpg\" alt=\"\" width=\"330\" height=\"186\" \/><\/a><a href=\"https:\/\/face.unt.edu.ar\/web\/wp-content\/uploads\/2026\/03\/650059864_1546094717520937_597642446307510227_n.jpg\"> <img decoding=\"async\" loading=\"lazy\" class=\"alignnone wp-image-22940 \" src=\"https:\/\/face.unt.edu.ar\/web\/wp-content\/uploads\/2026\/03\/650059864_1546094717520937_597642446307510227_n.jpg\" alt=\"\" width=\"352\" height=\"184\" \/><\/a><\/div>\n<div><\/div>\n<div>\u00a0<a href=\"https:\/\/face.unt.edu.ar\/web\/wp-content\/uploads\/2026\/03\/650997175_1546100237520385_6039307232208362548_n.jpg\">\u00a0 \u00a0 \u00a0 <img decoding=\"async\" loading=\"lazy\" class=\"alignnone wp-image-22943 \" src=\"https:\/\/face.unt.edu.ar\/web\/wp-content\/uploads\/2026\/03\/650997175_1546100237520385_6039307232208362548_n.jpg\" alt=\"\" width=\"308\" height=\"410\" \/><\/a> <a href=\"https:\/\/face.unt.edu.ar\/web\/wp-content\/uploads\/2026\/03\/650088275_1546100234187052_7641384930288547894_n.jpg\"><img decoding=\"async\" loading=\"lazy\" class=\"alignnone wp-image-22942\" src=\"https:\/\/face.unt.edu.ar\/web\/wp-content\/uploads\/2026\/03\/650088275_1546100234187052_7641384930288547894_n-225x300.jpg\" alt=\"\" width=\"308\" height=\"411\" \/><\/a><\/div>\n<div><\/div>\n","protected":false},"excerpt":{"rendered":"<p>De cara al inicio del nuevo ciclo lectivo, nuestra Facultad de Ciencias Econ\u00f3micas se encuentra preparada para recibir a los estudiantes. Para ello, llevamos adelante un intenso trabajo de acondicionamiento y puesta en valor de las aulas y espacios comunes. Se realizaron tareas de pintura, limpieza profunda, encerado de pisos, lustrado de puertas y mantenimiento [&hellip;]<\/p>\n","protected":false},"author":2,"featured_media":22936,"comment_status":"closed","ping_status":"closed","sticky":false,"template":"","format":"standard","meta":{"_et_pb_use_builder":"","_et_pb_old_content":"","_et_gb_content_width":"","footnotes":""},"categories":[4],"tags":[],"_links":{"self":[{"href":"https:\/\/face.unt.edu.ar\/web\/wp-json\/wp\/v2\/posts\/22935"}],"collection":[{"href":"https:\/\/face.unt.edu.ar\/web\/wp-json\/wp\/v2\/posts"}],"about":[{"href":"https:\/\/face.unt.edu.ar\/web\/wp-json\/wp\/v2\/types\/post"}],"author":[{"embeddable":true,"href":"https:\/\/face.unt.edu.ar\/web\/wp-json\/wp\/v2\/users\/2"}],"replies":[{"embeddable":true,"href":"https:\/\/face.unt.edu.ar\/web\/wp-json\/wp\/v2\/comments?post=22935"}],"version-history":[{"count":6,"href":"https:\/\/face.unt.edu.ar\/web\/wp-json\/wp\/v2\/posts\/22935\/revisions"}],"predecessor-version":[{"id":22949,"href":"https:\/\/face.unt.edu.ar\/web\/wp-json\/wp\/v2\/posts\/22935\/revisions\/22949"}],"wp:featuredmedia":[{"embeddable":true,"href":"https:\/\/face.unt.edu.ar\/web\/wp-json\/wp\/v2\/media\/22936"}],"wp:attachment":[{"href":"https:\/\/face.unt.edu.ar\/web\/wp-json\/wp\/v2\/media?parent=22935"}],"wp:term":[{"taxonomy":"category","embeddable":true,"href":"https:\/\/face.unt.edu.ar\/web\/wp-json\/wp\/v2\/categories?post=22935"},{"taxonomy":"post_tag","embeddable":true,"href":"https:\/\/face.unt.edu.ar\/web\/wp-json\/wp\/v2\/tags?post=22935"}],"curies":[{"name":"wp","href":"https:\/\/api.w.org\/{rel}","templated":true}]}}