{"id":23023,"date":"2026-04-01T20:40:15","date_gmt":"2026-04-01T20:40:15","guid":{"rendered":"https:\/\/face.unt.edu.ar\/web\/?p=23023"},"modified":"2026-04-01T20:40:15","modified_gmt":"2026-04-01T20:40:15","slug":"en-el-salon-blanco-firmamos-el-convenio-para-abrir-nuevas-extensiones-aulicas","status":"publish","type":"post","link":"https:\/\/face.unt.edu.ar\/web\/blog\/en-el-salon-blanco-firmamos-el-convenio-para-abrir-nuevas-extensiones-aulicas\/","title":{"rendered":"En el Sal\u00f3n Blanco firmamos el convenio para abrir nuevas extensiones \u00e1ulicas"},"content":{"rendered":"<p>El <strong>Gobierno de la Provincia<\/strong> y la <strong>Universidad Nacional de Tucum\u00e1n<\/strong> firmaron con distintos <strong>municipios<\/strong> el convenio orientado a fortalecer la educaci\u00f3n superior, a fin de promover el acceso equitativo a la formaci\u00f3n universitaria profesional en el territorio provincial, a partir del cual nuestra <strong>Facultad de Ciencias Econ\u00f3micas abrir\u00e1 nuevas extensiones \u00e1ulicas<\/strong>.<\/p>\n<p>En un acto realizado en el <strong>Sal\u00f3n Blanco<\/strong> de <strong>Casa de Gobierno<\/strong>, se rubric\u00f3 el acuerdo que posibilita el dictado por primera vez, del primer a\u00f1o de las carreras de <strong>Contador P\u00fablico<\/strong> y <strong>Licenciatura en Administraci\u00f3n<\/strong> en los municipios de <strong>Banda del R\u00edo Sal\u00ed<\/strong>, <strong>Bella Vista<\/strong> y <strong>San Isidro de Lules<\/strong>. Adem\u00e1s, se dictar\u00e1 el segundo a\u00f1o de estas carreras en <strong>Aguilares<\/strong>.<\/p>\n<p>Llevaron a cabo la firma de convenios el gobernador <strong>Cr. Osvaldo Jaldo<\/strong>, el rector de la Universidad, <strong>Ing. Sergio Pagani<\/strong> y el decano de nuestra unidad acad\u00e9mica, Mg. <strong>Jorge Rospide<\/strong>. Adem\u00e1s, estuvieron presentes el vicedecano, <strong>Esp. Gustavo Sota<\/strong>; los secretarios del gabinete; y otros funcionarios universitarios y provinciales.<\/p>\n<p>El gobernador destac\u00f3 el impacto social de esta iniciativa. En ese sentido, expres\u00f3: \u201cMucha gente joven y tambi\u00e9n personas que peinan canas tuvieron el sue\u00f1o de cursar una carrera universitaria. En otra oportunidad ve\u00edamos la universidad lejana, tanto por la distancia como por las posibilidades econ\u00f3micas.\u00a0Hoy la universidad llega a la casa de cada estudiante, a su ciudad y al lugar donde viven con sus familias.\u00a0Aprovechemos esta oportunidad: lo \u00fanico que tienen que hacer es estudiar y recibirse, porque eso permitir\u00e1 un trabajo de calidad y mejores ingresos para sostener a sus familias. Aqu\u00ed estamos cambiando la vida de muchos j\u00f3venes que tendr\u00e1n la posibilidad de obtener un t\u00edtulo universitario\u201d.<\/p>\n<p>Por su parte, el decano destac\u00f3: \u201cEs una continuaci\u00f3n de las pol\u00edticas de extensiones \u00e1ulicas que venimos desarrollando desde la Universidad y desde la Facultad, a partir del a\u00f1o pasado\u2026 Las extensiones \u00e1ulicas son una pol\u00edtica que acerca a la Universidad, a la comunidad, elimina muchas de las barreras que tienen los alumnos para participar en la educaci\u00f3n superior. Nosotros acercamos nuestra propuesta de calidad. Nuestros docentes de la sede central viajan a las municipalidades. Llevamos nuestros programas, nuestros planes de estudio que est\u00e1n acreditados, es decir, llevamos todos nuestros programas de calidad a esa zona para que puedan acceder.<\/p>\n<p><a href=\"https:\/\/face.unt.edu.ar\/web\/wp-content\/uploads\/2026\/04\/662678525_1564597419004000_3447297720952220431_n.jpg\"><img decoding=\"async\" loading=\"lazy\" class=\"alignnone wp-image-23025 \" src=\"https:\/\/face.unt.edu.ar\/web\/wp-content\/uploads\/2026\/04\/662678525_1564597419004000_3447297720952220431_n.jpg\" alt=\"\" width=\"567\" height=\"425\" \/><\/a> <a href=\"https:\/\/face.unt.edu.ar\/web\/wp-content\/uploads\/2026\/04\/659941406_1564597429003999_7085796289737843093_n.jpg\"><img decoding=\"async\" loading=\"lazy\" class=\"alignnone wp-image-23026 \" src=\"https:\/\/face.unt.edu.ar\/web\/wp-content\/uploads\/2026\/04\/659941406_1564597429003999_7085796289737843093_n.jpg\" alt=\"\" width=\"564\" height=\"423\" \/><\/a> <a href=\"https:\/\/face.unt.edu.ar\/web\/wp-content\/uploads\/2026\/04\/662275566_1564596699004072_1052627639742410845_n.jpg\"><img decoding=\"async\" loading=\"lazy\" class=\"alignnone wp-image-23027 \" src=\"https:\/\/face.unt.edu.ar\/web\/wp-content\/uploads\/2026\/04\/662275566_1564596699004072_1052627639742410845_n.jpg\" alt=\"\" width=\"566\" height=\"377\" \/><\/a> <a href=\"https:\/\/face.unt.edu.ar\/web\/wp-content\/uploads\/2026\/04\/662294576_1564597272337348_736112922545336318_n.jpg\"><img decoding=\"async\" loading=\"lazy\" class=\"alignnone wp-image-23028 \" src=\"https:\/\/face.unt.edu.ar\/web\/wp-content\/uploads\/2026\/04\/662294576_1564597272337348_736112922545336318_n.jpg\" alt=\"\" width=\"505\" height=\"379\" \/><\/a> <a href=\"https:\/\/face.unt.edu.ar\/web\/wp-content\/uploads\/2026\/04\/662704248_1564596742337401_7348405675643904152_n.jpg\"><img decoding=\"async\" loading=\"lazy\" class=\"alignnone wp-image-23029 \" src=\"https:\/\/face.unt.edu.ar\/web\/wp-content\/uploads\/2026\/04\/662704248_1564596742337401_7348405675643904152_n.jpg\" alt=\"\" width=\"547\" height=\"413\" srcset=\"https:\/\/face.unt.edu.ar\/web\/wp-content\/uploads\/2026\/04\/662704248_1564596742337401_7348405675643904152_n.jpg 547w, https:\/\/face.unt.edu.ar\/web\/wp-content\/uploads\/2026\/04\/662704248_1564596742337401_7348405675643904152_n-480x362.jpg 480w\" sizes=\"(min-width: 0px) and (max-width: 480px) 480px, (min-width: 481px) 547px, 100vw\" \/><\/a> <a href=\"https:\/\/face.unt.edu.ar\/web\/wp-content\/uploads\/2026\/04\/662971571_1564597275670681_2087592464865113102_n.jpg\"><img decoding=\"async\" loading=\"lazy\" class=\"alignnone wp-image-23030 \" src=\"https:\/\/face.unt.edu.ar\/web\/wp-content\/uploads\/2026\/04\/662971571_1564597275670681_2087592464865113102_n.jpg\" alt=\"\" width=\"549\" height=\"412\" \/><\/a> <a href=\"https:\/\/face.unt.edu.ar\/web\/wp-content\/uploads\/2026\/04\/663244480_1564597269004015_2655966172511707869_n.jpg\"><img decoding=\"async\" loading=\"lazy\" class=\"alignnone wp-image-23031 \" src=\"https:\/\/face.unt.edu.ar\/web\/wp-content\/uploads\/2026\/04\/663244480_1564597269004015_2655966172511707869_n.jpg\" alt=\"\" width=\"551\" height=\"413\" \/><\/a> <a href=\"https:\/\/face.unt.edu.ar\/web\/wp-content\/uploads\/2026\/04\/658339166_1564596602337415_1946460555599862947_n.jpg\"><img decoding=\"async\" loading=\"lazy\" class=\"alignnone wp-image-23032 \" src=\"https:\/\/face.unt.edu.ar\/web\/wp-content\/uploads\/2026\/04\/658339166_1564596602337415_1946460555599862947_n.jpg\" alt=\"\" width=\"617\" height=\"411\" \/><\/a><\/p>\n","protected":false},"excerpt":{"rendered":"<p>El Gobierno de la Provincia y la Universidad Nacional de Tucum\u00e1n firmaron con distintos municipios el convenio orientado a fortalecer la educaci\u00f3n superior, a fin de promover el acceso equitativo a la formaci\u00f3n universitaria profesional en el territorio provincial, a partir del cual nuestra Facultad de Ciencias Econ\u00f3micas abrir\u00e1 nuevas extensiones \u00e1ulicas. En un acto [&hellip;]<\/p>\n","protected":false},"author":2,"featured_media":23024,"comment_status":"closed","ping_status":"closed","sticky":false,"template":"","format":"standard","meta":{"_et_pb_use_builder":"","_et_pb_old_content":"","_et_gb_content_width":"","footnotes":""},"categories":[4],"tags":[],"_links":{"self":[{"href":"https:\/\/face.unt.edu.ar\/web\/wp-json\/wp\/v2\/posts\/23023"}],"collection":[{"href":"https:\/\/face.unt.edu.ar\/web\/wp-json\/wp\/v2\/posts"}],"about":[{"href":"https:\/\/face.unt.edu.ar\/web\/wp-json\/wp\/v2\/types\/post"}],"author":[{"embeddable":true,"href":"https:\/\/face.unt.edu.ar\/web\/wp-json\/wp\/v2\/users\/2"}],"replies":[{"embeddable":true,"href":"https:\/\/face.unt.edu.ar\/web\/wp-json\/wp\/v2\/comments?post=23023"}],"version-history":[{"count":1,"href":"https:\/\/face.unt.edu.ar\/web\/wp-json\/wp\/v2\/posts\/23023\/revisions"}],"predecessor-version":[{"id":23033,"href":"https:\/\/face.unt.edu.ar\/web\/wp-json\/wp\/v2\/posts\/23023\/revisions\/23033"}],"wp:featuredmedia":[{"embeddable":true,"href":"https:\/\/face.unt.edu.ar\/web\/wp-json\/wp\/v2\/media\/23024"}],"wp:attachment":[{"href":"https:\/\/face.unt.edu.ar\/web\/wp-json\/wp\/v2\/media?parent=23023"}],"wp:term":[{"taxonomy":"category","embeddable":true,"href":"https:\/\/face.unt.edu.ar\/web\/wp-json\/wp\/v2\/categories?post=23023"},{"taxonomy":"post_tag","embeddable":true,"href":"https:\/\/face.unt.edu.ar\/web\/wp-json\/wp\/v2\/tags?post=23023"}],"curies":[{"name":"wp","href":"https:\/\/api.w.org\/{rel}","templated":true}]}}