{"id":23034,"date":"2026-04-06T13:01:10","date_gmt":"2026-04-06T13:01:10","guid":{"rendered":"https:\/\/face.unt.edu.ar\/web\/?p=23034"},"modified":"2026-04-10T13:41:28","modified_gmt":"2026-04-10T13:41:28","slug":"se-realizara-el-taller-operatoria-aduanera-de-la-teoria-a-la-practica","status":"publish","type":"post","link":"https:\/\/face.unt.edu.ar\/web\/blog\/se-realizara-el-taller-operatoria-aduanera-de-la-teoria-a-la-practica\/","title":{"rendered":"Se realizar\u00e1 el Taller \u201cOperatoria Aduanera: De la Teor\u00eda a la Pr\u00e1ctica\u201d"},"content":{"rendered":"<p>Los d\u00edas<strong> viernes 10 y s\u00e1bado 11 de abril de 2026<\/strong> se llevar\u00e1 a cabo en nuestra <strong>Facultad de Ciencias Econ\u00f3micas de la UNT,<\/strong> el Taller de la <strong>Especializaci\u00f3n en Comercio Internacional \u201cOperatoria Aduanera: De la Teor\u00eda a la Pr\u00e1ctica\u201d,<\/strong> a cargo del <strong>Mg. Gustavo Fadda.<\/strong><\/p>\n<p>La actividad se realizar\u00e1 con <strong>modalidad virtual<\/strong>, en los siguientes horarios:<br \/>\nViernes 10 de abril de 17:00 a 20:00 horas.<br \/>\nS\u00e1bado 11 de abril de 9:00 a 12:00 horas.<\/p>\n<p>El taller se ha estructurado bajo un enfoque de \u00abSimulaci\u00f3n Profesional\u00bb. Se tratar\u00e1n con detalle casos pr\u00e1cticos espec\u00edficos de importaci\u00f3n y exportaci\u00f3n, integrando los cambios normativos y de desregulaci\u00f3n vigentes a abril de 2026. Con ejercicios integrales, basados en el libro \u00abOperatoria Aduanera de la A a la Z\u00bb, de autor\u00eda de Gustavo Fadda, el contenido se aleja de la teor\u00eda convencional para centrarse en la ingenier\u00eda aduanera, log\u00edstica y financiera.<\/p>\n<p>Los alumnos trabajar\u00e1n sobre casos inspirados en la realidad de las empresas del NOA, resolviendo desde la eliminaci\u00f3n de barreras paraarancelarias (reconocimiento de certificaciones internacionales) hasta el uso de cr\u00e9dito externo para el pago de bienes<\/p>\n<p>Si est\u00e1s interesado en iniciar la Especializaci\u00f3n en Comercio Internacional en 2027, consult\u00e1 por los beneficios en matr\u00edcula al inscribirte en este taller.<\/p>\n<p>Se requiere inscripci\u00f3n\/pago en el siguiente link:<br \/>\n<strong><a href=\"https:\/\/docs.google.com\/forms\/d\/e\/1FAIpQLSdbtae454b4NmkA-sj32Q2m7zKa-3QVvfsHIo5eeVqr9j-eJQ\/viewform\" target=\"_blank\" rel=\"noopener\">https:\/\/docs.google.com\/forms\/d\/e\/1FAIpQLSdbtae454b4NmkA-sj32Q2m7zKa-3QVvfsHIo5eeVqr9j-eJQ\/viewform<\/a><\/strong><\/p>\n<p>Informes: <strong>eci@face.unt.edu.ar<\/strong><\/p>\n<p><a href=\"https:\/\/face.unt.edu.ar\/web\/wp-content\/uploads\/2026\/04\/WhatsApp-Image-2026-04-01-at-7.05.47-PM.jpeg\"><img decoding=\"async\" loading=\"lazy\" class=\"alignnone wp-image-23037\" src=\"https:\/\/face.unt.edu.ar\/web\/wp-content\/uploads\/2026\/04\/WhatsApp-Image-2026-04-01-at-7.05.47-PM-240x300.jpeg\" alt=\"\" width=\"480\" height=\"600\" \/><\/a><\/p>\n<ul>\n<li><strong>Sobre el docente:<\/strong><br \/>\nH\u00e9ctor Gustavo Fadda.<br \/>\nLic. en Administraci\u00f3n y Magister en Relaciones Internacionales &#8211;<br \/>\nUNCBA. Ex \u2013 Becario de la OEA y del Gobierno de Espa\u00f1a. Docente Universitario de Grado y Posgrado en distintas Universidades Argentinas, desde hace 34 a\u00f1os. Miembro de la Red Soft Landing World.Consultor Independiente. Especialista en Comercio Exterior.Autor de los libros: \u201cOperatoria Aduanera de la A a la Z\u201d, \u201cIntangibles: como exportar servicios y no morir en el intento\u201d.Exfuncionario ARCA &#8211; DGA durante 40 a\u00f1os, ocupando entre otros, el cargo Sub Director Gral. de Operaciones Aduaneras Metropolitanas en<br \/>\nla Direcci\u00f3n General de Aduanas, Director Regional de Hidrov\u00eda, Administrador de las Aduanas de Rosario, C\u00f3rdoba y el de Consejero General.<\/li>\n<\/ul>\n","protected":false},"excerpt":{"rendered":"<p>Los d\u00edas viernes 10 y s\u00e1bado 11 de abril de 2026 se llevar\u00e1 a cabo en nuestra Facultad de Ciencias Econ\u00f3micas de la UNT, el Taller de la Especializaci\u00f3n en Comercio Internacional \u201cOperatoria Aduanera: De la Teor\u00eda a la Pr\u00e1ctica\u201d, a cargo del Mg. Gustavo Fadda. La actividad se realizar\u00e1 con modalidad virtual, en los [&hellip;]<\/p>\n","protected":false},"author":123457,"featured_media":23035,"comment_status":"closed","ping_status":"closed","sticky":false,"template":"","format":"standard","meta":{"_et_pb_use_builder":"","_et_pb_old_content":"","_et_gb_content_width":"","footnotes":""},"categories":[1241,4],"tags":[],"_links":{"self":[{"href":"https:\/\/face.unt.edu.ar\/web\/wp-json\/wp\/v2\/posts\/23034"}],"collection":[{"href":"https:\/\/face.unt.edu.ar\/web\/wp-json\/wp\/v2\/posts"}],"about":[{"href":"https:\/\/face.unt.edu.ar\/web\/wp-json\/wp\/v2\/types\/post"}],"author":[{"embeddable":true,"href":"https:\/\/face.unt.edu.ar\/web\/wp-json\/wp\/v2\/users\/123457"}],"replies":[{"embeddable":true,"href":"https:\/\/face.unt.edu.ar\/web\/wp-json\/wp\/v2\/comments?post=23034"}],"version-history":[{"count":5,"href":"https:\/\/face.unt.edu.ar\/web\/wp-json\/wp\/v2\/posts\/23034\/revisions"}],"predecessor-version":[{"id":23105,"href":"https:\/\/face.unt.edu.ar\/web\/wp-json\/wp\/v2\/posts\/23034\/revisions\/23105"}],"wp:featuredmedia":[{"embeddable":true,"href":"https:\/\/face.unt.edu.ar\/web\/wp-json\/wp\/v2\/media\/23035"}],"wp:attachment":[{"href":"https:\/\/face.unt.edu.ar\/web\/wp-json\/wp\/v2\/media?parent=23034"}],"wp:term":[{"taxonomy":"category","embeddable":true,"href":"https:\/\/face.unt.edu.ar\/web\/wp-json\/wp\/v2\/categories?post=23034"},{"taxonomy":"post_tag","embeddable":true,"href":"https:\/\/face.unt.edu.ar\/web\/wp-json\/wp\/v2\/tags?post=23034"}],"curies":[{"name":"wp","href":"https:\/\/api.w.org\/{rel}","templated":true}]}}