{"id":23059,"date":"2026-04-08T15:27:50","date_gmt":"2026-04-08T15:27:50","guid":{"rendered":"https:\/\/face.unt.edu.ar\/web\/?p=23059"},"modified":"2026-04-08T15:27:50","modified_gmt":"2026-04-08T15:27:50","slug":"decanos-de-las-facultades-de-ciencias-economicas-del-norte-del-pais-se-reunieron-en-nuestra-facultad","status":"publish","type":"post","link":"https:\/\/face.unt.edu.ar\/web\/blog\/decanos-de-las-facultades-de-ciencias-economicas-del-norte-del-pais-se-reunieron-en-nuestra-facultad\/","title":{"rendered":"Decanos de las Facultades de Ciencias Econ\u00f3micas del norte del pa\u00eds se reunieron en nuestra Facultad"},"content":{"rendered":"<p>Nuestra <strong>Facultad de Ciencias Econ\u00f3micas de la UNT<\/strong> fue sede de la primera <strong>reuni\u00f3n <\/strong>ordinaria de<strong> 2026<\/strong> de la <strong>Red de Facultades de Ciencias Econ\u00f3micas del Norte Argentino (REDFACE)<\/strong>, en la que participaron los decanos y representantes de las universidades miembros de la red.<\/p>\n<p>En esta ocasi\u00f3n, se trataron cuestiones relacionados al <strong>Doctorado en Ciencias Econ\u00f3micas<\/strong>; el <strong>Sistema SACAU<\/strong>; el <strong>Programa de Investigaci\u00f3n Regional;<\/strong> el <strong>Congreso Regional de Administraci\u00f3n<\/strong>; la <strong>Revista \u201cREDFACE Habla\u201d<\/strong>; el <strong>Encuentro de Innovaci\u00f3n en la Ense\u00f1anza de las Ciencias Econ\u00f3micas<\/strong> y la <strong>incorporaci\u00f3n de la Universidad Nacional de Chilecito<\/strong> a la REDFACE, entre otros temas.<\/p>\n<p><a href=\"https:\/\/face.unt.edu.ar\/web\/wp-content\/uploads\/2026\/04\/667972837_1570594698404272_4026405191723573505_n.jpg\"><img decoding=\"async\" loading=\"lazy\" class=\"wp-image-23067 aligncenter\" src=\"https:\/\/face.unt.edu.ar\/web\/wp-content\/uploads\/2026\/04\/667972837_1570594698404272_4026405191723573505_n-300x225.jpg\" alt=\"\" width=\"455\" height=\"341\" \/><\/a><\/p>\n<p>De este modo, la red contin\u00faa consolid\u00e1ndose como un espacio estrat\u00e9gico para el fortalecimiento de la ense\u00f1anza, la investigaci\u00f3n y la innovaci\u00f3n, con una mirada regional orientada al desarrollo del NOA.<\/p>\n<p><a href=\"https:\/\/face.unt.edu.ar\/web\/wp-content\/uploads\/2026\/04\/668558434_1570594665070942_2640459827095877098_n.jpg\"><img decoding=\"async\" loading=\"lazy\" class=\"alignnone size-medium wp-image-23066\" src=\"https:\/\/face.unt.edu.ar\/web\/wp-content\/uploads\/2026\/04\/668558434_1570594665070942_2640459827095877098_n-300x225.jpg\" alt=\"\" width=\"300\" height=\"225\" \/><\/a><a href=\"https:\/\/face.unt.edu.ar\/web\/wp-content\/uploads\/2026\/04\/667285421_1570594721737603_8107383994728818702_n.jpg\"><img decoding=\"async\" loading=\"lazy\" class=\"alignnone size-medium wp-image-23065\" src=\"https:\/\/face.unt.edu.ar\/web\/wp-content\/uploads\/2026\/04\/667285421_1570594721737603_8107383994728818702_n-300x225.jpg\" alt=\"\" width=\"300\" height=\"225\" \/><\/a><a href=\"https:\/\/face.unt.edu.ar\/web\/wp-content\/uploads\/2026\/04\/667260501_1570594728404269_7098604687990321416_n.jpg\"><img decoding=\"async\" loading=\"lazy\" class=\"alignnone size-medium wp-image-23064\" src=\"https:\/\/face.unt.edu.ar\/web\/wp-content\/uploads\/2026\/04\/667260501_1570594728404269_7098604687990321416_n-300x225.jpg\" alt=\"\" width=\"300\" height=\"225\" \/><\/a><a href=\"https:\/\/face.unt.edu.ar\/web\/wp-content\/uploads\/2026\/04\/668547062_1570594708404271_3864490116990032018_n.jpg\"><img decoding=\"async\" loading=\"lazy\" class=\"alignnone size-medium wp-image-23061\" src=\"https:\/\/face.unt.edu.ar\/web\/wp-content\/uploads\/2026\/04\/668547062_1570594708404271_3864490116990032018_n-300x225.jpg\" alt=\"\" width=\"300\" height=\"225\" \/><\/a> <a href=\"https:\/\/face.unt.edu.ar\/web\/wp-content\/uploads\/2026\/04\/665956731_1570594675070941_1955752735582759746_n.jpg\"><img decoding=\"async\" loading=\"lazy\" class=\"alignnone size-medium wp-image-23062\" src=\"https:\/\/face.unt.edu.ar\/web\/wp-content\/uploads\/2026\/04\/665956731_1570594675070941_1955752735582759746_n-300x225.jpg\" alt=\"\" width=\"300\" height=\"225\" \/><\/a> <a href=\"https:\/\/face.unt.edu.ar\/web\/wp-content\/uploads\/2026\/04\/667849705_1570594711737604_1307271603473947250_n.jpg\"><img decoding=\"async\" loading=\"lazy\" class=\"alignnone size-medium wp-image-23063\" src=\"https:\/\/face.unt.edu.ar\/web\/wp-content\/uploads\/2026\/04\/667849705_1570594711737604_1307271603473947250_n-300x225.jpg\" alt=\"\" width=\"300\" height=\"225\" \/><\/a><\/p>\n","protected":false},"excerpt":{"rendered":"<p>Nuestra Facultad de Ciencias Econ\u00f3micas de la UNT fue sede de la primera reuni\u00f3n ordinaria de 2026 de la Red de Facultades de Ciencias Econ\u00f3micas del Norte Argentino (REDFACE), en la que participaron los decanos y representantes de las universidades miembros de la red. En esta ocasi\u00f3n, se trataron cuestiones relacionados al Doctorado en Ciencias [&hellip;]<\/p>\n","protected":false},"author":123457,"featured_media":23060,"comment_status":"closed","ping_status":"closed","sticky":false,"template":"","format":"standard","meta":{"_et_pb_use_builder":"","_et_pb_old_content":"","_et_gb_content_width":"","footnotes":""},"categories":[4],"tags":[],"_links":{"self":[{"href":"https:\/\/face.unt.edu.ar\/web\/wp-json\/wp\/v2\/posts\/23059"}],"collection":[{"href":"https:\/\/face.unt.edu.ar\/web\/wp-json\/wp\/v2\/posts"}],"about":[{"href":"https:\/\/face.unt.edu.ar\/web\/wp-json\/wp\/v2\/types\/post"}],"author":[{"embeddable":true,"href":"https:\/\/face.unt.edu.ar\/web\/wp-json\/wp\/v2\/users\/123457"}],"replies":[{"embeddable":true,"href":"https:\/\/face.unt.edu.ar\/web\/wp-json\/wp\/v2\/comments?post=23059"}],"version-history":[{"count":2,"href":"https:\/\/face.unt.edu.ar\/web\/wp-json\/wp\/v2\/posts\/23059\/revisions"}],"predecessor-version":[{"id":23069,"href":"https:\/\/face.unt.edu.ar\/web\/wp-json\/wp\/v2\/posts\/23059\/revisions\/23069"}],"wp:featuredmedia":[{"embeddable":true,"href":"https:\/\/face.unt.edu.ar\/web\/wp-json\/wp\/v2\/media\/23060"}],"wp:attachment":[{"href":"https:\/\/face.unt.edu.ar\/web\/wp-json\/wp\/v2\/media?parent=23059"}],"wp:term":[{"taxonomy":"category","embeddable":true,"href":"https:\/\/face.unt.edu.ar\/web\/wp-json\/wp\/v2\/categories?post=23059"},{"taxonomy":"post_tag","embeddable":true,"href":"https:\/\/face.unt.edu.ar\/web\/wp-json\/wp\/v2\/tags?post=23059"}],"curies":[{"name":"wp","href":"https:\/\/api.w.org\/{rel}","templated":true}]}}