{"id":23216,"date":"2026-04-23T15:54:07","date_gmt":"2026-04-23T15:54:07","guid":{"rendered":"https:\/\/face.unt.edu.ar\/web\/?p=23216"},"modified":"2026-04-23T16:00:23","modified_gmt":"2026-04-23T16:00:23","slug":"una-vida-dedicada-a-ensenar-50-anos-de-docencia-del-cr-jorge-jimenez","status":"publish","type":"post","link":"https:\/\/face.unt.edu.ar\/web\/blog\/una-vida-dedicada-a-ensenar-50-anos-de-docencia-del-cr-jorge-jimenez\/","title":{"rendered":"Una vida dedicada a ense\u00f1ar: 50 a\u00f1os de docencia del Cr. Jorge Jim\u00e9nez"},"content":{"rendered":"<p style=\"font-weight: 400\">Con un emotivo acto, nuestra\u00a0<strong>Facultad de Ciencias Econ\u00f3micas de la UNT<\/strong>\u00a0brind\u00f3 un especial reconocimiento al\u00a0<strong>profesor Cr. Jorge Jim\u00e9nez<\/strong>, por sus\u00a0<strong>50 a\u00f1os de trayectoria en la docencia universitaria\u00a0<\/strong>en esta casa de estudios, una vida dedicada a formar generaciones de profesionales.<\/p>\n<p style=\"font-weight: 400\">La distinci\u00f3n estuvo a cargo del decano,\u00a0<strong>Mg. Jorge Rospide<\/strong>\u00a0y del vicedecano,\u00a0<strong>Esp. Gustavo Sota<\/strong>, quienes hicieron entrega de una placa conmemorativa en reconocimiento a su compromiso, vocaci\u00f3n y aporte permanente a nuestra Facultad y a la educaci\u00f3n p\u00fablica.<\/p>\n<p style=\"font-weight: 400\">La ceremonia tuvo lugar en el marco de la \u00faltima sesi\u00f3n del Honorable Consejo Directivo y cont\u00f3 con la presencia de los consejeros y docentes que acompa\u00f1aron a su colega\u00a0en un momento cargado de gratitud, respeto y reconocimiento.<\/p>\n<p>El Cr. Jorge Jim\u00e9nez se desempe\u00f1\u00f3 en diversos organismos p\u00fablicos y privados, entre ellos, fue Ministro de Econom\u00eda de la provincia de Tucum\u00e1n, presidente del Banco Empresario, directivo del Colegio de Graduados en Ciencia Econ\u00f3micas y presidente del Centro Binacional Argentino-Norteamericano ATICANA. Actualmente es vocal en el Tribunal Fiscal de Apelaciones de la provincia.<\/p>\n<p><a href=\"https:\/\/face.unt.edu.ar\/web\/wp-content\/uploads\/2026\/04\/678584454_1583912257072516_1572917126784598502_n.jpg\"><img decoding=\"async\" loading=\"lazy\" class=\"alignnone size-medium wp-image-23219\" src=\"https:\/\/face.unt.edu.ar\/web\/wp-content\/uploads\/2026\/04\/678584454_1583912257072516_1572917126784598502_n-300x225.jpg\" alt=\"\" width=\"300\" height=\"225\" \/><\/a><a href=\"https:\/\/face.unt.edu.ar\/web\/wp-content\/uploads\/2026\/04\/675515803_1583912150405860_5379829264907460513_n.jpg\"><img decoding=\"async\" loading=\"lazy\" class=\"alignnone size-medium wp-image-23218\" src=\"https:\/\/face.unt.edu.ar\/web\/wp-content\/uploads\/2026\/04\/675515803_1583912150405860_5379829264907460513_n-300x225.jpg\" alt=\"\" width=\"300\" height=\"225\" \/><\/a> <a href=\"https:\/\/face.unt.edu.ar\/web\/wp-content\/uploads\/2026\/04\/678910710_1583912133739195_8226331795954316140_n.jpg\"><img decoding=\"async\" loading=\"lazy\" class=\"alignnone size-medium wp-image-23220\" src=\"https:\/\/face.unt.edu.ar\/web\/wp-content\/uploads\/2026\/04\/678910710_1583912133739195_8226331795954316140_n-300x225.jpg\" alt=\"\" width=\"300\" height=\"225\" \/><\/a><\/p>\n","protected":false},"excerpt":{"rendered":"<p>Con un emotivo acto, nuestra\u00a0Facultad de Ciencias Econ\u00f3micas de la UNT\u00a0brind\u00f3 un especial reconocimiento al\u00a0profesor Cr. Jorge Jim\u00e9nez, por sus\u00a050 a\u00f1os de trayectoria en la docencia universitaria\u00a0en esta casa de estudios, una vida dedicada a formar generaciones de profesionales. La distinci\u00f3n estuvo a cargo del decano,\u00a0Mg. Jorge Rospide\u00a0y del vicedecano,\u00a0Esp. Gustavo Sota, quienes hicieron entrega [&hellip;]<\/p>\n","protected":false},"author":2,"featured_media":23217,"comment_status":"closed","ping_status":"closed","sticky":false,"template":"","format":"standard","meta":{"_et_pb_use_builder":"","_et_pb_old_content":"","_et_gb_content_width":"","footnotes":""},"categories":[4],"tags":[],"_links":{"self":[{"href":"https:\/\/face.unt.edu.ar\/web\/wp-json\/wp\/v2\/posts\/23216"}],"collection":[{"href":"https:\/\/face.unt.edu.ar\/web\/wp-json\/wp\/v2\/posts"}],"about":[{"href":"https:\/\/face.unt.edu.ar\/web\/wp-json\/wp\/v2\/types\/post"}],"author":[{"embeddable":true,"href":"https:\/\/face.unt.edu.ar\/web\/wp-json\/wp\/v2\/users\/2"}],"replies":[{"embeddable":true,"href":"https:\/\/face.unt.edu.ar\/web\/wp-json\/wp\/v2\/comments?post=23216"}],"version-history":[{"count":3,"href":"https:\/\/face.unt.edu.ar\/web\/wp-json\/wp\/v2\/posts\/23216\/revisions"}],"predecessor-version":[{"id":23223,"href":"https:\/\/face.unt.edu.ar\/web\/wp-json\/wp\/v2\/posts\/23216\/revisions\/23223"}],"wp:featuredmedia":[{"embeddable":true,"href":"https:\/\/face.unt.edu.ar\/web\/wp-json\/wp\/v2\/media\/23217"}],"wp:attachment":[{"href":"https:\/\/face.unt.edu.ar\/web\/wp-json\/wp\/v2\/media?parent=23216"}],"wp:term":[{"taxonomy":"category","embeddable":true,"href":"https:\/\/face.unt.edu.ar\/web\/wp-json\/wp\/v2\/categories?post=23216"},{"taxonomy":"post_tag","embeddable":true,"href":"https:\/\/face.unt.edu.ar\/web\/wp-json\/wp\/v2\/tags?post=23216"}],"curies":[{"name":"wp","href":"https:\/\/api.w.org\/{rel}","templated":true}]}}