{"id":23254,"date":"2026-04-28T13:06:40","date_gmt":"2026-04-28T13:06:40","guid":{"rendered":"https:\/\/face.unt.edu.ar\/web\/?p=23254"},"modified":"2026-04-28T13:06:40","modified_gmt":"2026-04-28T13:06:40","slug":"conversatorio-de-posgrado-fortaleciendo-la-formacion-academica-en-administracion-publica","status":"publish","type":"post","link":"https:\/\/face.unt.edu.ar\/web\/blog\/conversatorio-de-posgrado-fortaleciendo-la-formacion-academica-en-administracion-publica\/","title":{"rendered":"Conversatorio de posgrado: fortaleciendo la formaci\u00f3n acad\u00e9mica en administraci\u00f3n p\u00fablica"},"content":{"rendered":"<p>El <strong>viernes 24 de abril<\/strong> se llev\u00f3 a cabo en nuestra <strong>Facultad de Ciencias Econ\u00f3micas de la UNT<\/strong>, el <strong>segundo conversatorio<\/strong> de posgrado <strong>\u201c90 conceptos fundamentales para entender la Administraci\u00f3n P\u00fablica\u201d,<\/strong> un espacio acad\u00e9mico de <strong>reflexi\u00f3n y actualizaci\u00f3n<\/strong> en torno a los principales ejes de la disciplina desde una perspectiva contempor\u00e1nea.<\/p>\n<p>La actividad cont\u00f3 con la destacada participaci\u00f3n del autor del libro, el <strong>Ph. D. Alejandro Est\u00e9vez<\/strong>, quien fue recibido por el <strong>decano Mg. Jorge Rospide<\/strong> y autoridades de nuestra casa de estudios, en el marco de una agenda orientada a <strong>fortalecer los v\u00ednculos institucionales y promover instancias de formaci\u00f3n continua.<\/strong><\/p>\n<p style=\"text-align: center\"><strong><a href=\"https:\/\/face.unt.edu.ar\/web\/wp-content\/uploads\/2026\/04\/portada-2.jpg\"><img decoding=\"async\" loading=\"lazy\" class=\"alignnone  wp-image-23257\" src=\"https:\/\/face.unt.edu.ar\/web\/wp-content\/uploads\/2026\/04\/portada-2-300x169.jpg\" alt=\"\" width=\"446\" height=\"251\" \/><\/a><\/p>\n<p><\/strong><br \/>\nDurante la exposici\u00f3n, se abordaron conceptos fundamentales para el estudio de la<strong> administraci\u00f3n p\u00fablica,<\/strong> a partir de una propuesta que ofrece una base te\u00f3rica s\u00f3lida para comprender sus principales dimensiones, problem\u00e1ticas y debates actuales.<\/p>\n<p>Al finalizar la charla, se gener\u00f3 un espacio de intercambio con los asistentes, donde <strong>estudiantes de grado y posgrado<\/strong> pudieron formular preguntas y dialogar con el expositor, propiciando una instancia participativa que consolid\u00f3 los aprendizajes y fortaleci\u00f3 la experiencia acad\u00e9mica del encuentro.<\/p>\n<p style=\"text-align: center\"><a href=\"https:\/\/face.unt.edu.ar\/web\/wp-content\/uploads\/2026\/04\/portada-3.jpg\"><img decoding=\"async\" loading=\"lazy\" class=\"alignnone  wp-image-23258\" src=\"https:\/\/face.unt.edu.ar\/web\/wp-content\/uploads\/2026\/04\/portada-3-300x169.jpg\" alt=\"\" width=\"446\" height=\"251\" \/><\/a><\/p>\n<p><a href=\"https:\/\/face.unt.edu.ar\/web\/wp-content\/uploads\/2026\/04\/portada-6.jpg\"><img decoding=\"async\" loading=\"lazy\" class=\"alignnone size-medium wp-image-23259\" src=\"https:\/\/face.unt.edu.ar\/web\/wp-content\/uploads\/2026\/04\/portada-6-300x169.jpg\" alt=\"\" width=\"300\" height=\"169\" \/><\/a> <a href=\"https:\/\/face.unt.edu.ar\/web\/wp-content\/uploads\/2026\/04\/portada-5.jpg\"><img decoding=\"async\" loading=\"lazy\" class=\"alignnone size-medium wp-image-23260\" src=\"https:\/\/face.unt.edu.ar\/web\/wp-content\/uploads\/2026\/04\/portada-5-300x169.jpg\" alt=\"\" width=\"300\" height=\"169\" \/><\/a> <a href=\"https:\/\/face.unt.edu.ar\/web\/wp-content\/uploads\/2026\/04\/portada-4.jpg\"><img decoding=\"async\" loading=\"lazy\" class=\"size-medium wp-image-23261 aligncenter\" src=\"https:\/\/face.unt.edu.ar\/web\/wp-content\/uploads\/2026\/04\/portada-4-300x169.jpg\" alt=\"\" width=\"300\" height=\"169\" \/><\/a><\/p>\n","protected":false},"excerpt":{"rendered":"<p>El viernes 24 de abril se llev\u00f3 a cabo en nuestra Facultad de Ciencias Econ\u00f3micas de la UNT, el segundo conversatorio de posgrado \u201c90 conceptos fundamentales para entender la Administraci\u00f3n P\u00fablica\u201d, un espacio acad\u00e9mico de reflexi\u00f3n y actualizaci\u00f3n en torno a los principales ejes de la disciplina desde una perspectiva contempor\u00e1nea. La actividad cont\u00f3 con [&hellip;]<\/p>\n","protected":false},"author":123457,"featured_media":23255,"comment_status":"closed","ping_status":"closed","sticky":false,"template":"","format":"standard","meta":{"_et_pb_use_builder":"","_et_pb_old_content":"","_et_gb_content_width":"","footnotes":""},"categories":[4],"tags":[],"_links":{"self":[{"href":"https:\/\/face.unt.edu.ar\/web\/wp-json\/wp\/v2\/posts\/23254"}],"collection":[{"href":"https:\/\/face.unt.edu.ar\/web\/wp-json\/wp\/v2\/posts"}],"about":[{"href":"https:\/\/face.unt.edu.ar\/web\/wp-json\/wp\/v2\/types\/post"}],"author":[{"embeddable":true,"href":"https:\/\/face.unt.edu.ar\/web\/wp-json\/wp\/v2\/users\/123457"}],"replies":[{"embeddable":true,"href":"https:\/\/face.unt.edu.ar\/web\/wp-json\/wp\/v2\/comments?post=23254"}],"version-history":[{"count":3,"href":"https:\/\/face.unt.edu.ar\/web\/wp-json\/wp\/v2\/posts\/23254\/revisions"}],"predecessor-version":[{"id":23263,"href":"https:\/\/face.unt.edu.ar\/web\/wp-json\/wp\/v2\/posts\/23254\/revisions\/23263"}],"wp:featuredmedia":[{"embeddable":true,"href":"https:\/\/face.unt.edu.ar\/web\/wp-json\/wp\/v2\/media\/23255"}],"wp:attachment":[{"href":"https:\/\/face.unt.edu.ar\/web\/wp-json\/wp\/v2\/media?parent=23254"}],"wp:term":[{"taxonomy":"category","embeddable":true,"href":"https:\/\/face.unt.edu.ar\/web\/wp-json\/wp\/v2\/categories?post=23254"},{"taxonomy":"post_tag","embeddable":true,"href":"https:\/\/face.unt.edu.ar\/web\/wp-json\/wp\/v2\/tags?post=23254"}],"curies":[{"name":"wp","href":"https:\/\/api.w.org\/{rel}","templated":true}]}}