{"id":2759,"date":"2015-11-06T13:41:04","date_gmt":"2015-11-06T13:41:04","guid":{"rendered":"http:\/\/face.unt.edu.ar\/web\/?p=2759"},"modified":"2015-11-06T13:41:04","modified_gmt":"2015-11-06T13:41:04","slug":"jornada-tributaria-a-cargo-de-los-doctores-leandro-stok-y-emilio-cornejo-costa","status":"publish","type":"post","link":"https:\/\/face.unt.edu.ar\/web\/blog\/jornada-tributaria-a-cargo-de-los-doctores-leandro-stok-y-emilio-cornejo-costa\/","title":{"rendered":"Jornada Tributaria a cargo de los Doctores Leandro Stok y Emilio Cornejo Costa"},"content":{"rendered":"<p style=\"text-align: justify\">El pr\u00f3ximo<strong> viernes 13 de noviembre<\/strong>, los Doctores <strong>Leandro Stok<\/strong> y <strong>Emilio Cornejo Costa<\/strong> dictar\u00e1n una capacitaci\u00f3n en la que se abordar\u00e1n temas como <strong>\u201cEl impacto tributario de la Reforma Introducida en el Nuevo C\u00f3digo Civil y Comercial Com\u00fan\u201d<\/strong> y <strong>\u201cLey Penal Tributaria: Condiciones de Imputabilidad, Fuga del Proceso y Concepto de Espontaneidad\u201d<\/strong><br \/>\nLa <strong>Jornada Tributaria<\/strong> se desarrollar\u00e1 en el horario de <strong>9 a 13 y de 15 a 19<\/strong>, en Colegio de Graduados en Ciencias Econ\u00f3micas, 24 de Septiembre 776<br \/>\nEl costo para alumnos del Posgrado y socios del Colegio de Graduados ser\u00e1 de $200; ex alumnos del posgrado abonar\u00e1n $250, mientras el costo para el p\u00fablico en general ser\u00e1 de $300.<br \/>\nPor informes e inscripciones dirigirse a la oficina 90 de la Facultad de Ciencias Econ\u00f3micas de la UNT- Av. Independencia 1900. Tambi\u00e9n pueden comunicarse a los tel\u00e9fonos (0381)4107547 \/ (0381)154881733 \u00f3 enviar un email a <a href=\"http:\/\/postributacion@gmail.com.\">postributacion@gmail.com.<\/a><br \/>\nCabe destacar que la Jornada \u201cProcedimiento Tributario y Seguridad Social\u201d es organizada por la oficina del Posgrado \u201cEspecializaci\u00f3n en Tributaci\u00f3n\u201d de nuestra Facultad.<\/p>\n<p style=\"text-align: justify\">\n","protected":false},"excerpt":{"rendered":"<p>El pr\u00f3ximo viernes 13 de noviembre, los Doctores Leandro Stok y Emilio Cornejo Costa dictar\u00e1n una capacitaci\u00f3n en la que se abordar\u00e1n temas como \u201cEl impacto tributario de la Reforma Introducida en el Nuevo C\u00f3digo Civil y Comercial Com\u00fan\u201d y \u201cLey Penal Tributaria: Condiciones de Imputabilidad, Fuga del Proceso y Concepto de Espontaneidad\u201d La Jornada [&hellip;]<\/p>\n","protected":false},"author":3,"featured_media":2760,"comment_status":"open","ping_status":"open","sticky":false,"template":"","format":"standard","meta":{"_et_pb_use_builder":"","_et_pb_old_content":"","_et_gb_content_width":"","footnotes":""},"categories":[4,5],"tags":[],"_links":{"self":[{"href":"https:\/\/face.unt.edu.ar\/web\/wp-json\/wp\/v2\/posts\/2759"}],"collection":[{"href":"https:\/\/face.unt.edu.ar\/web\/wp-json\/wp\/v2\/posts"}],"about":[{"href":"https:\/\/face.unt.edu.ar\/web\/wp-json\/wp\/v2\/types\/post"}],"author":[{"embeddable":true,"href":"https:\/\/face.unt.edu.ar\/web\/wp-json\/wp\/v2\/users\/3"}],"replies":[{"embeddable":true,"href":"https:\/\/face.unt.edu.ar\/web\/wp-json\/wp\/v2\/comments?post=2759"}],"version-history":[{"count":2,"href":"https:\/\/face.unt.edu.ar\/web\/wp-json\/wp\/v2\/posts\/2759\/revisions"}],"predecessor-version":[{"id":2762,"href":"https:\/\/face.unt.edu.ar\/web\/wp-json\/wp\/v2\/posts\/2759\/revisions\/2762"}],"wp:featuredmedia":[{"embeddable":true,"href":"https:\/\/face.unt.edu.ar\/web\/wp-json\/wp\/v2\/media\/2760"}],"wp:attachment":[{"href":"https:\/\/face.unt.edu.ar\/web\/wp-json\/wp\/v2\/media?parent=2759"}],"wp:term":[{"taxonomy":"category","embeddable":true,"href":"https:\/\/face.unt.edu.ar\/web\/wp-json\/wp\/v2\/categories?post=2759"},{"taxonomy":"post_tag","embeddable":true,"href":"https:\/\/face.unt.edu.ar\/web\/wp-json\/wp\/v2\/tags?post=2759"}],"curies":[{"name":"wp","href":"https:\/\/api.w.org\/{rel}","templated":true}]}}