{"id":3035,"date":"2016-02-05T20:45:47","date_gmt":"2016-02-05T20:45:47","guid":{"rendered":"http:\/\/face.unt.edu.ar\/web\/?p=3035"},"modified":"2016-02-05T20:47:12","modified_gmt":"2016-02-05T20:47:12","slug":"primeras-jornadas-de-investigacion-del-bicentenario-prorroga-para-la-presentacion-de-trabajos","status":"publish","type":"post","link":"https:\/\/face.unt.edu.ar\/web\/blog\/primeras-jornadas-de-investigacion-del-bicentenario-prorroga-para-la-presentacion-de-trabajos\/","title":{"rendered":"Primeras Jornadas de Investigaci\u00f3n del Bicentenario y  3as. Jornadas de Innovaci\u00f3n en la Ense\u00f1anza: Pr\u00f3rroga para la presentaci\u00f3n de trabajos"},"content":{"rendered":"<p>Tendr\u00e1n lugar el 9 y 10 de Marzo en las Instalaciones de la Facultad de Ciencias Econ\u00f3micas de la Universidad Nacional de Tucum\u00e1n (Av. Independencia 1.900) y el plazo de presentaci\u00f3n de los trabajos ser\u00e1 hasta el 26 de Febrero, acept\u00e1ndose trabajos que no hayan enviado el Resumen respectivo.<\/p>\n<p><!--more-->Una serie de actividades referidas al Bicentenario de la Independencia Argentina se planificaron desde la Facultad de Ciencias Econ\u00f3micas de la UNT, conjuntamente con la Secretar\u00eda de Posgrado de nuestra Facultad.<\/p>\n<p>Se trata de las <strong>Primeras Jornadas de Investigaci\u00f3n del Bicentenario<\/strong>, que se desarrollar\u00e1n los d\u00edas <strong>9 y 10 de Marzo<\/strong> en nuestras instalaciones<br \/>\nAsimismo, durante esos dos d\u00edas tambi\u00e9n tendr\u00e1n lugar, en esta Unidad Acad\u00e9mica, las <strong>3as. Jornadas de Innovaci\u00f3n en la Ense\u00f1anza<\/strong>.<\/p>\n<p>Administraci\u00f3n; Contabilidad y Auditor\u00eda; Derecho; Econom\u00eda; Estad\u00edstica; Impuestos; Educaci\u00f3n e Innovaci\u00f3n en la Educaci\u00f3n; Matem\u00e1tica e Historia Econ\u00f3mica son las \u00e1reas que se abordar\u00e1n y en la cual cada docente e investigadores podr\u00e1n presentar sus trabajos; el plazo de presentaci\u00f3n de los mismos ser\u00e1 hasta el 26 de Febrero, acept\u00e1ndose trabajos que no hayan enviado el Resumen respectivo.<br \/>\nPor mayores informes pueden escribir a <span style=\"color: #0000ff\">faceposgrado@herrera.unt.edu.ar<\/span><\/p>\n","protected":false},"excerpt":{"rendered":"<p>Tendr\u00e1n lugar el 9 y 10 de Marzo en las Instalaciones de la Facultad de Ciencias Econ\u00f3micas de la Universidad Nacional de Tucum\u00e1n (Av. Independencia 1.900) y el plazo de presentaci\u00f3n de los trabajos ser\u00e1 hasta el 26 de Febrero, acept\u00e1ndose trabajos que no hayan enviado el Resumen respectivo.<\/p>\n","protected":false},"author":3,"featured_media":3036,"comment_status":"open","ping_status":"open","sticky":false,"template":"","format":"standard","meta":{"_et_pb_use_builder":"","_et_pb_old_content":"","_et_gb_content_width":"","footnotes":""},"categories":[4,5],"tags":[],"_links":{"self":[{"href":"https:\/\/face.unt.edu.ar\/web\/wp-json\/wp\/v2\/posts\/3035"}],"collection":[{"href":"https:\/\/face.unt.edu.ar\/web\/wp-json\/wp\/v2\/posts"}],"about":[{"href":"https:\/\/face.unt.edu.ar\/web\/wp-json\/wp\/v2\/types\/post"}],"author":[{"embeddable":true,"href":"https:\/\/face.unt.edu.ar\/web\/wp-json\/wp\/v2\/users\/3"}],"replies":[{"embeddable":true,"href":"https:\/\/face.unt.edu.ar\/web\/wp-json\/wp\/v2\/comments?post=3035"}],"version-history":[{"count":4,"href":"https:\/\/face.unt.edu.ar\/web\/wp-json\/wp\/v2\/posts\/3035\/revisions"}],"predecessor-version":[{"id":3040,"href":"https:\/\/face.unt.edu.ar\/web\/wp-json\/wp\/v2\/posts\/3035\/revisions\/3040"}],"wp:featuredmedia":[{"embeddable":true,"href":"https:\/\/face.unt.edu.ar\/web\/wp-json\/wp\/v2\/media\/3036"}],"wp:attachment":[{"href":"https:\/\/face.unt.edu.ar\/web\/wp-json\/wp\/v2\/media?parent=3035"}],"wp:term":[{"taxonomy":"category","embeddable":true,"href":"https:\/\/face.unt.edu.ar\/web\/wp-json\/wp\/v2\/categories?post=3035"},{"taxonomy":"post_tag","embeddable":true,"href":"https:\/\/face.unt.edu.ar\/web\/wp-json\/wp\/v2\/tags?post=3035"}],"curies":[{"name":"wp","href":"https:\/\/api.w.org\/{rel}","templated":true}]}}